{"id":120831,"date":"2025-01-13T09:30:44","date_gmt":"2025-01-13T06:30:44","guid":{"rendered":"https:\/\/www.tgrthaber.com\/mavikadin\/?p=120831"},"modified":"2025-01-13T09:33:08","modified_gmt":"2025-01-13T06:33:08","slug":"beyaz-show-basliyor-ilk-konuklari-kim-olacak","status":"publish","type":"post","link":"https:\/\/www.tgrthaber.com\/mavikadin\/beyaz-show-basliyor-ilk-konuklari-kim-olacak\/","title":{"rendered":"Beyaz Show ba\u015fl\u0131yor! \u0130lk konuklar\u0131 kim olacak?"},"content":{"rendered":"<p>Beyaz Show ba\u015fl\u0131yor. Hayranlar\u0131na m\u00fcjdeli haberi duyuran sunucu Beyaz\u0131t \u00d6zt\u00fcrk Ni\u015fanta\u015f\u0131\u2019nda g\u00f6r\u00fcnt\u00fclendi. Program hakk\u0131nda a\u00e7\u0131klamada bulunan \u00d6zt\u00fcrk ne\u015feli haliyle dikkat \u00e7ekti.<\/p>\n<h3>BEYAZ SHOW BA\u015eLIYOR!<\/h3>\n<p>Beyaz\u0131t \u00d6zt\u00fcrk\u2019\u00fcn sundu\u011fu \u2018Beyaz Show\u2019 adl\u0131 talk-show program\u0131 6 Aral\u0131k 1996\u2019da Kanal D\u2019de ilk b\u00f6l\u00fcm\u00fcyle yay\u0131na ba\u015flam\u0131\u015ft\u0131. Tam 22 sezon boyunca devam eden Beyaz Show 4 May\u0131s 2018 Cuma gecesi sezon finali yapt\u0131ktan sonra bir daha ekranlara gelmemi\u015fti.<\/p>\n<p><img loading=\"lazy\" decoding=\"async\" class=\"alignnone wp-image-120833\" src=\"https:\/\/www.tgrthaber.com\/mavikadin\/wp-content\/uploads\/Beyaz-Show-2.jpg\" alt=\"\" width=\"1208\" height=\"680\" title=\"\" srcset=\"https:\/\/www.tgrthaber.com\/mavikadin\/wp-content\/uploads\/Beyaz-Show-2.jpg 1920w, https:\/\/www.tgrthaber.com\/mavikadin\/wp-content\/uploads\/Beyaz-Show-2-300x169.jpg 300w, https:\/\/www.tgrthaber.com\/mavikadin\/wp-content\/uploads\/Beyaz-Show-2-1024x576.jpg 1024w, https:\/\/www.tgrthaber.com\/mavikadin\/wp-content\/uploads\/Beyaz-Show-2-768x432.jpg 768w, https:\/\/www.tgrthaber.com\/mavikadin\/wp-content\/uploads\/Beyaz-Show-2-1536x864.jpg 1536w\" sizes=\"(max-width: 1208px) 100vw, 1208px\" \/><\/p>\n<hr \/>\n<h3>BEYAZ SHOW \u0130LK KONUKLARI K\u0130M OLACAK?<\/h3>\n<p>Ni\u015fanta\u015f\u0131\u2019nda g\u00f6r\u00fcnt\u00fclenen Beyaz\u0131t \u00d6zt\u00fcrk, Beyaz Show\u2019un ilk konuklar\u0131n\u0131n kim olaca\u011f\u0131n\u0131 a\u00e7\u0131klamad\u0131. 2018 y\u0131l\u0131nda sezon finalinden sonra bir daha yay\u0131nlanmayan Beyaz Show\u2019un hayran kitlesi merakla program\u0131n ba\u015flamas\u0131n\u0131 bekliyor.<\/p>\n<h3>BEYAZ SHOW HANG\u0130 KANALDA YAYINLANACAK?<\/h3>\n<p>Beyaz Show i\u00e7in \u00e7al\u0131\u015fmalar\u0131n devam etti\u011fini ifade eden Beyaz\u0131t \u00d6zt\u00fcrk\u2019\u00fcn TV8\u2019de program yapaca\u011f\u0131 ve ilk konu\u011funun da Acun Il\u0131cal\u0131 olaca\u011f\u0131 tahmin ediliyor.<\/p>\n<p><img loading=\"lazy\" decoding=\"async\" class=\"alignnone wp-image-120834\" src=\"https:\/\/www.tgrthaber.com\/mavikadin\/wp-content\/uploads\/Beyaz-Show-3.jpg\" alt=\"\" width=\"1208\" height=\"680\" title=\"\" srcset=\"https:\/\/www.tgrthaber.com\/mavikadin\/wp-content\/uploads\/Beyaz-Show-3.jpg 1920w, https:\/\/www.tgrthaber.com\/mavikadin\/wp-content\/uploads\/Beyaz-Show-3-300x169.jpg 300w, https:\/\/www.tgrthaber.com\/mavikadin\/wp-content\/uploads\/Beyaz-Show-3-1024x576.jpg 1024w, https:\/\/www.tgrthaber.com\/mavikadin\/wp-content\/uploads\/Beyaz-Show-3-768x432.jpg 768w, https:\/\/www.tgrthaber.com\/mavikadin\/wp-content\/uploads\/Beyaz-Show-3-1536x864.jpg 1536w\" sizes=\"(max-width: 1208px) 100vw, 1208px\" \/><\/p>\n<hr \/>\n<h3>2018&#8217;DE SON B\u00d6L\u00dcM\u00dc YAYINLANDI<\/h3>\n<p>Toplamda 22 sezon s\u00fcren Beyaz Show 4 May\u0131s 2018 Cuma gecesi sezon finali yapt\u0131ktan sonra bir daha yay\u0131nlanmam\u0131\u015ft\u0131. Beyaz\u0131t \u00d6zt\u00fcrk, program\u0131n yeni b\u00f6l\u00fcmlerinin Eyl\u00fcl ay\u0131nda ba\u015flayaca\u011f\u0131n\u0131 duyurdu.<\/p>\n<p><img loading=\"lazy\" decoding=\"async\" class=\"alignnone wp-image-120835\" src=\"https:\/\/www.tgrthaber.com\/mavikadin\/wp-content\/uploads\/5e38179b5542851b80191d7d.webp\" alt=\"\" width=\"1208\" height=\"663\" title=\"\" srcset=\"https:\/\/www.tgrthaber.com\/mavikadin\/wp-content\/uploads\/5e38179b5542851b80191d7d.webp 869w, https:\/\/www.tgrthaber.com\/mavikadin\/wp-content\/uploads\/5e38179b5542851b80191d7d-300x165.webp 300w, https:\/\/www.tgrthaber.com\/mavikadin\/wp-content\/uploads\/5e38179b5542851b80191d7d-768x422.webp 768w\" sizes=\"(max-width: 1208px) 100vw, 1208px\" \/><\/p>\n<hr \/>\n<h3>BEYAZIT \u00d6ZT\u00dcRK B\u0130YOGRAF\u0130S\u0130<\/h3>\n<p>Bolu\u2019da 12.03.1969 tarihinde d\u00fcnyaya gelen Beyaz\u0131t \u00d6zt\u00fcrk, Anadolu \u00dcniversitesi G\u00fczel Sanatlar Fak\u00fcltesi Seramik B\u00f6l\u00fcm\u00fc\u2019nden mezun oldu.<\/p>\n<p>Okurken radyo programlar\u0131 haz\u0131rlayan Beyaz\u0131t \u00d6zt\u00fcrk &#8220;Beyaz&#8221; ismini ilk olarak arkada\u015flar\u0131yla beraber &#8220;G\u0131na&#8221; isimli siyasi i\u00e7erikli bir mizah dergisi \u00e7\u0131kar\u0131rlarken kulland\u0131.<br \/>\nEski\u015fehir&#8217;de 7-8 ayl\u0131k d\u00f6nem i\u00e7inde iki heykel, iki seramik, bir karikat\u00fcr sergisi a\u00e7t\u0131.<\/p>\n<p>Radyoculu\u011fa Eski\u015fehir&#8217;de ba\u015flayan Beyaz\u0131t \u00d6zt\u00fcrk, \u0130stanbul&#8217;da Klas Fm&#8217;den gelen teklif \u00fczerine, radyoculu\u011fa profesyonel olarak girdi.<\/p>\n<p>Kanal 6&#8217;da ve Number One TV&#8217;de \u00e7e\u015fitli televizyon programlar\u0131, Kanal D ve Star televizyonlar\u0131nda Beyaz Show, TRT&#8217;de 5+1 \u015eans Topu sunuculu\u011fu, Kanal D&#8217;de Aileler Yar\u0131\u015f\u0131yor yar\u0131\u015fmas\u0131 sunuculu\u011fu, Best FM ve Radyo D&#8217;de radyo programlar\u0131 yapt\u0131.<\/p>\n<p><img loading=\"lazy\" decoding=\"async\" class=\"alignnone wp-image-120836\" src=\"https:\/\/www.tgrthaber.com\/mavikadin\/wp-content\/uploads\/beyazit-ozturkten-beyaz-show-hayranlarini-sevindiren-aciklama.webp\" alt=\"\" width=\"1208\" height=\"680\" title=\"\" srcset=\"https:\/\/www.tgrthaber.com\/mavikadin\/wp-content\/uploads\/beyazit-ozturkten-beyaz-show-hayranlarini-sevindiren-aciklama.webp 1280w, https:\/\/www.tgrthaber.com\/mavikadin\/wp-content\/uploads\/beyazit-ozturkten-beyaz-show-hayranlarini-sevindiren-aciklama-300x169.webp 300w, https:\/\/www.tgrthaber.com\/mavikadin\/wp-content\/uploads\/beyazit-ozturkten-beyaz-show-hayranlarini-sevindiren-aciklama-1024x576.webp 1024w, https:\/\/www.tgrthaber.com\/mavikadin\/wp-content\/uploads\/beyazit-ozturkten-beyaz-show-hayranlarini-sevindiren-aciklama-768x432.webp 768w\" sizes=\"(max-width: 1208px) 100vw, 1208px\" \/><\/p>\n<hr \/>\n<p>&#8220;Dans\u00f6z&#8221; filmi d\u0131\u015f\u0131nda &#8220;Nihavent Mucize&#8221; adl\u0131 sinema filminde, &#8220;Biz Size A\u015f\u0131k Olduk&#8221; ve &#8220;Kar\u0131m ve Annem&#8221; adl\u0131 televizyon dizilerinde rol ald\u0131.<\/p>\n<p><strong>Filmleri<\/strong><\/p>\n<p>Nihavend, Mucize, 1997<\/p>\n<p>Dans\u00f6z, 2000<\/p>\n<p>S\u0131r \u00c7ocuklar\u0131, 2002<\/p>\n<p>Biz Size A\u015f\u0131k Olduk, 2002<\/p>\n<p>Kar\u0131m ve Annem, 2004<\/p>\n<p>O \u015eimdi Mahkum, 2005<\/p>\n<p>Karag\u00f6z ile Hacivat Neden \u00d6ld\u00fc?, 2005.<\/p>\n","protected":false},"excerpt":{"rendered":"<p>Y\u0131llarca ekranlar\u0131n vazge\u00e7ilmez program\u0131 olan Beyaz Show ba\u015fl\u0131yor. Yeniden ekranlara gelmeye haz\u0131rlanan Beyaz Show program\u0131n\u0131n ilk konuklar\u0131 kim olacak merak konusu oldu.<\/p>\n","protected":false},"author":5,"featured_media":120838,"comment_status":"closed","ping_status":"closed","sticky":false,"template":"","format":"standard","meta":{"rank_math_lock_modified_date":false,"footnotes":""},"categories":[76],"tags":[2379,2377],"class_list":["post-120831","post","type-post","status-publish","format-standard","has-post-thumbnail","hentry","category-magazin","tag-beyaz-show","tag-beyazit-ozturk"],"_links":{"self":[{"href":"https:\/\/www.tgrthaber.com\/mavikadin\/wp-json\/wp\/v2\/posts\/120831"}],"collection":[{"href":"https:\/\/www.tgrthaber.com\/mavikadin\/wp-json\/wp\/v2\/posts"}],"about":[{"href":"https:\/\/www.tgrthaber.com\/mavikadin\/wp-json\/wp\/v2\/types\/post"}],"author":[{"embeddable":true,"href":"https:\/\/www.tgrthaber.com\/mavikadin\/wp-json\/wp\/v2\/users\/5"}],"replies":[{"embeddable":true,"href":"https:\/\/www.tgrthaber.com\/mavikadin\/wp-json\/wp\/v2\/comments?post=120831"}],"version-history":[{"count":1,"href":"https:\/\/www.tgrthaber.com\/mavikadin\/wp-json\/wp\/v2\/posts\/120831\/revisions"}],"predecessor-version":[{"id":120839,"href":"https:\/\/www.tgrthaber.com\/mavikadin\/wp-json\/wp\/v2\/posts\/120831\/revisions\/120839"}],"wp:featuredmedia":[{"embeddable":true,"href":"https:\/\/www.tgrthaber.com\/mavikadin\/wp-json\/wp\/v2\/media\/120838"}],"wp:attachment":[{"href":"https:\/\/www.tgrthaber.com\/mavikadin\/wp-json\/wp\/v2\/media?parent=120831"}],"wp:term":[{"taxonomy":"category","embeddable":true,"href":"https:\/\/www.tgrthaber.com\/mavikadin\/wp-json\/wp\/v2\/categories?post=120831"},{"taxonomy":"post_tag","embeddable":true,"href":"https:\/\/www.tgrthaber.com\/mavikadin\/wp-json\/wp\/v2\/tags?post=120831"}],"curies":[{"name":"wp","href":"https:\/\/api.w.org\/{rel}","templated":true}]}}