{"id":120841,"date":"2025-01-13T10:44:22","date_gmt":"2025-01-13T07:44:22","guid":{"rendered":"https:\/\/www.tgrthaber.com\/mavikadin\/?p=120841"},"modified":"2025-01-13T10:48:13","modified_gmt":"2025-01-13T07:48:13","slug":"isin-karaca-tekellesme-isyaniyla-gundem-oldu-oyunculuk-sektorunden-sonra-sarkicilarda-harekete-gecti","status":"publish","type":"post","link":"https:\/\/www.tgrthaber.com\/mavikadin\/isin-karaca-tekellesme-isyaniyla-gundem-oldu-oyunculuk-sektorunden-sonra-sarkicilarda-harekete-gecti\/","title":{"rendered":"I\u015f\u0131n Karaca tekelle\u015fme isyan\u0131yla g\u00fcndem oldu! Oyunculuk sekt\u00f6r\u00fcnden sonra \u015fark\u0131c\u0131lar da harekete ge\u00e7ti!"},"content":{"rendered":"<p>Sevilen \u015fark\u0131c\u0131 I\u015f\u0131n Karaca tekelle\u015fme isyan\u0131 ile dikkat \u00e7ekti. Oyunculuk sekt\u00f6r\u00fcnde baz\u0131 \u00fcnl\u00fclerin sert \u00e7\u0131k\u0131\u015flar\u0131ndan sonra I\u015f\u0131n Karaca\u2019da kendi sekt\u00f6r\u00fc hakk\u0131nda bildiklerini s\u00f6ylemek istedi\u011fini s\u00f6yledi.<\/p>\n<h3>I\u015eIN KARACA TEKELLE\u015eME \u0130SYANIYLA G\u00dcNDEM OLDU!<\/h3>\n<p>\u00dcnl\u00fc \u015fark\u0131c\u0131 I\u015f\u0131n Karaca, oyuncuk sekt\u00f6r\u00fcnde \u00e7\u0131kan kaosun \u00fczerine \u015fu a\u00e7\u0131klamay\u0131 yapt\u0131 &#8220;Bizim sekt\u00f6re de el at\u0131n, bildiklerimi seve seve anlat\u0131r\u0131m&#8221;<br \/>\nID \u0130leti\u015fim\u2019in kurucusu Ay\u015fe Bar\u0131m\u2019\u0131n dizi ve sinema sekt\u00f6r\u00fcnde tekelle\u015fmeye neden oldu\u011fu iddialar\u0131 oyuncular\u0131 da ikiye b\u00f6lm\u00fc\u015ft\u00fc.<\/p>\n<p>Bar\u0131m\u2019\u0131n beraber \u00e7al\u0131\u015ft\u0131\u011f\u0131 oyunculardan destek gelirken baz\u0131 oyunculardan da tekelle\u015fme iddialar\u0131na destek geldi.<\/p>\n<p>\u0130ddialarla ilgili Rekabet Kurumu\u2019nun a\u00e7t\u0131\u011f\u0131 soru\u015fturmadan sonra savc\u0131l\u0131k re\u2019sen soru\u015fturma ba\u015flatt\u0131.<\/p>\n<p><img loading=\"lazy\" decoding=\"async\" class=\"alignnone wp-image-120843\" src=\"https:\/\/www.tgrthaber.com\/mavikadin\/wp-content\/uploads\/7-24.jpg\" alt=\"\" width=\"1208\" height=\"680\" title=\"\" srcset=\"https:\/\/www.tgrthaber.com\/mavikadin\/wp-content\/uploads\/7-24.jpg 1920w, https:\/\/www.tgrthaber.com\/mavikadin\/wp-content\/uploads\/7-24-300x169.jpg 300w, https:\/\/www.tgrthaber.com\/mavikadin\/wp-content\/uploads\/7-24-1024x576.jpg 1024w, https:\/\/www.tgrthaber.com\/mavikadin\/wp-content\/uploads\/7-24-768x432.jpg 768w, https:\/\/www.tgrthaber.com\/mavikadin\/wp-content\/uploads\/7-24-1536x864.jpg 1536w\" sizes=\"(max-width: 1208px) 100vw, 1208px\" \/><\/p>\n<hr \/>\n<p>Rekabet Kurumu\u2019nun baz\u0131 yap\u0131m \u015firketleri ve ajanslara \u201ckartelle\u015fme ve piyasadaki hakimiyetlerini k\u00f6t\u00fcye kullanma\u201d sebebiyle bask\u0131n yapaca\u011f\u0131 ve bir kad\u0131n menajerin, kad\u0131n oyuncular\u0131ndan birini \u201c\u00fcnl\u00fc bir \u015fark\u0131c\u0131yla sevgili gibi lanse edip \u015fark\u0131c\u0131n\u0131n i\u015f adam\u0131 sevgilisinden 5 milyon dolar ald\u0131\u011f\u0131\u201d iddialar\u0131, TV100 taraf\u0131ndan Eyl\u00fcl 2024\u2019teki bir yaz\u0131yla g\u00fcndeme gelmi\u015fti.<\/p>\n<p>Yaz\u0131 sosyal medyada yeniden g\u00fcndem olunca iddialar\u0131n \u00f6znesinin ID \u0130leti\u015fim\u2019in kurucu orta\u011f\u0131 Ay\u015fe Bar\u0131m, kad\u0131n oyuncunun da Serenay Sar\u0131kaya oldu\u011fu \u00f6ne s\u00fcr\u00fcld\u00fc.<\/p>\n<h3>ID \u0130LET\u0130\u015e\u0130M A\u00c7IKLAMA YAPTI<\/h3>\n<p>ID \u0130leti\u015fim, sosyal medyadaki iddialar\u0131 \u015fu a\u00e7\u0131klamayla yalanlad\u0131:<\/p>\n<p>\u201c\u015eirketimiz 2002 y\u0131l\u0131ndan bu yana T\u00fcrkiye\u2019nin en sevilen ve takdir edilen oyuncular\u0131na menajerlik hizmeti vermekte olan, T\u00fcrkiye\u2019deki menajerlik mesle\u011fini d\u00fcnya standartlar\u0131nda uygulayan, alan\u0131nda \u00f6nc\u00fc bir \u015firkettir.<\/p>\n<p>Son iki g\u00fcnd\u00fcr \u015firketimizin kurucu orta\u011f\u0131 Ay\u015fe Bar\u0131m ve uzun s\u00fcredir birlikte \u00e7al\u0131\u015ft\u0131\u011f\u0131 oyuncumuz Serenay Sar\u0131kaya, ger\u00e7ek olmayan ve ahlak d\u0131\u015f\u0131 iddialarla ili\u015fkilendirilmi\u015ftir.<\/p>\n<p>\u015eirketimiz ve de\u011ferli bir oyuncumuzla ili\u015fkilendirilen bir yaz\u0131n\u0131n aylar sonra yeniden g\u00fcndemi planl\u0131 olarak me\u015fgul etti\u011fini \u00fcz\u00fclerek g\u00f6rmekteyiz.<\/p>\n<p>Bu iftiralarda bulunan ve planl\u0131 olarak yayan ki\u015filer hakk\u0131nda yarg\u0131 yoluna ba\u015fvurdu\u011fumuzu say\u0131n kamuoyunun bilgilerine sunar\u0131z.\u201d<\/p>\n<h3>AY\u015eE BARIM: \u201cGER\u00c7EK DI\u015eI \u0130FT\u0130RALAR S\u00d6Z KONUSU\u201d<\/h3>\n<p>Ay\u015fe Bar\u0131m gazetecilerin sorusu \u00fczerine \u015fu \u015fekilde konu\u015ftu:<\/p>\n<p>\u201cGer\u00e7ek d\u0131\u015f\u0131 iftiralar s\u00f6z konusu. Hukuksal s\u00fcre\u00e7le takip edece\u011fiz. Hedef oldum.\u201d<\/p>\n<p><img loading=\"lazy\" decoding=\"async\" class=\"alignnone wp-image-120844\" src=\"https:\/\/www.tgrthaber.com\/mavikadin\/wp-content\/uploads\/3-40.jpg\" alt=\"\" width=\"1208\" height=\"680\" title=\"\" srcset=\"https:\/\/www.tgrthaber.com\/mavikadin\/wp-content\/uploads\/3-40.jpg 1920w, https:\/\/www.tgrthaber.com\/mavikadin\/wp-content\/uploads\/3-40-300x169.jpg 300w, https:\/\/www.tgrthaber.com\/mavikadin\/wp-content\/uploads\/3-40-1024x576.jpg 1024w, https:\/\/www.tgrthaber.com\/mavikadin\/wp-content\/uploads\/3-40-768x432.jpg 768w, https:\/\/www.tgrthaber.com\/mavikadin\/wp-content\/uploads\/3-40-1536x864.jpg 1536w\" sizes=\"(max-width: 1208px) 100vw, 1208px\" \/><\/p>\n<hr \/>\n<h3>OYUNCULUK SEKT\u00d6R\u00dc \u0130K\u0130YE B\u00d6L\u00dcND\u00dc<\/h3>\n<p>Ay\u015fe Bar\u0131m\u2019\u0131n menajerli\u011fini yapt\u0131\u011f\u0131 baz\u0131 oyuncular ortaya at\u0131lan iddialara tepki g\u00f6sterdi.<\/p>\n<p>Hazal Kaya, sosyal medya hesab\u0131ndan \u015fu mesaj\u0131 yay\u0131nlad\u0131:<\/p>\n<p>\u201cB\u00f6yle dayanaks\u0131z, mesnetsiz, kan\u0131ts\u0131z, delilsiz \u2018\u00f6yle duyduk, zaten biliyorduk\u2019 gibi z\u0131rvalamalarla b\u00f6yle b\u00fcy\u00fck itiraflar atamazs\u0131n\u0131z kimseye. G\u00fcc\u00fcn\u00fc akl\u0131ndan fikrinden ve en \u00f6nemlisi vizyonundan alan bir kad\u0131ndan rahats\u0131z oluyorsunuz diye b\u00f6yle b\u0131\u00e7aklamaya \u00e7al\u0131\u015famazs\u0131n\u0131z. S\u0131rf, ba\u015far\u0131l\u0131 g\u00fczel, yetenekli ve hayat\u0131 diledi\u011fi gibi ya\u015f\u0131yor diye kad\u0131nlara bedel \u00f6detme yar\u0131\u015f\u0131na giremezsiniz.\u201d<\/p>\n<p><img loading=\"lazy\" decoding=\"async\" class=\"alignnone wp-image-120845\" src=\"https:\/\/www.tgrthaber.com\/mavikadin\/wp-content\/uploads\/2-49.jpg\" alt=\"\" width=\"1208\" height=\"680\" title=\"\" srcset=\"https:\/\/www.tgrthaber.com\/mavikadin\/wp-content\/uploads\/2-49.jpg 1920w, https:\/\/www.tgrthaber.com\/mavikadin\/wp-content\/uploads\/2-49-300x169.jpg 300w, https:\/\/www.tgrthaber.com\/mavikadin\/wp-content\/uploads\/2-49-1024x576.jpg 1024w, https:\/\/www.tgrthaber.com\/mavikadin\/wp-content\/uploads\/2-49-768x432.jpg 768w, https:\/\/www.tgrthaber.com\/mavikadin\/wp-content\/uploads\/2-49-1536x864.jpg 1536w\" sizes=\"(max-width: 1208px) 100vw, 1208px\" \/><\/p>\n<hr \/>\n<p>\u015e\u00fckran Oval\u0131, Mert Yaz\u0131c\u0131o\u011flu, Ezgi Mola, Berg\u00fczar Korel, Halit \u00d6zg\u00fcr Sar\u0131, Bige \u00d6nal, Sinem Kobal, Asl\u0131han G\u00fcrb\u00fcz, Metin Akg\u00fclder gibi isimler ID \u0130leti\u015fim\u2019in a\u00e7\u0131klamas\u0131n\u0131 kendi sosyal medya hesaplar\u0131ndan payla\u015ft\u0131.<\/p>\n<p>\u00dcnl\u00fc oyuncu Berg\u00fczar Korel ID \u0130leti\u015fim\u2019in a\u00e7\u0131klamas\u0131n\u0131 \u201cNerede kad\u0131n dayan\u0131\u015fmas\u0131\u201d notuyla payla\u015ft\u0131.<\/p>\n<p><img loading=\"lazy\" decoding=\"async\" class=\"alignnone wp-image-120846\" src=\"https:\/\/www.tgrthaber.com\/mavikadin\/wp-content\/uploads\/5-28.jpg\" alt=\"\" width=\"1208\" height=\"680\" title=\"\" srcset=\"https:\/\/www.tgrthaber.com\/mavikadin\/wp-content\/uploads\/5-28.jpg 1920w, https:\/\/www.tgrthaber.com\/mavikadin\/wp-content\/uploads\/5-28-300x169.jpg 300w, https:\/\/www.tgrthaber.com\/mavikadin\/wp-content\/uploads\/5-28-1024x576.jpg 1024w, https:\/\/www.tgrthaber.com\/mavikadin\/wp-content\/uploads\/5-28-768x432.jpg 768w, https:\/\/www.tgrthaber.com\/mavikadin\/wp-content\/uploads\/5-28-1536x864.jpg 1536w\" sizes=\"(max-width: 1208px) 100vw, 1208px\" \/><\/p>\n<hr \/>\n<h3>FARAH ZEYNEP ABDULLAH: \u201cKADIN DAYANI\u015eMASI HA\u201d<\/h3>\n<p>Oyuncu Farah Zeynep Abdullah Berg\u00fczar Korel\u2019in payla\u015f\u0131m\u0131n\u0131n ard\u0131ndan, \u201cKad\u0131n dayan\u0131\u015fmas\u0131 ha. B\u00fct\u00fcn kad\u0131nlar e\u015fittir ama baz\u0131lar\u0131 di\u011ferlerinden daha e\u015fittir\u201d diye tepki g\u00f6sterdi.<\/p>\n<p><img loading=\"lazy\" decoding=\"async\" class=\"alignnone wp-image-120847\" src=\"https:\/\/www.tgrthaber.com\/mavikadin\/wp-content\/uploads\/Farah-Zeynep.webp\" alt=\"\" width=\"1208\" height=\"680\" title=\"\" srcset=\"https:\/\/www.tgrthaber.com\/mavikadin\/wp-content\/uploads\/Farah-Zeynep.webp 1280w, https:\/\/www.tgrthaber.com\/mavikadin\/wp-content\/uploads\/Farah-Zeynep-300x169.webp 300w, https:\/\/www.tgrthaber.com\/mavikadin\/wp-content\/uploads\/Farah-Zeynep-1024x576.webp 1024w, https:\/\/www.tgrthaber.com\/mavikadin\/wp-content\/uploads\/Farah-Zeynep-768x432.webp 768w\" sizes=\"(max-width: 1208px) 100vw, 1208px\" \/><\/p>\n<hr \/>\n<h3>D\u0130DEM UZEL: OYUNCULUKTAN DI\u015eLANIP GARSONLUK YAPANLAR VAR<\/h3>\n<p>Sekt\u00f6rdeki tekelle\u015fme nedeniyle bir d\u00f6nem oyunculu\u011fu b\u0131rak\u0131p Amerika\u2019ya ta\u015f\u0131nmak zorunda kald\u0131\u011f\u0131n\u0131 s\u00f6yleyen Didem Uzel \u015funlar\u0131 ifade etti:<\/p>\n<p>\u201cSekt\u00f6r, baz\u0131 \u015firketler taraf\u0131ndan belirlenen 100 isim \u00fczerinde d\u00f6n\u00fcyor. Sizi o 100 ki\u015fi i\u00e7ine sokmuyorlar. Bu y\u00fczden 30 senem \u00e7\u00f6pe gitti. Oyunculuktan d\u0131\u015flanan gen\u00e7ler aras\u0131nda hayatlar\u0131n\u0131 devam ettirmek i\u00e7in garsonluk yapanlar bile var!\u201d<\/p>\n<h3>BURCU B\u0130R\u0130C\u0130K: \u201cTEKELLE\u015eMEY\u0130 KONU\u015eMALIYIZ\u201d<\/h3>\n<p>Oyuncu Burcu Biricik\u2019in yapt\u0131\u011f\u0131 a\u00e7\u0131klama ise \u015f\u00f6yle:<\/p>\n<p>\u201cNiye b\u00f6yleyiz biz? \u015eu an sekt\u00f6rdeki tekelle\u015fmeyi, nas\u0131l domine edildi\u011fini, mesleki eti\u011fi ahlak\u0131, bu koca sekt\u00f6rde var olmaya nefes almaya, mesle\u011fini icra etmeye \u00e7al\u0131\u015fan fakat bir t\u00fcrl\u00fc f\u0131rsat yarat\u0131lamayan, yarat\u0131lmad\u0131\u011f\u0131 gibi k\u00f6stek de olunan onlarca yetenekli (genel) sekt\u00f6r insan\u0131n\u0131, o koca pastan\u0131n dilimlerini s\u00fcrekli olarak kimlerin payla\u015ft\u0131\u011f\u0131n\u0131 konu\u015fmam\u0131z gerekirken biz yine magazin \u00e7ukuruna d\u00fc\u015ft\u00fck.\u201d<\/p>\n<p>Afra Sara\u00e7o\u011flu da Burcu Biricik\u2019in payla\u015f\u0131m\u0131n\u0131 kendi hesab\u0131ndan payla\u015ft\u0131.<\/p>\n<p><img loading=\"lazy\" decoding=\"async\" class=\"alignnone wp-image-120848\" src=\"https:\/\/www.tgrthaber.com\/mavikadin\/wp-content\/uploads\/s-006d55dc8aaece4ae35edd4c42aa13dafe6fc93d.jpg\" alt=\"\" width=\"1208\" height=\"678\" title=\"\" srcset=\"https:\/\/www.tgrthaber.com\/mavikadin\/wp-content\/uploads\/s-006d55dc8aaece4ae35edd4c42aa13dafe6fc93d.jpg 600w, https:\/\/www.tgrthaber.com\/mavikadin\/wp-content\/uploads\/s-006d55dc8aaece4ae35edd4c42aa13dafe6fc93d-300x169.jpg 300w\" sizes=\"(max-width: 1208px) 100vw, 1208px\" \/><\/p>\n<hr \/>\n<h3>MEL\u0130SA S\u00d6ZEN: \u201cK\u0130MSE TEKELLE\u015eME PROBLEM\u0130 OLMADI\u011eINI S\u00d6YLEYEMEZ\u201d<\/h3>\n<p>Melisa S\u00f6zen yapt\u0131\u011f\u0131 payla\u015f\u0131mda \u201cBu sekt\u00f6rde kimse tekelle\u015fme problemi olmad\u0131\u011f\u0131n\u0131 s\u00f6yleyemez. Konu s\u0131rf arkas\u0131nda yeterli g\u00fc\u00e7 olmad\u0131\u011f\u0131 i\u00e7in izlenme \u015fans\u0131 bulamad\u0131\u011f\u0131m\u0131z birbirinden yetenekli oyuncular\u201d dedi.<\/p>\n<h3>ZEYNEP BE\u015eERLER: \u201cYILLARDIR ARAMIZDA KONU\u015eULANLARI GAZETEC\u0130 AB\u0130M\u0130Z \u00c7ITLATINCA FIRTINA KOPTU\u201d<\/h3>\n<p>Zeynep Be\u015ferler, \u201cY\u0131llard\u0131r bu sekt\u00f6rde aram\u0131zda konu\u015fulanlar\u0131 gazeteci bir abimiz, bizi hi\u00e7 ilgilendirmeye \u00f6zel hayatlar \u00fczerinden \u00e7\u0131tlat\u0131nca f\u0131rt\u0131na koptu. Herkesin \u015fapkas\u0131n\u0131 \u00f6n\u00fcne koyup d\u00fc\u015f\u00fcnmesi gerekir\u201d mesaj\u0131n\u0131 yay\u0131nlad\u0131.<\/p>\n<p><img loading=\"lazy\" decoding=\"async\" class=\"alignnone wp-image-120849\" src=\"https:\/\/www.tgrthaber.com\/mavikadin\/wp-content\/uploads\/6-21.jpg\" alt=\"\" width=\"1208\" height=\"680\" title=\"\" srcset=\"https:\/\/www.tgrthaber.com\/mavikadin\/wp-content\/uploads\/6-21.jpg 1920w, https:\/\/www.tgrthaber.com\/mavikadin\/wp-content\/uploads\/6-21-300x169.jpg 300w, https:\/\/www.tgrthaber.com\/mavikadin\/wp-content\/uploads\/6-21-1024x576.jpg 1024w, https:\/\/www.tgrthaber.com\/mavikadin\/wp-content\/uploads\/6-21-768x432.jpg 768w, https:\/\/www.tgrthaber.com\/mavikadin\/wp-content\/uploads\/6-21-1536x864.jpg 1536w\" sizes=\"(max-width: 1208px) 100vw, 1208px\" \/><\/p>\n<hr \/>\n<h3>DEN\u0130Z I\u015eIN: \u201cELBET KOKUSU \u00c7IKACAKTI\u201d<\/h3>\n<p>Oyuncu Deniz I\u015f\u0131n isim vermeden konu\u015fsa da tekelle\u015fmede Ay\u015fe Bar\u0131m\u2019\u0131n rol oynayan bir menajer oldu\u011funu i\u015faret ederek Berg\u00fczar Korel\u2019e cevap niteli\u011findeki \u015fu payla\u015f\u0131mda bulundu:<\/p>\n<p>\u201cKad\u0131n dayan\u0131\u015fmas\u0131 istedi\u011finiz kad\u0131n y\u00fcz\u00fcnden ka\u00e7 tane kad\u0131n oyuncunun hakk\u0131na girildi\u011fini d\u00fc\u015f\u00fcnd\u00fcn\u00fcz m\u00fc hi\u00e7? Kendisi bizzat i\u015flerime engel olmaya kalkt\u0131, tan\u0131d\u0131\u011f\u0131m \u00e7ok yetenekli kad\u0131n oyuncular\u0131n \u00f6n\u00fcn\u00fc kesti. E\u011fer bir mafyala\u015fma varsa kad\u0131n ve insan haklar\u0131 savunucusu olarak en \u00e7ok sizin ses \u00e7\u0131karman\u0131z gerek. Kime, kimi pe\u015fke\u015f \u00e7ekti bilemem ama \u015fa\u015f\u0131rmam. S\u0131ras\u0131 geldi diye delirmeyin, elbet kokusu \u00e7\u0131kacakt\u0131.\u201d<\/p>\n<p><img loading=\"lazy\" decoding=\"async\" class=\"alignnone wp-image-120850\" src=\"https:\/\/www.tgrthaber.com\/mavikadin\/wp-content\/uploads\/4-33.jpg\" alt=\"\" width=\"1208\" height=\"680\" title=\"\" srcset=\"https:\/\/www.tgrthaber.com\/mavikadin\/wp-content\/uploads\/4-33.jpg 1920w, https:\/\/www.tgrthaber.com\/mavikadin\/wp-content\/uploads\/4-33-300x169.jpg 300w, https:\/\/www.tgrthaber.com\/mavikadin\/wp-content\/uploads\/4-33-1024x576.jpg 1024w, https:\/\/www.tgrthaber.com\/mavikadin\/wp-content\/uploads\/4-33-768x432.jpg 768w, https:\/\/www.tgrthaber.com\/mavikadin\/wp-content\/uploads\/4-33-1536x864.jpg 1536w\" sizes=\"(max-width: 1208px) 100vw, 1208px\" \/><\/p>\n<hr \/>\n<h3>REKABET KURUMU SORU\u015eTURMA BA\u015eLATILDI\u011eINI DUYURDU<\/h3>\n<p>Rekabet Kurumu, 8 Ocak \u00c7ar\u015famba g\u00fcn\u00fc X hesab\u0131ndan yapt\u0131\u011f\u0131 a\u00e7\u0131klamada aralar\u0131nda ID \u0130leti\u015fim\u2019in de oldu\u011fu 21 kast ajans\u0131 hakk\u0131nda \u00f6nara\u015ft\u0131rma s\u00fcrecinin ba\u015flat\u0131ld\u0131\u011f\u0131n\u0131 duyurdu.<\/p>\n<p><strong>Kurum \u015fu \u015fekilde a\u00e7\u0131klama yapt\u0131:<\/strong><\/p>\n<p>\u201cKast Ajanslar\u0131 Derne\u011fi ile Kast Ajanslar\u0131 ve Menajerler Hakk\u0131nda Soru\u015fturma A\u00e7\u0131ld\u0131.<br \/>\nKast Ajanslar\u0131 Derne\u011fi ile kast ajanslar\u0131 ve menajerler taraf\u0131ndan 4054 say\u0131l\u0131 Rekabetin Korunmas\u0131 Hakk\u0131nda Kanun\u2019un ihlal edildi\u011fi iddias\u0131na y\u00f6nelik olarak y\u00fcr\u00fct\u00fclen \u00f6nara\u015ft\u0131rma Rekabet Kurulunca karara ba\u011fland\u0131.<\/p>\n<p>Rekabet Kurulu, 12.12.2024 tarihli toplant\u0131s\u0131nda, \u00f6nara\u015ft\u0131rmada elde edilen bilgileri, belgeleri ve yap\u0131lan tespitleri ciddi ve yeterli bularak; 4054 say\u0131l\u0131 Rekabetin Korunmas\u0131 Hakk\u0131nda Kanun\u2019u ihlal edip etmediklerinin tespiti amac\u0131yla,<\/p>\n<p>1. Kast Ajanslar\u0131 Derne\u011fi<br \/>\n2. Abdullah Bulut Menajerlik \u0130leti\u015fim Dan. Ltd. \u015eti.<br \/>\n3. Asiye De\u011firmenci Menajerlik ve Film Yap\u0131m Ltd. \u015eti.<br \/>\n4. Black Listt Menajerlik Halkla \u0130li\u015fkiler ve Org. Hiz. Tic. Ltd. \u015eti.<br \/>\n5. Cemile Yaprak At\u0131\u015f<br \/>\n6. Deniz T\u00fcney Tan\u0131t\u0131m Turizm Halkla \u0130li\u015fkiler ve Pazarlama Ltd. \u015eti.<br \/>\n7. Erberk Kast Prod\u00fcksiyon ve Tic. Ltd. \u015eti.<br \/>\n8. Icon Talent Org. Yap. San. ve Tic. Ltd. \u015eti.<br \/>\n9. ID \u0130leti\u015fim Dan\u0131\u015fmanl\u0131k A\u015e<br \/>\n10. Kahraman \u00d6zden Talent Management<br \/>\n11. Nimet Atasoy A\u015e<br \/>\n12. People Fotomodel Prod\u00fcksiyon ve Tic. Ltd. \u015eti.<br \/>\n13. Perama G\u00f6rsel Sanatlar Org. Yap\u0131m ve Tic. Ltd. \u015eti.<br \/>\n14. Persona Sanat \u0130leti\u015fim Hiz. Ltd. \u015eti.<br \/>\n15. Renda G\u00fcner Film Yap\u0131m Tan\u0131t\u0131m Hiz. Tic. Ltd. \u015eti.<br \/>\n16. S\u00f6kmen Ajans Reklamc\u0131l\u0131k ve Turizm Ltd. \u015eti.<br \/>\n17. \u015eogen Film M\u00fczik Prd. Org. G\u0131da San. ve Tic. Ltd. \u015eti.<br \/>\n18. Talento Menajerlik Tic. Ltd. \u015eti.<br \/>\n19. TB Sanatsal Yetenek Y\u00f6n. Ve Dan. Ltd. \u015eti<br \/>\n20. Vodvil Prod\u00fcksiyon ve Menajerlik Hiz. San. Tic. Ltd. \u015eti.<br \/>\n21. Y\u00fczdey\u00fcz Oyunculuk Seslendirme Prod\u00fcksiyon Ltd. \u015eti.<br \/>\nhakk\u0131nda soru\u015fturma a\u00e7\u0131lmas\u0131na, 24-53\/1175-M say\u0131 ile karar vermi\u015ftir.<br \/>\nRekabet Kurulu taraf\u0131ndan al\u0131nan soru\u015fturma kararlar\u0131, hakk\u0131nda soru\u015fturma a\u00e7\u0131lan te\u015febb\u00fcs ya da te\u015febb\u00fcs birliklerine karar\u0131n tebli\u011f edilmesini takiben kamuoyunun bilgisine sunulur. Kamuoyunun Rekabet Kurulu kararlar\u0131 hakk\u0131nda bilgilendirilmesi kapsam\u0131nda yap\u0131lan bu a\u00e7\u0131klamalar, hakk\u0131nda soru\u015fturma a\u00e7\u0131lan te\u015febb\u00fcslerin ya da te\u015febb\u00fcs birliklerinin 4054 say\u0131l\u0131 Kanun\u2019u ihlal ettikleri, Kanun kapsam\u0131nda ceza yapt\u0131r\u0131m\u0131 ile kar\u015f\u0131 kar\u015f\u0131ya kald\u0131klar\u0131 veya kalacaklar\u0131 \u015feklinde yorumlanamaz.\u201d<\/p>\n","protected":false},"excerpt":{"rendered":"<p>\u015eark\u0131c\u0131 I\u015f\u0131n Karaca tekelle\u015fme isyan\u0131yla g\u00fcndem oldu. Oyunculuk sekt\u00f6r\u00fcnden sonra dikkat \u00e7eken bir a\u00e7\u0131klamada \u00fcnl\u00fc isimden geldi. Karaca, &#8220;Bizim sekt\u00f6re de el at\u0131n, bildiklerimi seve seve anlat\u0131r\u0131m&#8221; dedi.<\/p>\n","protected":false},"author":5,"featured_media":120842,"comment_status":"closed","ping_status":"closed","sticky":false,"template":"","format":"standard","meta":{"rank_math_lock_modified_date":false,"footnotes":""},"categories":[76],"tags":[7462,3803,7986],"class_list":["post-120841","post","type-post","status-publish","format-standard","has-post-thumbnail","hentry","category-magazin","tag-ayse-barim","tag-isin-karaca","tag-rekabet-kurulu"],"_links":{"self":[{"href":"https:\/\/www.tgrthaber.com\/mavikadin\/wp-json\/wp\/v2\/posts\/120841"}],"collection":[{"href":"https:\/\/www.tgrthaber.com\/mavikadin\/wp-json\/wp\/v2\/posts"}],"about":[{"href":"https:\/\/www.tgrthaber.com\/mavikadin\/wp-json\/wp\/v2\/types\/post"}],"author":[{"embeddable":true,"href":"https:\/\/www.tgrthaber.com\/mavikadin\/wp-json\/wp\/v2\/users\/5"}],"replies":[{"embeddable":true,"href":"https:\/\/www.tgrthaber.com\/mavikadin\/wp-json\/wp\/v2\/comments?post=120841"}],"version-history":[{"count":3,"href":"https:\/\/www.tgrthaber.com\/mavikadin\/wp-json\/wp\/v2\/posts\/120841\/revisions"}],"predecessor-version":[{"id":120853,"href":"https:\/\/www.tgrthaber.com\/mavikadin\/wp-json\/wp\/v2\/posts\/120841\/revisions\/120853"}],"wp:featuredmedia":[{"embeddable":true,"href":"https:\/\/www.tgrthaber.com\/mavikadin\/wp-json\/wp\/v2\/media\/120842"}],"wp:attachment":[{"href":"https:\/\/www.tgrthaber.com\/mavikadin\/wp-json\/wp\/v2\/media?parent=120841"}],"wp:term":[{"taxonomy":"category","embeddable":true,"href":"https:\/\/www.tgrthaber.com\/mavikadin\/wp-json\/wp\/v2\/categories?post=120841"},{"taxonomy":"post_tag","embeddable":true,"href":"https:\/\/www.tgrthaber.com\/mavikadin\/wp-json\/wp\/v2\/tags?post=120841"}],"curies":[{"name":"wp","href":"https:\/\/api.w.org\/{rel}","templated":true}]}}