{"id":120862,"date":"2025-01-13T11:48:16","date_gmt":"2025-01-13T08:48:16","guid":{"rendered":"https:\/\/www.tgrthaber.com\/mavikadin\/?p=120862"},"modified":"2025-01-13T11:50:27","modified_gmt":"2025-01-13T08:50:27","slug":"limon-film-kimin-neden-boykot-edildi","status":"publish","type":"post","link":"https:\/\/www.tgrthaber.com\/mavikadin\/limon-film-kimin-neden-boykot-edildi\/","title":{"rendered":"Limon Film kimin, neden boykot edildi?"},"content":{"rendered":"<p>Limon film kimin, neden boykot edildi? merak konusu oldu. ID \u0130leti\u015fim\u2019in kurucusu Ay\u015fe Bar\u0131m\u2019\u0131n dizi ve sinema sekt\u00f6r\u00fcnde tekelle\u015fmeye neden olmas\u0131ndan sonra magazin d\u00fcnyas\u0131nda sular durulmuyor.<\/p>\n<h3>L\u0130MON F\u0130LM K\u0130M\u0130N?<\/h3>\n<p>Film sekt\u00f6r\u00fcndeki \u00e7al\u0131\u015fmalar\u0131 1989 y\u0131l\u0131nda ba\u015flayan Limon Film Hayri Aslan taraf\u0131ndan 1993&#8217;te hayata ge\u00e7irildi. Limon Film, kuruldu\u011fu tarihten beri sinema filmleri, televizyon dizileri ve televizyon i\u00e7in \u00e7e\u015fitli t\u00fcrlerde program \u00fcretiminin yan\u0131 s\u0131ra format ithalat\u0131yla sinema-televizyon d\u00fcnyas\u0131n\u0131n \u00f6nemli i\u015flere imza att\u0131.<\/p>\n<p>Limon Yap\u0131m\u2019\u0131n ilk projesi usta y\u00f6netmen At\u0131f Y\u0131lmaz&#8217;la birlikte yap\u0131lan senaryosunu Atilla Atalay\u2019\u0131n kaleme ald\u0131\u011f\u0131 S\u0131d\u0131ka dizisi oldu.<\/p>\n<p><img loading=\"lazy\" decoding=\"async\" class=\"alignnone wp-image-120865\" src=\"https:\/\/www.tgrthaber.com\/mavikadin\/wp-content\/uploads\/film.jpg\" alt=\"\" width=\"1208\" height=\"906\" title=\"\" srcset=\"https:\/\/www.tgrthaber.com\/mavikadin\/wp-content\/uploads\/film.jpg 1024w, https:\/\/www.tgrthaber.com\/mavikadin\/wp-content\/uploads\/film-300x225.jpg 300w, https:\/\/www.tgrthaber.com\/mavikadin\/wp-content\/uploads\/film-768x576.jpg 768w\" sizes=\"(max-width: 1208px) 100vw, 1208px\" \/><\/p>\n<hr \/>\n<h3>L\u0130MON F\u0130LM NEDEN BOYKOT ED\u0130LD\u0130?<\/h3>\n<p>Menajerlerin Limon Yap\u0131m boykotu rekabet kurumu soru\u015fturmas\u0131na girdi.<\/p>\n<p>Rekabet Kurulu\u2019nun dizi ve film sekt\u00f6r\u00fcne y\u00f6nelik yapt\u0131\u011f\u0131 soru\u015fturma i\u00e7inde menajerlik ajanslar\u0131n\u0131n Limon Film\u2019e y\u00f6nelik boykotu olmas\u0131 yer ald\u0131. Son bir haftad\u0131r T\u00fcrkiye\u2019de Rekabet Kurumu\u2019nun ba\u015flatt\u0131\u011f\u0131 soru\u015fturma sonras\u0131 \u00fcnl\u00fc menajer Ay\u015fe Bar\u0131m\u2019la ilgili ya\u015fanan yarg\u0131 s\u00fcreci konu\u015fuluyor.<\/p>\n<p>Rekabet Kurumu \u00f6n inceleme raporunda soru\u015fturma a\u00e7\u0131lmas\u0131na karar vermi\u015fti.<\/p>\n<p><img loading=\"lazy\" decoding=\"async\" class=\"alignnone wp-image-120866\" src=\"https:\/\/www.tgrthaber.com\/mavikadin\/wp-content\/uploads\/Rekabet.jpg\" alt=\"\" width=\"1208\" height=\"680\" title=\"\" srcset=\"https:\/\/www.tgrthaber.com\/mavikadin\/wp-content\/uploads\/Rekabet.jpg 1600w, https:\/\/www.tgrthaber.com\/mavikadin\/wp-content\/uploads\/Rekabet-300x169.jpg 300w, https:\/\/www.tgrthaber.com\/mavikadin\/wp-content\/uploads\/Rekabet-1024x576.jpg 1024w, https:\/\/www.tgrthaber.com\/mavikadin\/wp-content\/uploads\/Rekabet-768x432.jpg 768w, https:\/\/www.tgrthaber.com\/mavikadin\/wp-content\/uploads\/Rekabet-1536x864.jpg 1536w\" sizes=\"(max-width: 1208px) 100vw, 1208px\" \/><\/p>\n<hr \/>\n<p>Toplamda 21 oyuncu ve menajerlik ajans\u0131 ve cast direkt\u00f6rl\u00fc\u011f\u00fc \u015firketine a\u00e7\u0131lan rekabeti s\u0131n\u0131rlay\u0131c\u0131 sekt\u00f6rdeki &#8220;tekelle\u015fme\u201d raporuna g\u00f6re menajerlerin y\u00fczde 20 komisyon pay\u0131n\u0131 y\u00fczde 10\u2019a d\u00fc\u015f\u00fcrmek isteyen yap\u0131mc\u0131lara kar\u015f\u0131 ortak hareket etmesi ve bununla ilgili whatsapp mesajla\u015fmalar\u0131 en ba\u015fta yer alan konu oldu.<\/p>\n<p>\u0130kinci s\u0131rada yer alan bir di\u011fer konu ise menajerlerin oyuncu \u00f6demelerini geciktiren Limon Film\u2019i boykot ederek oyuncu vermeme karar\u0131 oldu.<\/p>\n<p>Rekabet Kurumu raporuna g\u00f6re; s\u00f6z konusu durumun sekt\u00f6r\u00fcn rekabet kurallar\u0131na ayk\u0131r\u0131 oldu\u011fu vurguland\u0131.<\/p>\n<p>Ayr\u0131ca cast direkt\u00f6rl\u00fc\u011f\u00fc yapan menajerlerin kendi oyuncular\u0131n\u0131 projelere vermelerinin haks\u0131z rekabete neden oldu\u011fu maddesi de konu\u015fuldu.<\/p>\n<p><img loading=\"lazy\" decoding=\"async\" class=\"alignnone wp-image-120867\" src=\"https:\/\/www.tgrthaber.com\/mavikadin\/wp-content\/uploads\/thumbs_b_c_6224a2e555561237bacf8a4c93530ec1.jpg\" alt=\"\" width=\"1208\" height=\"680\" title=\"\" srcset=\"https:\/\/www.tgrthaber.com\/mavikadin\/wp-content\/uploads\/thumbs_b_c_6224a2e555561237bacf8a4c93530ec1.jpg 864w, https:\/\/www.tgrthaber.com\/mavikadin\/wp-content\/uploads\/thumbs_b_c_6224a2e555561237bacf8a4c93530ec1-300x169.jpg 300w, https:\/\/www.tgrthaber.com\/mavikadin\/wp-content\/uploads\/thumbs_b_c_6224a2e555561237bacf8a4c93530ec1-768x432.jpg 768w\" sizes=\"(max-width: 1208px) 100vw, 1208px\" \/><\/p>\n<hr \/>\n<h3>L\u0130MON F\u0130LM PROJELER\u0130<\/h3>\n<p>Limon Film\u2019in bu g\u00fcne kadar \u00e7evirdi\u011fi belli ba\u015fl\u0131 diziler aras\u0131nda; Gece Y\u00fcr\u00fcy\u00fc\u015f\u00fc, M\u00fcjgan Bey, Kasaban\u0131n \u0130ncisi, Yan\u0131k Koza, Eksik Etek, Eyl\u00fcl, Yaral\u0131 Y\u00fcrek, Cesaretin Var m\u0131 A\u015fka, Cemile, Hay\u0131rd\u0131r \u0130n\u015fallah, S\u0131rat, T\u00f6vbeler T\u00f6vbesi, Her \u015eey Yolunda Merkez, Bebek \u0130\u015fi, \u0130\u015fler G\u00fc\u00e7ler, Ne Diyosuun, D\u00fc\u015fler ve Umutlar vard\u0131r.<\/p>\n<p>2015-2017 y\u0131llar\u0131 aras\u0131nda Kara Ekmek (atv), Poyraz Karayel (Kanal D) ile Kalbim Ege&#8217;de Kald\u0131 (Kanal D) dizileri, Limon Film&#8217;in di\u011fer yap\u0131mlar\u0131 olarak be\u011feni alm\u0131\u015ft\u0131r.<\/p>\n<p>Limon Film 2016 y\u0131l\u0131n\u0131n \u015eubat ay\u0131nda \u00e7ekimlerine ba\u015flanan y\u00f6netmenli\u011fini Veli \u00c7elik&#8217;in \u00fcstlendi\u011fi, Oya Y\u00fcce taraf\u0131ndan senaryosunun yaz\u0131ld\u0131\u011f\u0131 ba\u015frollerinde Talat Bulut, Vahide G\u00f6rd\u00fcm, Tilbe Saran gibi isimlerin oldu\u011fu G\u00f6\u00e7 Zaman\u0131 isimli televizyon dizisi Star TV\u2019de yay\u0131nland\u0131.<\/p>\n","protected":false},"excerpt":{"rendered":"<p>ID \u0130leti\u015fim\u2019in kurucusu Ay\u015fe Bar\u0131m\u2019\u0131n dizi ve sinema sekt\u00f6r\u00fcnde tekelle\u015fmeye neden oldu\u011fu iddialar\u0131ndan sonra Limon Film merak edildi. Menajerlerin Limon Yap\u0131m boykotu rekabet kurumu soru\u015fturmas\u0131na girdi.<\/p>\n","protected":false},"author":5,"featured_media":120864,"comment_status":"closed","ping_status":"closed","sticky":false,"template":"","format":"standard","meta":{"rank_math_lock_modified_date":false,"footnotes":""},"categories":[602],"tags":[7990,7991],"class_list":["post-120862","post","type-post","status-publish","format-standard","has-post-thumbnail","hentry","category-diziler","tag-limon-film","tag-limon-yapim"],"_links":{"self":[{"href":"https:\/\/www.tgrthaber.com\/mavikadin\/wp-json\/wp\/v2\/posts\/120862"}],"collection":[{"href":"https:\/\/www.tgrthaber.com\/mavikadin\/wp-json\/wp\/v2\/posts"}],"about":[{"href":"https:\/\/www.tgrthaber.com\/mavikadin\/wp-json\/wp\/v2\/types\/post"}],"author":[{"embeddable":true,"href":"https:\/\/www.tgrthaber.com\/mavikadin\/wp-json\/wp\/v2\/users\/5"}],"replies":[{"embeddable":true,"href":"https:\/\/www.tgrthaber.com\/mavikadin\/wp-json\/wp\/v2\/comments?post=120862"}],"version-history":[{"count":3,"href":"https:\/\/www.tgrthaber.com\/mavikadin\/wp-json\/wp\/v2\/posts\/120862\/revisions"}],"predecessor-version":[{"id":120871,"href":"https:\/\/www.tgrthaber.com\/mavikadin\/wp-json\/wp\/v2\/posts\/120862\/revisions\/120871"}],"wp:featuredmedia":[{"embeddable":true,"href":"https:\/\/www.tgrthaber.com\/mavikadin\/wp-json\/wp\/v2\/media\/120864"}],"wp:attachment":[{"href":"https:\/\/www.tgrthaber.com\/mavikadin\/wp-json\/wp\/v2\/media?parent=120862"}],"wp:term":[{"taxonomy":"category","embeddable":true,"href":"https:\/\/www.tgrthaber.com\/mavikadin\/wp-json\/wp\/v2\/categories?post=120862"},{"taxonomy":"post_tag","embeddable":true,"href":"https:\/\/www.tgrthaber.com\/mavikadin\/wp-json\/wp\/v2\/tags?post=120862"}],"curies":[{"name":"wp","href":"https:\/\/api.w.org\/{rel}","templated":true}]}}