{"id":120863,"date":"2025-01-13T12:05:33","date_gmt":"2025-01-13T09:05:33","guid":{"rendered":"https:\/\/www.tgrthaber.com\/mavikadin\/?p=120863"},"modified":"2025-01-13T12:09:47","modified_gmt":"2025-01-13T09:09:47","slug":"kolonya-akimi-cocuklarin-hayatini-karartiyor-omur-boyu-kalici-hasar-birakiyor","status":"publish","type":"post","link":"https:\/\/www.tgrthaber.com\/mavikadin\/kolonya-akimi-cocuklarin-hayatini-karartiyor-omur-boyu-kalici-hasar-birakiyor\/","title":{"rendered":"Kolonya ak\u0131m\u0131 \u00e7ocuklar\u0131n hayat\u0131n\u0131 karart\u0131yor! \u00d6m\u00fcr boyu kal\u0131c\u0131 hasar b\u0131rak\u0131yor"},"content":{"rendered":"<p>Ge\u00e7ti\u011fimiz hafta \u0130zmir\u2019de kolonya ak\u0131m\u0131yla ilgili ya\u015fanan trajik olay, sosyal medyan\u0131n \u00e7ocuklar \u00fczerindeki tehlikelerini bir kez daha g\u00f6zler \u00f6n\u00fcne serdi. Kolonya yakmaya \u00e7al\u0131\u015fan bir \u00e7o\u011fun hayat\u0131n\u0131n kararmas\u0131 sonras\u0131 Bursa \u015eehir Hastanesi \u00c7ocuk Yan\u0131k Sorumlusu Do\u00e7. Dr. Sabriye Day\u0131&#8217;dan \u00e7arp\u0131c\u0131 a\u00e7\u0131klamalar geldi.<\/p>\n<h3>KOLONYA AKIMI \u00c7OCUKLARIN HAYATINI KARARTIYOR!<\/h3>\n<p>Do\u00e7. Dr. Day\u0131, \u201cEvde yan\u0131c\u0131 maddelerin bulunmamas\u0131 \u00f6nemli. \u00c7ocuklar\u0131n sosyal medyada belirli hareket alanlar\u0131n\u0131n ve girebilecekleri internet sitelerinin de k\u0131s\u0131tlanm\u0131\u015f olmas\u0131 ayr\u0131ca \u00f6nem kazan\u0131yor. Ailelerin bu t\u00fcr konular\u0131 anlat\u0131rken kendi aralar\u0131nda \u015faka ile anlatmalar\u0131 bile \u00e7ocuklar i\u00e7in ayr\u0131ca taklit edilmesi gereken bir durum haline d\u00f6n\u00fc\u015febilir. O nedenle aile bireylerinin aral\u0131klarla bir psikolog yard\u0131m\u0131 almas\u0131 faydal\u0131 olabilecektir\u201d diye konu\u015ftu.<\/p>\n<p><img loading=\"lazy\" decoding=\"async\" class=\"alignnone wp-image-120879\" src=\"https:\/\/www.tgrthaber.com\/mavikadin\/wp-content\/uploads\/AW369196_01-1024x575.jpg\" alt=\"\" width=\"1208\" height=\"678\" title=\"\" srcset=\"https:\/\/www.tgrthaber.com\/mavikadin\/wp-content\/uploads\/AW369196_01-1024x575.jpg 1024w, https:\/\/www.tgrthaber.com\/mavikadin\/wp-content\/uploads\/AW369196_01-300x168.jpg 300w, https:\/\/www.tgrthaber.com\/mavikadin\/wp-content\/uploads\/AW369196_01-768x431.jpg 768w, https:\/\/www.tgrthaber.com\/mavikadin\/wp-content\/uploads\/AW369196_01-1536x862.jpg 1536w, https:\/\/www.tgrthaber.com\/mavikadin\/wp-content\/uploads\/AW369196_01.jpg 1600w\" sizes=\"(max-width: 1208px) 100vw, 1208px\" \/><\/p>\n<hr \/>\n<h3>\u00c7OCUKLARI SOSYAL MEDYADA KORUMAK \u0130\u00c7\u0130N NELER YAPILMALI?<\/h3>\n<p>Aileler, \u00e7ocuklar\u0131n\u0131n sosyal medya kullan\u0131m\u0131n\u0131 daha bilin\u00e7li bir \u015fekilde izlemeli. Sosyal medya platformlar\u0131nda pop\u00fclerle\u015fen tehlikeli ak\u0131mlar hakk\u0131nda ebeveynlere y\u00f6nelik bilgilendirme yap\u0131labilir. Okul ve toplum d\u00fczeyinde seminerler, ailelere y\u00f6nelik rehberlik ve e\u011fitim programlar\u0131 organize edilebilir. Ayr\u0131ca, ebeveynlerin dijital d\u00fcnyada ne olup bitti\u011fini anlamalar\u0131 i\u00e7in ara\u00e7lar geli\u015ftirilebilir, \u00f6rne\u011fin sosyal medya izleme uygulamalar\u0131 veya rehberler.<\/p>\n<p>\u00d6\u011fretmenler, \u00f6\u011frencilerinin sosyal medya kullan\u0131mlar\u0131n\u0131 denetleyebilir ve bu konuda e\u011fitim verebilir. Okullarda, dijital g\u00fcvenlik ve sorumlu internet kullan\u0131m\u0131 ile ilgili dersler d\u00fczenlenebilir. \u00c7ocuklar, okulda bu tehlikeli ak\u0131mlar\u0131n zararlar\u0131n\u0131 \u00f6\u011frenebilir ve do\u011fru davran\u0131\u015f bi\u00e7imlerini geli\u015ftirebilirler.<\/p>\n<p><img loading=\"lazy\" decoding=\"async\" class=\"alignnone wp-image-120877\" src=\"https:\/\/www.tgrthaber.com\/mavikadin\/wp-content\/uploads\/kolonya-06-1024x600.jpg\" alt=\"\" width=\"1208\" height=\"708\" title=\"\" srcset=\"https:\/\/www.tgrthaber.com\/mavikadin\/wp-content\/uploads\/kolonya-06-1024x600.jpg 1024w, https:\/\/www.tgrthaber.com\/mavikadin\/wp-content\/uploads\/kolonya-06-300x176.jpg 300w, https:\/\/www.tgrthaber.com\/mavikadin\/wp-content\/uploads\/kolonya-06-768x450.jpg 768w, https:\/\/www.tgrthaber.com\/mavikadin\/wp-content\/uploads\/kolonya-06-1536x900.jpg 1536w, https:\/\/www.tgrthaber.com\/mavikadin\/wp-content\/uploads\/kolonya-06-2048x1201.jpg 2048w\" sizes=\"(max-width: 1208px) 100vw, 1208px\" \/><\/p>\n<hr \/>\n<p>Sosyal medya platformlar\u0131, tehlikeli i\u00e7eriklerin yay\u0131lmas\u0131n\u0131 engellemek i\u00e7in algoritmalar\u0131n\u0131 geli\u015ftirebilir ve zararl\u0131 ak\u0131mlar\u0131 h\u0131zla tespit edip kald\u0131rabilir. Ayr\u0131ca, platformlar kullan\u0131c\u0131lar\u0131na tehlikeler hakk\u0131nda uyar\u0131lar ve e\u011fitim materyalleri sunabilir. Bu t\u00fcr ak\u0131mlar\u0131n yay\u0131lmas\u0131n\u0131 engellemek ad\u0131na sosyal medya platformlar\u0131n\u0131n denetimleri art\u0131r\u0131labilir.<\/p>\n<p>\u00c7ocuklar\u0131n interneti daha g\u00fcvenli kullanabilmesi i\u00e7in ailelere y\u00f6nelik uygulamalar geli\u015ftirilebilir. Bu t\u00fcr uygulamalar, belirli i\u00e7eriklerin engellenmesi, \u00e7ocuklar\u0131n yaln\u0131zca g\u00fcvenli ve ya\u015flar\u0131na uygun sitelere eri\u015fimi sa\u011flanabilir. Ayr\u0131ca, sosyal medya platformlar\u0131nda sadece belirli ya\u015f gruplar\u0131n\u0131n i\u00e7erik \u00fcretmesine izin veren s\u0131n\u0131rlamalar getirilebilir.<\/p>\n<p>\u00c7ocuklar, internet ve sosyal medya kullan\u0131m\u0131 s\u0131ras\u0131nda bir\u00e7ok farkl\u0131 psikolojik etkilenime a\u00e7\u0131k olabilir. Bu nedenle, \u00e7ocuklar\u0131n psikolojik geli\u015fimlerini destekleyecek programlar \u00f6nemlidir. Okullarda psikologlarla i\u015fbirli\u011fi yap\u0131larak, \u00e7ocuklar\u0131n ak\u0131l sa\u011fl\u0131\u011f\u0131n\u0131 g\u00fc\u00e7lendirecek projeler geli\u015ftirilebilir. Ayr\u0131ca, ailelere psikolojik destek sunulmas\u0131, \u00e7ocuklar\u0131n\u0131n bu t\u00fcr tehlikeli ak\u0131mlarla kar\u015f\u0131la\u015fmalar\u0131n\u0131 engellemeye yard\u0131mc\u0131 olabilir.<\/p>\n<p><img loading=\"lazy\" decoding=\"async\" class=\"alignnone wp-image-120880\" src=\"https:\/\/www.tgrthaber.com\/mavikadin\/wp-content\/uploads\/0x0-80-derece-kolonya-corona-virusu-oldurur-mu-corona-viruse-karsi-kolonya-alkol-orani-ne-olmali-1583930642117-1.webp\" alt=\"\" width=\"1208\" height=\"808\" title=\"\" srcset=\"https:\/\/www.tgrthaber.com\/mavikadin\/wp-content\/uploads\/0x0-80-derece-kolonya-corona-virusu-oldurur-mu-corona-viruse-karsi-kolonya-alkol-orani-ne-olmali-1583930642117-1.webp 800w, https:\/\/www.tgrthaber.com\/mavikadin\/wp-content\/uploads\/0x0-80-derece-kolonya-corona-virusu-oldurur-mu-corona-viruse-karsi-kolonya-alkol-orani-ne-olmali-1583930642117-1-300x201.webp 300w, https:\/\/www.tgrthaber.com\/mavikadin\/wp-content\/uploads\/0x0-80-derece-kolonya-corona-virusu-oldurur-mu-corona-viruse-karsi-kolonya-alkol-orani-ne-olmali-1583930642117-1-768x514.webp 768w\" sizes=\"(max-width: 1208px) 100vw, 1208px\" \/><\/p>\n<hr \/>\n<p>\u00c7ocuklara medya okuryazarl\u0131\u011f\u0131 e\u011fitimi verilmesi, onlar\u0131n dijital d\u00fcnyada daha sa\u011fl\u0131kl\u0131 ve bilin\u00e7li kararlar almalar\u0131n\u0131 sa\u011flayabilir. Bu e\u011fitimlerde, sosyal medyada kar\u015f\u0131la\u015f\u0131lan tehlikelerin nas\u0131l tan\u0131naca\u011f\u0131, g\u00fcvenli internet kullan\u0131m\u0131n\u0131n temelleri ve dijital d\u00fcnyada sorumluluklar gibi konular i\u015flenebilir.<\/p>\n<p>Kolonya yakma gibi tehlikeli ak\u0131mlara kat\u0131lan \u00e7ocuklar\u0131n ya\u015fad\u0131\u011f\u0131 olumsuz sonu\u00e7lar\u0131n daha fazla yay\u0131lmas\u0131, di\u011fer \u00e7ocuklar\u0131 ve aileleri uyand\u0131rabilir. \u00d6rne\u011fin, iyile\u015fme s\u00fcrecinde olan \u00e7ocuklardan ve onlar\u0131n ailelerinden hikayeler payla\u015f\u0131lmas\u0131, tehlikeli ak\u0131mlar\u0131n fark\u0131ndal\u0131\u011f\u0131n\u0131 art\u0131rabilir. Bu sayede, di\u011fer \u00e7ocuklar bu t\u00fcr davran\u0131\u015flardan ka\u00e7\u0131nmak i\u00e7in daha bilin\u00e7li olabilir.<\/p>\n<p>Aileler ve e\u011fitimciler d\u0131\u015f\u0131nda, h\u00fck\u00fcmetler de tehlikeli sosyal medya ak\u0131mlar\u0131na kar\u015f\u0131 daha sert hukuki d\u00fczenlemeler getirebilir. Zararl\u0131 i\u00e7eriklerin payla\u015f\u0131lmas\u0131n\u0131 te\u015fvik eden kullan\u0131c\u0131lar i\u00e7in cezai yapt\u0131r\u0131mlar uygulanabilir.<\/p>\n<p><img loading=\"lazy\" decoding=\"async\" class=\"alignnone wp-image-120873\" src=\"https:\/\/www.tgrthaber.com\/mavikadin\/wp-content\/uploads\/UN-59-1-1024x576.png\" alt=\"\" width=\"1208\" height=\"680\" title=\"\" srcset=\"https:\/\/www.tgrthaber.com\/mavikadin\/wp-content\/uploads\/UN-59-1-1024x576.png 1024w, https:\/\/www.tgrthaber.com\/mavikadin\/wp-content\/uploads\/UN-59-1-300x169.png 300w, https:\/\/www.tgrthaber.com\/mavikadin\/wp-content\/uploads\/UN-59-1-768x432.png 768w, https:\/\/www.tgrthaber.com\/mavikadin\/wp-content\/uploads\/UN-59-1-1536x864.png 1536w, https:\/\/www.tgrthaber.com\/mavikadin\/wp-content\/uploads\/UN-59-1.png 1920w\" sizes=\"(max-width: 1208px) 100vw, 1208px\" \/><\/p>\n<hr \/>\n<p>\u00c7ocuklar\u0131n merak\u0131n\u0131 sa\u011fl\u0131kl\u0131 bir \u015fekilde y\u00f6nlendirecek alternatif faaliyetler sunmak, onlar\u0131 bu t\u00fcr ak\u0131mlardan uzak tutmak i\u00e7in etkili bir y\u00f6ntem olabilir. Sanat, spor, bilim gibi alanlara y\u00f6nelik te\u015fvikler ve sosyal etkinlikler d\u00fczenlemek, \u00e7ocuklar\u0131n enerjilerini ve meraklar\u0131n\u0131 daha g\u00fcvenli alanlarda harcamalar\u0131n\u0131 sa\u011flayabilir.<\/p>\n<p>Ailelerin, \u00e7ocuklar\u0131yla a\u00e7\u0131k ve g\u00fcvene dayal\u0131 ileti\u015fim kurmalar\u0131 b\u00fcy\u00fck \u00f6nem ta\u015f\u0131r. \u00c7ocuklar, ailelerine sosyal medya deneyimlerini ve g\u00f6rd\u00fckleri i\u00e7erikleri rahat\u00e7a anlatabilecekleri bir ortamda daha g\u00fcvenli bir \u015fekilde b\u00fcy\u00fcrler.<\/p>\n<div style=\"width: 512px;\" class=\"wp-video\"><!--[if lt IE 9]><script>document.createElement('video');<\/script><![endif]-->\n<video class=\"wp-video-shortcode\" id=\"video-120863-1\" width=\"512\" height=\"288\" preload=\"metadata\" controls=\"controls\"><source type=\"video\/mp4\" src=\"https:\/\/www.tgrthaber.com\/mavikadin\/wp-content\/uploads\/4E446F99-4761-4643-96B1-72FD0296634E.mp4?_=1\" \/><a href=\"https:\/\/www.tgrthaber.com\/mavikadin\/wp-content\/uploads\/4E446F99-4761-4643-96B1-72FD0296634E.mp4\">https:\/\/www.tgrthaber.com\/mavikadin\/wp-content\/uploads\/4E446F99-4761-4643-96B1-72FD0296634E.mp4<\/a><\/video><\/div>\n<hr \/>\n<h3>KOLONYANIN ZARARLARI NELER?<\/h3>\n<p>Y\u00fcksek oranda yak\u0131c\u0131 madde i\u00e7eren kolonyan\u0131n bakteri vir\u00fcs ve mikroplar\u0131 yok etmek i\u00e7in kullan\u0131lan bir dezenfekte olmas\u0131n\u0131n yan\u0131 s\u0131ra ciddi solunum ve cilt sorunlar\u0131na da neden olur.<\/p>\n<p>Kolonya, cildi tahri\u015f edebilecek alkol, koku ve di\u011fer kimyasallar i\u00e7erir. \u00d6zellikle hassas cilde sahip ki\u015filerde uzun s\u00fcreli maruz kalma, d\u00f6k\u00fcnt\u00fclere, ka\u015f\u0131nt\u0131ya, k\u0131zar\u0131kl\u0131\u011fa veya daha \u015fiddetli alerjik reaksiyonlara yol a\u00e7abilir. \u00d6zellikle kapal\u0131 bir ortamda kolonya duman\u0131n\u0131 solumak solunum sorunlar\u0131na neden olabilir.<\/p>\n<p><img loading=\"lazy\" decoding=\"async\" class=\"alignnone wp-image-120872\" src=\"https:\/\/www.tgrthaber.com\/mavikadin\/wp-content\/uploads\/UN-60-1-1024x576.png\" alt=\"\" width=\"1208\" height=\"680\" title=\"\" srcset=\"https:\/\/www.tgrthaber.com\/mavikadin\/wp-content\/uploads\/UN-60-1-1024x576.png 1024w, https:\/\/www.tgrthaber.com\/mavikadin\/wp-content\/uploads\/UN-60-1-300x169.png 300w, https:\/\/www.tgrthaber.com\/mavikadin\/wp-content\/uploads\/UN-60-1-768x432.png 768w, https:\/\/www.tgrthaber.com\/mavikadin\/wp-content\/uploads\/UN-60-1-1536x864.png 1536w, https:\/\/www.tgrthaber.com\/mavikadin\/wp-content\/uploads\/UN-60-1.png 1920w\" sizes=\"(max-width: 1208px) 100vw, 1208px\" \/><\/p>\n<hr \/>\n<p>Kolonyadaki kimyasallar bo\u011faz\u0131, akci\u011ferleri ve burun kanallar\u0131n\u0131 tahri\u015f ederek \u00f6ks\u00fcrmeye, hap\u015f\u0131rmaya ve nefes alma zorlu\u011funa yol a\u00e7abilir. Bu, \u00f6zellikle ast\u0131m veya solunum yolu rahats\u0131zl\u0131\u011f\u0131 olan ki\u015filer i\u00e7in tehlikelidir.<\/p>\n<p>Kolonya, son derece yan\u0131c\u0131 olan y\u00fcksek oranda alkol i\u00e7erir. Kolonya a\u00e7\u0131k alev, k\u0131v\u0131lc\u0131m veya hatta y\u00fcksek \u0131s\u0131yla temas ederse tutu\u015fabilir ve potansiyel olarak ciddi yan\u0131klara veya yang\u0131nlara neden olabilir. Bu, \u00f6zellikle \u00e7ocuklar kolonyayla deney yaparsa tehlikelidir, \u00e7\u00fcnk\u00fc yang\u0131n\u0131n risklerini anlamayabilirler.<\/p>\n<p>Kolonya g\u00f6zler, burun veya a\u011f\u0131z gibi mukoza zarlar\u0131na uygulan\u0131rsa tahri\u015fe ve hatta kimyasal yan\u0131klara neden olabilir. Baz\u0131 durumlarda, uzun s\u00fcreli maruz kalma veya kazara yutma hassas dokularda ciddi hasara yol a\u00e7abilir.<\/p>\n","protected":false},"excerpt":{"rendered":"<p>Ge\u00e7ti\u011fimiz hafta \u0130zmir\u2019de kolonya ak\u0131m\u0131yla ilgili ya\u015fanan trajik olay, sosyal medyan\u0131n \u00e7ocuklar \u00fczerindeki tehlikelerini bir kez daha g\u00f6zler \u00f6n\u00fcne serdi. Kolonya yakmaya \u00e7al\u0131\u015fan bir \u00e7o\u011fun hayat\u0131n\u0131n kararmas\u0131 sonras\u0131 Bursa \u015eehir Hastanesi \u00c7ocuk Yan\u0131k Sorumlusu Do\u00e7. Dr. Sabriye Day\u0131&#8217;dan \u00e7arp\u0131c\u0131 a\u00e7\u0131klamalar geldi.\u00a0<\/p>\n","protected":false},"author":24,"featured_media":120874,"comment_status":"closed","ping_status":"closed","sticky":false,"template":"","format":"standard","meta":{"rank_math_lock_modified_date":false,"footnotes":""},"categories":[111],"tags":[7992,7993],"class_list":["post-120863","post","type-post","status-publish","format-standard","has-post-thumbnail","hentry","category-anne-cocuk","tag-kolonya","tag-kolonyanin-zararlari"],"_links":{"self":[{"href":"https:\/\/www.tgrthaber.com\/mavikadin\/wp-json\/wp\/v2\/posts\/120863"}],"collection":[{"href":"https:\/\/www.tgrthaber.com\/mavikadin\/wp-json\/wp\/v2\/posts"}],"about":[{"href":"https:\/\/www.tgrthaber.com\/mavikadin\/wp-json\/wp\/v2\/types\/post"}],"author":[{"embeddable":true,"href":"https:\/\/www.tgrthaber.com\/mavikadin\/wp-json\/wp\/v2\/users\/24"}],"replies":[{"embeddable":true,"href":"https:\/\/www.tgrthaber.com\/mavikadin\/wp-json\/wp\/v2\/comments?post=120863"}],"version-history":[{"count":4,"href":"https:\/\/www.tgrthaber.com\/mavikadin\/wp-json\/wp\/v2\/posts\/120863\/revisions"}],"predecessor-version":[{"id":120885,"href":"https:\/\/www.tgrthaber.com\/mavikadin\/wp-json\/wp\/v2\/posts\/120863\/revisions\/120885"}],"wp:featuredmedia":[{"embeddable":true,"href":"https:\/\/www.tgrthaber.com\/mavikadin\/wp-json\/wp\/v2\/media\/120874"}],"wp:attachment":[{"href":"https:\/\/www.tgrthaber.com\/mavikadin\/wp-json\/wp\/v2\/media?parent=120863"}],"wp:term":[{"taxonomy":"category","embeddable":true,"href":"https:\/\/www.tgrthaber.com\/mavikadin\/wp-json\/wp\/v2\/categories?post=120863"},{"taxonomy":"post_tag","embeddable":true,"href":"https:\/\/www.tgrthaber.com\/mavikadin\/wp-json\/wp\/v2\/tags?post=120863"}],"curies":[{"name":"wp","href":"https:\/\/api.w.org\/{rel}","templated":true}]}}