{"id":120886,"date":"2025-01-13T13:05:32","date_gmt":"2025-01-13T10:05:32","guid":{"rendered":"https:\/\/www.tgrthaber.com\/mavikadin\/?p=120886"},"modified":"2025-01-13T13:12:36","modified_gmt":"2025-01-13T10:12:36","slug":"muge-anlida-1-aile-6-cinayet-nezaket-kisi-cinayetinde-sarmal-cozuluyor","status":"publish","type":"post","link":"https:\/\/www.tgrthaber.com\/mavikadin\/muge-anlida-1-aile-6-cinayet-nezaket-kisi-cinayetinde-sarmal-cozuluyor\/","title":{"rendered":"M\u00fcge Anl\u0131&#8217;da 1 aile 6 cinayet! Nezaket K\u0131\u015f\u0131 cinayetinde sarmal \u00e7\u00f6z\u00fcl\u00fcyor"},"content":{"rendered":"<p>M\u00fcge Anl\u0131&#8217;da Nezaket K\u0131\u015f\u0131 cinayetinde sarmal \u00e7\u00f6z\u00fcl\u00fcyor. Herkesin yak\u0131ndan takip etti\u011fi cinayet olay\u0131nda bir ailede 6 cinayet sarmal\u0131 \u00e7\u00f6z\u00fclmeye \u00e7al\u0131\u015f\u0131l\u0131yor. Olaya dair detaylar \u00e7\u00f6z\u00fcld\u00fck\u00e7e herkes b\u00fcy\u00fck \u00f6l\u00e7\u00fcde \u015fa\u015fk\u0131nl\u0131k i\u00e7inde kal\u0131yor. Nezaket K\u0131\u015f\u0131 ve Zekiye Ayd\u0131n da aralar\u0131nda bulundu\u011fu 6 ki\u015fi cinayete kurban gitti\u011fi g\u00f6r\u00fcl\u00fcyor. Olaylar ayd\u0131nlat\u0131ld\u0131k\u00e7a herkesi \u015fa\u015fk\u0131nl\u0131k i\u00e7inde b\u0131rakan detaylar da ortaya \u00e7\u0131k\u0131yor.<\/p>\n<h3>NEZAKET KI\u015eI C\u0130NAYET\u0130NDE SARMAL \u00c7\u00d6Z\u00dcL\u00dcYOR<\/h3>\n<p>Nezaket K\u0131\u015f\u0131 cinayetinde M\u00fcge Anl\u0131&#8217;n\u0131n program\u0131nda sona do\u011fru geliniyor. Herkesin ilgisini \u00e7eken cinayet soru\u015fturmas\u0131nda 20 y\u0131ll\u0131k bir gizem \u00e7\u00f6z\u00fcl\u00fcyor. Bir aileden tam 6 cinayet i\u015flenmi\u015f olabilir. Her ge\u00e7en g\u00fcn yeni bir ifadenin verilmesiyle ailede \u00f6len 6 ki\u015finin ayn\u0131 ki\u015fi taraf\u0131ndan cinayete kurban gitti\u011fi d\u00fc\u015f\u00fcn\u00fcl\u00fcyor. S\u0131r perdesi araland\u0131\u011f\u0131nda b\u00fct\u00fcn kad\u0131nlar\u0131n katili de ortaya \u00e7\u0131kacak. Ancak Nezaket K\u0131\u015f\u0131&#8217;y\u0131 ve Zekiye Ayd\u0131n\u2019\u0131 kim neden \u00f6ld\u00fcrd\u00fc herkes merak ediyor.<\/p>\n<p><img loading=\"lazy\" decoding=\"async\" class=\"alignnone size-full wp-image-120894\" src=\"https:\/\/www.tgrthaber.com\/mavikadin\/wp-content\/uploads\/Ekran-goruntusu-2025-01-13-130122.png\" alt=\"\" width=\"1031\" height=\"559\" title=\"\" srcset=\"https:\/\/www.tgrthaber.com\/mavikadin\/wp-content\/uploads\/Ekran-goruntusu-2025-01-13-130122.png 1031w, https:\/\/www.tgrthaber.com\/mavikadin\/wp-content\/uploads\/Ekran-goruntusu-2025-01-13-130122-300x163.png 300w, https:\/\/www.tgrthaber.com\/mavikadin\/wp-content\/uploads\/Ekran-goruntusu-2025-01-13-130122-1024x555.png 1024w, https:\/\/www.tgrthaber.com\/mavikadin\/wp-content\/uploads\/Ekran-goruntusu-2025-01-13-130122-768x416.png 768w\" sizes=\"(max-width: 1031px) 100vw, 1031px\" \/><\/p>\n<hr \/>\n<p>Nezaket Uyur&#8217;u babalar\u0131n\u0131n \u00f6ld\u00fcrd\u00fc\u011f\u00fcn\u00fc s\u00f6yleyen \u00fc\u00e7 karde\u015f M\u00fcge Anl\u0131&#8217;ya kat\u0131ld\u0131. Olay her ge\u00e7en g\u00fcn daha fazla detaylanmaya ba\u015flarken 3 kad\u0131n\u0131n \u015f\u00fcpheli kayb\u0131nda oklar hep ayn\u0131 ki\u015fiyi g\u00f6sterdi. Arana kad\u0131n say\u0131s\u0131 da \u00fc\u00e7e \u00e7\u0131kt\u0131. M\u00fcge Anl\u0131&#8217;n\u0131n program\u0131 ihbar olarak kabul edildi ve cinayet zanl\u0131lar\u0131ndan itiraf geldi. Nezaketi&#8217;in e\u015fi ve Yusuf ve onun karde\u015fleri tutukland\u0131.<\/p>\n<p><img loading=\"lazy\" decoding=\"async\" class=\"alignnone size-full wp-image-120895\" src=\"https:\/\/www.tgrthaber.com\/mavikadin\/wp-content\/uploads\/Ekran-goruntusu-2025-01-13-130131.png\" alt=\"\" width=\"1025\" height=\"564\" title=\"\" srcset=\"https:\/\/www.tgrthaber.com\/mavikadin\/wp-content\/uploads\/Ekran-goruntusu-2025-01-13-130131.png 1025w, https:\/\/www.tgrthaber.com\/mavikadin\/wp-content\/uploads\/Ekran-goruntusu-2025-01-13-130131-300x165.png 300w, https:\/\/www.tgrthaber.com\/mavikadin\/wp-content\/uploads\/Ekran-goruntusu-2025-01-13-130131-768x423.png 768w\" sizes=\"(max-width: 1025px) 100vw, 1025px\" \/><\/p>\n<hr \/>\n<p>T\u00fcm bunlar ya\u015fan\u0131rken ayn\u0131 k\u00f6yde bir isim daha kay\u0131p olarak dosyas\u0131 haz\u0131rland\u0131. Yine benzer isimlerle yollar\u0131 kesi\u015fen bu kad\u0131n da cinayete kurban m\u0131 gitti? Herkesin merak etti\u011fi olaylar zincirinde kad\u0131nlar\u0131n ani kayb\u0131 ve benzer isimlerle ba\u011flant\u0131s\u0131 ortaya \u00e7\u0131k\u0131nca \u015fok \u00fcst\u00fcne \u015fok ya\u015fand\u0131.<\/p>\n<p>Nezaket K\u0131\u015f\u0131&#8217;n\u0131n kayb\u0131nda ad\u0131 ge\u00e7en Adil \u00d6nel!&#8217;in ismi halas\u0131 Zekiye Ayd\u0131n&#8217;\u0131nda kayb\u0131nda ay\u0131 \u015fekilde ge\u00e7ti. Halas\u0131n\u0131n imzan\u0131 taklit ederek usuls\u00fczl\u00fck yapan Adil \u00d6nel hakk\u0131ndaki iddialar\u0131 da kabul etmiyor.<\/p>\n<p><img loading=\"lazy\" decoding=\"async\" class=\"alignnone size-full wp-image-120896\" src=\"https:\/\/www.tgrthaber.com\/mavikadin\/wp-content\/uploads\/Ekran-goruntusu-2025-01-13-130140.png\" alt=\"\" width=\"1026\" height=\"560\" title=\"\" srcset=\"https:\/\/www.tgrthaber.com\/mavikadin\/wp-content\/uploads\/Ekran-goruntusu-2025-01-13-130140.png 1026w, https:\/\/www.tgrthaber.com\/mavikadin\/wp-content\/uploads\/Ekran-goruntusu-2025-01-13-130140-300x164.png 300w, https:\/\/www.tgrthaber.com\/mavikadin\/wp-content\/uploads\/Ekran-goruntusu-2025-01-13-130140-1024x559.png 1024w, https:\/\/www.tgrthaber.com\/mavikadin\/wp-content\/uploads\/Ekran-goruntusu-2025-01-13-130140-768x419.png 768w\" sizes=\"(max-width: 1026px) 100vw, 1026px\" \/><\/p>\n<hr \/>\n<p>M\u00fcge anl\u0131 kay\u0131p kad\u0131nlar\u0131 kayb\u0131 ve \u00f6l\u00fcm\u00fc hakk\u0131nda her ge\u00e7en g\u00fcn daha fazla ku\u015fkulu bilgiler edindi. Talihsiz kad\u0131n\u0131n evini gasp eden ye\u011fen hakk\u0131ndaki iddialar da yenilir yutulur cinsten de\u011fil. Herkesin kan\u0131n\u0131 donduran olaylar zincirinde her olay ayn\u0131 isimlere ba\u011flan\u0131yor.<\/p>\n<p>Yay\u0131n\u0131n sonunda Sabri&#8217;den itiraf geldi. Yay\u0131nda a\u011flayan Sabri Nezaket K\u0131\u015f\u0131 ve Zekiye Ayd\u0131n\u2019\u0131n cenazelerinin yerini biliyorum dedi. Birbirinden farkl\u0131 olaylar zincirinde ayn\u0131 isimler etraf\u0131ndaki \u015f\u00fcpheler bo\u015fa \u00e7\u0131kmad\u0131 ve herkes \u015fimdi b\u00fct\u00fcn olaylar\u0131n \u00e7\u00f6z\u00fclmesini bekliyor. Ayn\u0131 isimler kad\u0131n\u0131n kayb\u0131ndan ve \u00f6l\u00fcm\u00fcnde \u015f\u00fcpheli g\u00f6r\u00fcn\u00fcyor. 20 y\u0131ld\u0131r \u00e7\u00f6z\u00fclemeyen s\u0131rlar M\u00fcge Anl\u0131&#8217;da \u00e7\u00f6z\u00fcld\u00fc.<\/p>\n<p><img loading=\"lazy\" decoding=\"async\" class=\"alignnone size-full wp-image-120897\" src=\"https:\/\/www.tgrthaber.com\/mavikadin\/wp-content\/uploads\/Ekran-goruntusu-2025-01-13-130149.png\" alt=\"\" width=\"1026\" height=\"568\" title=\"\" srcset=\"https:\/\/www.tgrthaber.com\/mavikadin\/wp-content\/uploads\/Ekran-goruntusu-2025-01-13-130149.png 1026w, https:\/\/www.tgrthaber.com\/mavikadin\/wp-content\/uploads\/Ekran-goruntusu-2025-01-13-130149-300x166.png 300w, https:\/\/www.tgrthaber.com\/mavikadin\/wp-content\/uploads\/Ekran-goruntusu-2025-01-13-130149-1024x567.png 1024w, https:\/\/www.tgrthaber.com\/mavikadin\/wp-content\/uploads\/Ekran-goruntusu-2025-01-13-130149-768x425.png 768w\" sizes=\"(max-width: 1026px) 100vw, 1026px\" \/><\/p>\n<hr \/>\n<p>M\u00fcge Anl\u0131 aylard\u0131r olaylar\u0131n ayd\u0131nlat\u0131lmas\u0131 i\u00e7in \u00e7al\u0131\u015f\u0131rken yn\u0131 zamanda bu ki\u015filerin bu kadar usuls\u00fczl\u00fck ve su\u00e7 i\u015flemelerinden de yak\u0131nd\u0131. Herkesin kan\u0131n\u0131 onduran olaylar neticesinde yitip giden canlar\u0131 aileleri de b\u00fcy\u00fck \u00fcz\u00fcnt\u00fc i\u00e7erisinde.<\/p>\n","protected":false},"excerpt":{"rendered":"<p>m\u00fcge Anl\u0131&#8217;da adeta arap sa\u00e7\u0131 gibi bir olay \u00e7\u00f6z\u00fcme kavu\u015fuyor. Ayn\u0131 k\u00f6yde kay\u0131p olan 6 kad\u0131n\u0131n \u015f\u00fcpheli yok olu\u015fu ayn\u0131 ki\u015fiyi i\u015faret ediyor. Ger\u00e7ekler 20 y\u0131l sonra ortaya \u00e7\u0131karken herkes bu k\u00f6ydeki alt\u0131 kad\u0131na ne oldu\u011funu merak ediyor. <\/p>\n","protected":false},"author":25,"featured_media":120898,"comment_status":"closed","ping_status":"closed","sticky":false,"template":"","format":"standard","meta":{"rank_math_lock_modified_date":false,"footnotes":""},"categories":[78,76],"tags":[2453,7630,6445],"class_list":["post-120886","post","type-post","status-publish","format-standard","has-post-thumbnail","hentry","category-yasam","category-magazin","tag-muge-anli","tag-muge-anli-nezaket-kisi","tag-nezaket-uyur"],"_links":{"self":[{"href":"https:\/\/www.tgrthaber.com\/mavikadin\/wp-json\/wp\/v2\/posts\/120886"}],"collection":[{"href":"https:\/\/www.tgrthaber.com\/mavikadin\/wp-json\/wp\/v2\/posts"}],"about":[{"href":"https:\/\/www.tgrthaber.com\/mavikadin\/wp-json\/wp\/v2\/types\/post"}],"author":[{"embeddable":true,"href":"https:\/\/www.tgrthaber.com\/mavikadin\/wp-json\/wp\/v2\/users\/25"}],"replies":[{"embeddable":true,"href":"https:\/\/www.tgrthaber.com\/mavikadin\/wp-json\/wp\/v2\/comments?post=120886"}],"version-history":[{"count":1,"href":"https:\/\/www.tgrthaber.com\/mavikadin\/wp-json\/wp\/v2\/posts\/120886\/revisions"}],"predecessor-version":[{"id":120899,"href":"https:\/\/www.tgrthaber.com\/mavikadin\/wp-json\/wp\/v2\/posts\/120886\/revisions\/120899"}],"wp:featuredmedia":[{"embeddable":true,"href":"https:\/\/www.tgrthaber.com\/mavikadin\/wp-json\/wp\/v2\/media\/120898"}],"wp:attachment":[{"href":"https:\/\/www.tgrthaber.com\/mavikadin\/wp-json\/wp\/v2\/media?parent=120886"}],"wp:term":[{"taxonomy":"category","embeddable":true,"href":"https:\/\/www.tgrthaber.com\/mavikadin\/wp-json\/wp\/v2\/categories?post=120886"},{"taxonomy":"post_tag","embeddable":true,"href":"https:\/\/www.tgrthaber.com\/mavikadin\/wp-json\/wp\/v2\/tags?post=120886"}],"curies":[{"name":"wp","href":"https:\/\/api.w.org\/{rel}","templated":true}]}}