{"id":120900,"date":"2025-01-13T13:39:37","date_gmt":"2025-01-13T10:39:37","guid":{"rendered":"https:\/\/www.tgrthaber.com\/mavikadin\/?p=120900"},"modified":"2025-01-13T13:46:01","modified_gmt":"2025-01-13T10:46:01","slug":"pelin-akil-ve-anil-altan-bosaniyor-mu-iddiaya-gore-cift-avukatlarla-gorustu-ve-islemler-basladi","status":"publish","type":"post","link":"https:\/\/www.tgrthaber.com\/mavikadin\/pelin-akil-ve-anil-altan-bosaniyor-mu-iddiaya-gore-cift-avukatlarla-gorustu-ve-islemler-basladi\/","title":{"rendered":"Pelin Akil ve An\u0131l Altan bo\u015fan\u0131yor mu? \u0130ddiaya g\u00f6re \u00e7ift avukatlarla g\u00f6r\u00fc\u015ft\u00fc ve i\u015flemler ba\u015flad\u0131"},"content":{"rendered":"<p>Pelin Akil ve An\u0131l Altan \u00e7ifti bo\u015fan\u0131yor mu sorusu 2024 y\u0131l\u0131 boyunca g\u00fcndem oldu. Bu kez yine bo\u015fanma haberiyle g\u00fcndeme gelen \u00e7ift kesinlikle ayr\u0131l\u0131k yoluna girdi gibi g\u00f6r\u00fcn\u00fcyor. \u0130ddialara g\u00f6re avukatlarla g\u00f6r\u00fc\u015f\u00fcld\u00fc ve bo\u015fanma \u015fartlar\u0131 da konu\u015fuluyor. Hatta bu bo\u015fanma mahkemesini adalara dahi ald\u0131racaklar\u0131 da iddialar aras\u0131nda. Her seferinde bo\u015fanma iddialar\u0131n\u0131 yalanlayan \u00e7ift bu kez sessiz.<\/p>\n<h3>PEL\u0130N AK\u0130L VE ANIL ALTAN BO\u015eANIYOR MU?<\/h3>\n<p>Pelin Akil ve An\u0131l Altan 2024 y\u0131l\u0131nda haklar\u0131nda en fazla bo\u015fanma haberi \u00e7\u0131kan \u00e7ift oldu belki de. \u00c7ift 2025 y\u0131l\u0131na da b\u00f6yle ba\u015flad\u0131. Uzun zamand\u0131r evliliklerindeki sorunlar\u0131 \u00e7\u00f6zemedikleri s\u00f6ylenen \u00e7iftin bo\u015fanma yolunda art\u0131k ad\u0131m att\u0131klar\u0131 s\u00f6yleniyor. \u00d6yle ki Pelin Akil&#8217;in sa\u00e7\u0131ndaki ve imaj\u0131ndaki de\u011fi\u015fim de bunu destekliyor. Herkesi \u015fok eden haber sonras\u0131 Pelin Akil ve An\u0131l Altan&#8217;dan hi\u00e7bir a\u00e7\u0131klama gelmedi. Pelin Akil uzun zamand\u0131r e\u015fi An\u0131l Altan ile payla\u015f\u0131m yapm\u0131yor. Ne story ne de g\u00f6nderi payla\u015f\u0131m\u0131 yapan Pelin Akil sadece kendini ve k\u0131zlar\u0131n\u0131 sosyal medyada payla\u015f\u0131yor .ayn\u0131 \u015fekilde An\u0131l Altan da e\u015fi Pelin Akil ile birlikte foto\u011fraf ve story payla\u015f\u0131m\u0131 yapm\u0131yor.<\/p>\n<p><img loading=\"lazy\" decoding=\"async\" class=\"alignnone size-full wp-image-120901\" src=\"https:\/\/www.tgrthaber.com\/mavikadin\/wp-content\/uploads\/mavikadin-58-1.jpg\" alt=\"\" width=\"1920\" height=\"1080\" title=\"\" srcset=\"https:\/\/www.tgrthaber.com\/mavikadin\/wp-content\/uploads\/mavikadin-58-1.jpg 1920w, https:\/\/www.tgrthaber.com\/mavikadin\/wp-content\/uploads\/mavikadin-58-1-300x169.jpg 300w, https:\/\/www.tgrthaber.com\/mavikadin\/wp-content\/uploads\/mavikadin-58-1-1024x576.jpg 1024w, https:\/\/www.tgrthaber.com\/mavikadin\/wp-content\/uploads\/mavikadin-58-1-768x432.jpg 768w, https:\/\/www.tgrthaber.com\/mavikadin\/wp-content\/uploads\/mavikadin-58-1-1536x864.jpg 1536w\" sizes=\"(max-width: 1920px) 100vw, 1920px\" \/><\/p>\n<hr \/>\n<p>D\u00fcn gece bir davette olan ve de\u011fi\u015fen imaj\u0131yla herkesin ilgisini \u00e7eken Pelin Akil&#8217;in yan\u0131nda yine e\u015fi yoktu. Yaln\u0131z olan Pelin Akil story \u00a0payla\u015f\u0131mlar\u0131na doyamad\u0131. Keyfi yerinde g\u00f6r\u00fcnen ve imaj\u0131n\u0131 de\u011fi\u015ftiren Pelin Akil yaln\u0131z ve arkada\u015flar\u0131yla payla\u015f\u0131mlar yapt\u0131. Ayn\u0131 saatlerde An\u0131l Altan ise evde k\u0131zlar\u0131yla beraber story payla\u015f\u0131m\u0131 yapmay\u0131 tercih etti. Haklar\u0131nda \u00e7\u0131kan bo\u015fanma haberlerine ise hi\u00e7bir a\u00e7\u0131klama yapmad\u0131lar.<\/p>\n<p><img loading=\"lazy\" decoding=\"async\" class=\"alignnone size-full wp-image-120902\" src=\"https:\/\/www.tgrthaber.com\/mavikadin\/wp-content\/uploads\/mavikadin-59-1.jpg\" alt=\"\" width=\"1920\" height=\"1080\" title=\"\" srcset=\"https:\/\/www.tgrthaber.com\/mavikadin\/wp-content\/uploads\/mavikadin-59-1.jpg 1920w, https:\/\/www.tgrthaber.com\/mavikadin\/wp-content\/uploads\/mavikadin-59-1-300x169.jpg 300w, https:\/\/www.tgrthaber.com\/mavikadin\/wp-content\/uploads\/mavikadin-59-1-1024x576.jpg 1024w, https:\/\/www.tgrthaber.com\/mavikadin\/wp-content\/uploads\/mavikadin-59-1-768x432.jpg 768w, https:\/\/www.tgrthaber.com\/mavikadin\/wp-content\/uploads\/mavikadin-59-1-1536x864.jpg 1536w\" sizes=\"(max-width: 1920px) 100vw, 1920px\" \/><\/p>\n<hr \/>\n<p>2024 y\u0131l\u0131nda s\u00fcrekli bo\u015fanma haberleriyle g\u00fcndem olan \u00e7ift bu haberlere k\u0131z\u0131yor ve hemen yalan\u0131yordu. Ancak bu kez hi\u00e7 ses \u00e7\u0131kmad\u0131\u011f\u0131 gibi \u00e7iftin uzun zamand\u0131r beraber oldu\u011funu g\u00f6ren de olmad\u0131. Sosyal medyadan s\u00fcrekli aktif \u015fekilde payla\u015f\u0131m yapan \u00e7ift 4 haftadan uzun s\u00fcredir beraber payla\u015f\u0131m yapmad\u0131 ve g\u00f6r\u00fclmedi. Herkesin merak etti\u011fi bo\u015fanma haberleri de bug\u00fcn yine g\u00fcndeme bomba gibi d\u00fc\u015ft\u00fc. Gazetede \u00e7\u0131kan haberlere g\u00f6re \u00e7ift bu avukatlar\u0131yla g\u00f6r\u00fc\u015ft\u00fc ve g\u00fcn ald\u0131. Sessizce bo\u015fanmak isteyen \u00e7ift hi\u00e7bir \u015fekilde bunun haber olmas\u0131n\u0131 da istemiyor. K\u0131zlar\u0131 i\u00e7in dikkat eden \u00e7iftin ayr\u0131l\u0131k yolunda avukatlarla g\u00f6r\u00fc\u015fmesi ve mal payla\u015f\u0131m\u0131n\u0131 da yapmas\u0131 neredeyse bir haftad\u0131r g\u00fcndemdeymi\u015f.<\/p>\n<p><img loading=\"lazy\" decoding=\"async\" class=\"alignnone size-full wp-image-120903\" src=\"https:\/\/www.tgrthaber.com\/mavikadin\/wp-content\/uploads\/Ekran-goruntusu-2025-01-13-133347.png\" alt=\"\" width=\"645\" height=\"745\" title=\"\" srcset=\"https:\/\/www.tgrthaber.com\/mavikadin\/wp-content\/uploads\/Ekran-goruntusu-2025-01-13-133347.png 645w, https:\/\/www.tgrthaber.com\/mavikadin\/wp-content\/uploads\/Ekran-goruntusu-2025-01-13-133347-260x300.png 260w\" sizes=\"(max-width: 645px) 100vw, 645px\" \/><\/p>\n<hr \/>\n<p>Pelin Akil ve An\u0131l Altan \u00e7iftinin 2016 y\u0131l\u0131nda evlendi ve bu evlilikten de ikiz k\u0131zlar\u0131 oldu\u011fu biliniyor. \u00c7ift bo\u015fanma i\u015flemlerini sessizce yapmak i\u00e7in adalar adliyesinde dahi g\u00fcn alabilirler deniliyor. Bo\u015fanma haberlerini destekleyen durumlardan biri de Pelin Akil&#8217;in imaj\u0131ndaki de\u011fi\u015fiklik. Sa\u00e7lar\u0131n\u0131 b\u00fcy\u00fck bir de\u011fi\u015fimle hayranlar\u0131na g\u00f6steren Pelin Akil herkesi \u015fok etti.<\/p>\n<p><img loading=\"lazy\" decoding=\"async\" class=\"alignnone size-full wp-image-120904\" src=\"https:\/\/www.tgrthaber.com\/mavikadin\/wp-content\/uploads\/mavikadin-60-1.jpg\" alt=\"\" width=\"1920\" height=\"1080\" title=\"\" srcset=\"https:\/\/www.tgrthaber.com\/mavikadin\/wp-content\/uploads\/mavikadin-60-1.jpg 1920w, https:\/\/www.tgrthaber.com\/mavikadin\/wp-content\/uploads\/mavikadin-60-1-300x169.jpg 300w, https:\/\/www.tgrthaber.com\/mavikadin\/wp-content\/uploads\/mavikadin-60-1-1024x576.jpg 1024w, https:\/\/www.tgrthaber.com\/mavikadin\/wp-content\/uploads\/mavikadin-60-1-768x432.jpg 768w, https:\/\/www.tgrthaber.com\/mavikadin\/wp-content\/uploads\/mavikadin-60-1-1536x864.jpg 1536w\" sizes=\"(max-width: 1920px) 100vw, 1920px\" \/><\/p>\n<hr \/>\n<p>Sa\u00e7lar\u0131n\u0131 k\u0131sac\u0131k kestiren Pelin Akil d\u00fcz bir sa\u00e7 modeli tercih etti. Arkada\u015flar\u0131yla kat\u0131ld\u0131\u011f\u0131 davette farkl\u0131 ve marjinal imaj\u0131yla da herkesin ilgisini \u00e7eken g\u00fczel oyuncu bo\u015fanma haberlerine sessiz kald\u0131. Ayn\u0131 zamanda bu haberlerin PR i\u00e7in de yap\u0131ld\u0131\u011f\u0131 s\u00f6yleniyor. \u00c7ift yak\u0131n zamanda bir derginin \u00e7ekimleri i\u00e7in beraber kamera kar\u015f\u0131s\u0131na ge\u00e7mi\u015fti. Hakk\u0131nda \u00e7\u0131kan bo\u015fanma haberlerine hemen yan\u0131t veren \u00e7ift bu kez sessizli\u011fini koruyor ve konu\u015fulmay\u0131 istiyorlar gibi g\u00f6r\u00fcn\u00fcyor.<\/p>\n<p>\u00c7iftin aras\u0131ndaki bo\u015fanma haberleri ne y\u00f6nde ilerleyecek ilerleyen g\u00fcnlerde belli olacak. Ancak sessizce bo\u015fanmak isteseler de bu m\u00fcmk\u00fcn olmayacak gibi g\u00f6r\u00fcn\u00fcyor. \u00d6yle ki \u00e7iftin avukatlar\u0131yla dahi g\u00f6r\u00fc\u015ft\u00fc\u011f\u00fc bilgisi geziyor.<\/p>\n","protected":false},"excerpt":{"rendered":"<p>Pelin Akil ve An\u0131l Altan \u00e7ifti i\u00e7in yine ayr\u0131l\u0131k \u00e7anlar\u0131 \u00e7al\u0131yor. Ge\u00e7ti\u011fimiz g\u00fcnlerde avukatlarla g\u00f6r\u00fc\u015ferek bo\u015fanma i\u00e7in prosed\u00fcrleri g\u00f6zden ge\u00e7irdikleri s\u00f6ylenen \u00e7ift hi\u00e7bir a\u00e7\u0131klama yapmad\u0131. Sessizce hayat\u0131na devam eden \u00e7ift bo\u015fanma i\u015flemini de sessiz olmas\u0131n\u0131 istiyor. <\/p>\n","protected":false},"author":25,"featured_media":120905,"comment_status":"closed","ping_status":"closed","sticky":false,"template":"","format":"standard","meta":{"rank_math_lock_modified_date":false,"footnotes":""},"categories":[76],"tags":[3497,2507],"class_list":["post-120900","post","type-post","status-publish","format-standard","has-post-thumbnail","hentry","category-magazin","tag-anil-altan","tag-pelin-akil"],"_links":{"self":[{"href":"https:\/\/www.tgrthaber.com\/mavikadin\/wp-json\/wp\/v2\/posts\/120900"}],"collection":[{"href":"https:\/\/www.tgrthaber.com\/mavikadin\/wp-json\/wp\/v2\/posts"}],"about":[{"href":"https:\/\/www.tgrthaber.com\/mavikadin\/wp-json\/wp\/v2\/types\/post"}],"author":[{"embeddable":true,"href":"https:\/\/www.tgrthaber.com\/mavikadin\/wp-json\/wp\/v2\/users\/25"}],"replies":[{"embeddable":true,"href":"https:\/\/www.tgrthaber.com\/mavikadin\/wp-json\/wp\/v2\/comments?post=120900"}],"version-history":[{"count":1,"href":"https:\/\/www.tgrthaber.com\/mavikadin\/wp-json\/wp\/v2\/posts\/120900\/revisions"}],"predecessor-version":[{"id":120906,"href":"https:\/\/www.tgrthaber.com\/mavikadin\/wp-json\/wp\/v2\/posts\/120900\/revisions\/120906"}],"wp:featuredmedia":[{"embeddable":true,"href":"https:\/\/www.tgrthaber.com\/mavikadin\/wp-json\/wp\/v2\/media\/120905"}],"wp:attachment":[{"href":"https:\/\/www.tgrthaber.com\/mavikadin\/wp-json\/wp\/v2\/media?parent=120900"}],"wp:term":[{"taxonomy":"category","embeddable":true,"href":"https:\/\/www.tgrthaber.com\/mavikadin\/wp-json\/wp\/v2\/categories?post=120900"},{"taxonomy":"post_tag","embeddable":true,"href":"https:\/\/www.tgrthaber.com\/mavikadin\/wp-json\/wp\/v2\/tags?post=120900"}],"curies":[{"name":"wp","href":"https:\/\/api.w.org\/{rel}","templated":true}]}}