{"id":120907,"date":"2025-01-13T14:59:46","date_gmt":"2025-01-13T11:59:46","guid":{"rendered":"https:\/\/www.tgrthaber.com\/mavikadin\/?p=120907"},"modified":"2025-01-13T15:00:29","modified_gmt":"2025-01-13T12:00:29","slug":"elcin-sangu-nasil-unlu-oldu-kac-yasinda-ve-aslen-nereli","status":"publish","type":"post","link":"https:\/\/www.tgrthaber.com\/mavikadin\/elcin-sangu-nasil-unlu-oldu-kac-yasinda-ve-aslen-nereli\/","title":{"rendered":"El\u00e7in Sangu nas\u0131l \u00fcnl\u00fc oldu? Ka\u00e7 ya\u015f\u0131nda ve aslen nereli?"},"content":{"rendered":"<p>Son zamanlar\u0131n en \u00e7ok konu\u015fulan ismi El\u00e7in Sangu nas\u0131l \u00fcnl\u00fc oldu? Ay\u015fe Bar\u0131m hakk\u0131nda \u00e7\u0131kan haberlerle ba\u015flayan oyunculuk, reklam ajanslar\u0131 ve menajerler aras\u0131ndaki tart\u0131\u015fma giderek b\u00fcy\u00fcyor. Oyuncular sekt\u00f6r\u00fcndeki tekelle\u015fme ve adam kay\u0131rmalardan rahats\u0131z oldu\u011funu dile getiriyor. Bunlardan biri de El\u00e7in Sangu. Uzun zamand\u0131r ekranlarda olmayan El\u00e7in Sangu oyunculuk sekt\u00f6r\u00fcndeki tekelle\u015fme ve menajerlerin nas\u0131l sekt\u00f6r\u00fc d\u00f6mine etti\u011fini anlatt\u0131. Kiral\u0131k A\u015fk dizisiyle tan\u0131nan El\u00e7in Sangu nas\u0131l \u00fcnl\u00fc oldu herkes merak etti.<\/p>\n<h3>EL\u00c7\u0130N SANGU NASIL \u00dcNL\u00dc OLDU?<\/h3>\n<p>El\u00e7in Sangu 39 ya\u015f\u0131nda ve bir\u00e7ok dizi ve filmde yer alm\u0131\u015f g\u00fczel oyunculardan biri. 2015 ile 2017 y\u0131llar\u0131 aras\u0131nda Kiral\u0131k A\u015ek dizisiyle herkesin tan\u0131d\u0131\u011f\u0131 isim El\u00e7in Sangu bir\u00e7ok dizi ve filmde rol ald\u0131. Ancak oyunculuk kariyeri nas\u0131l ba\u015flad\u0131 merak edilen konu. Mersi \u00dcniversitesi&#8217;nde opera e\u011fitim alan El\u00e7in Sangu sahne oyuncusu olarak bir\u00e7ok tiyatro oyununda yer alm\u0131\u015ft\u0131r. Daha sonra televizyon dizlerine ba\u015flayan El\u00e7in Sangu tan\u0131n\u0131rl\u0131\u011f\u0131n\u0131 b\u00f6ylece artt\u0131rd\u0131.<\/p>\n<p><img loading=\"lazy\" decoding=\"async\" class=\"alignnone size-full wp-image-120915\" src=\"https:\/\/www.tgrthaber.com\/mavikadin\/wp-content\/uploads\/Ekran-goruntusu-2025-01-13-143804.png\" alt=\"\" width=\"611\" height=\"733\" title=\"\" srcset=\"https:\/\/www.tgrthaber.com\/mavikadin\/wp-content\/uploads\/Ekran-goruntusu-2025-01-13-143804.png 611w, https:\/\/www.tgrthaber.com\/mavikadin\/wp-content\/uploads\/Ekran-goruntusu-2025-01-13-143804-250x300.png 250w\" sizes=\"(max-width: 611px) 100vw, 611px\" \/><\/p>\n<hr \/>\n<p>Aslen \u00c7erkez olan El\u00e7in Sangu 1985 y\u0131l\u0131nda \u0130zmir&#8217;de d\u00fcnyaya geldi. Uzun s\u00fcredir i\u015f insan\u0131 Yunus \u00d6zdiken ile beraber olan El\u00e7in Sangu son oyunculuk sekt\u00f6r\u00fc tart\u0131\u015fmalar\u0131na dahil olan isimlerden biri. 2016 y\u0131l\u0131nda da sosyal medyan\u0131n en pop\u00fcler aktrisi se\u00e7ilen El\u00e7in Sangu ayn\u0131 y\u0131l Eyl\u00fcl ay\u0131nda da Instagram\u2019da en fazla takip\u00e7iye sahip onuncu T\u00fcrk oyuncu olarak se\u00e7ildi. \u00dcniversite e\u011fitimini Mersin \u00dcniversitesi Opera B\u00f6l\u00fcm\u00fc&#8217;nde tamamlayan El\u00e7in Sangu Sahne Tozu Tiyatrosu&#8217;nda oyunculuk e\u011fitim de ald\u0131. Dizi d\u00fcnyas\u0131nda h\u0131zla tan\u0131nmaya ba\u015flayan El\u00e7in Sangu 2011 y\u0131l\u0131nda \u00d6yle Bir Ge\u00e7er Zaman Ki dizisinde Jale olarak yer ald\u0131. 2013 ile 2014 y\u0131llar\u0131 aras\u0131nda ise Bir A\u015fk Hikayesi dizisinde Eda karakteriyle ekranlara geldi.<\/p>\n<p><img loading=\"lazy\" decoding=\"async\" class=\"alignnone size-full wp-image-120916\" src=\"https:\/\/www.tgrthaber.com\/mavikadin\/wp-content\/uploads\/Ekran-goruntusu-2025-01-13-143727.png\" alt=\"\" width=\"587\" height=\"760\" title=\"\" srcset=\"https:\/\/www.tgrthaber.com\/mavikadin\/wp-content\/uploads\/Ekran-goruntusu-2025-01-13-143727.png 587w, https:\/\/www.tgrthaber.com\/mavikadin\/wp-content\/uploads\/Ekran-goruntusu-2025-01-13-143727-232x300.png 232w\" sizes=\"(max-width: 587px) 100vw, 587px\" \/><\/p>\n<hr \/>\n<p>2014 y\u0131l\u0131nda Kurt Seyit ve \u015eura&#8217;da G\u00fczide rol\u00fcnde yer alan El\u00e7in Sangu \u00f6nemli bir \u00e7\u0131k\u0131\u015f yapt\u0131. 2015 y\u0131l\u0131nda ise El\u00e7in sangu b\u00fcy\u00fck \u00e7\u0131k\u0131\u015f yapt\u0131\u011f\u0131 Kiral\u0131k A\u015fk dizisiyle tan\u0131nd\u0131. Dizideki Defne karakteriyle sevilen oyuncu 69 b\u00f6l\u00fcm bu dizide yer ald\u0131.<\/p>\n<p>El\u00e7in Sangu bir r\u00f6portaj\u0131nda kariyerine s\u00fcrpriz \u015fekilde ba\u015flad\u0131\u011f\u0131n\u0131 s\u00f6yl\u00fcyor. \u00dcniversite i\u00e7in Mersin&#8217;e giden El\u00e7in Sangu \u0130stanbul&#8217;a gelmi\u015f. \u00d6yle Bir Ge\u00e7er Zamanki dizisi i\u00e7in \u0130stanbul&#8217;a gelen El\u00e7in Sangu o g\u00fcnden beri \u0130stanbul\u2019da ya\u015f\u0131yor.<\/p>\n<p><img loading=\"lazy\" decoding=\"async\" class=\"alignnone size-full wp-image-120917\" src=\"https:\/\/www.tgrthaber.com\/mavikadin\/wp-content\/uploads\/Ekran-goruntusu-2025-01-13-143748.png\" alt=\"\" width=\"637\" height=\"751\" title=\"\" srcset=\"https:\/\/www.tgrthaber.com\/mavikadin\/wp-content\/uploads\/Ekran-goruntusu-2025-01-13-143748.png 637w, https:\/\/www.tgrthaber.com\/mavikadin\/wp-content\/uploads\/Ekran-goruntusu-2025-01-13-143748-254x300.png 254w\" sizes=\"(max-width: 637px) 100vw, 637px\" \/><\/p>\n<hr \/>\n<h3>EL\u00c7\u0130N SANGU OYUNCULU\u011eA NASIL BA\u015eLADI?<\/h3>\n<p>Y\u0131llar \u00f6nce verdi\u011fi bir r\u00f6portajda El\u00e7in Sangu kendisi kariyerine nas\u0131l ba\u015flad\u0131\u011f\u0131n\u0131 anlat\u0131yor. Tesad\u00fcflerle ba\u015flayan ve Kiral\u0131k A\u015fk dizisiyle b\u00fcy\u00fck kitlelere ad\u0131n\u0131 duyuran El\u00e7in Sangu \u015fimdilerde ise oyunculuk sekt\u00f6r\u00fcndeki tekelle\u015fmeyle ilgili \u015fikayetlerini dile getiriyor. El\u00e7in Sangu o d\u00f6nemde r\u00f6portaj\u0131nda \u015f\u00f6yle diyor; Tamamen tesad\u00fcfler ve ko\u015fullar do\u011frultusunda i\u015fin i\u00e7ine girdim. Mersin \u00dcniversitesi\u2019nde opera okudum. O d\u00f6nemlerden beri oyunculu\u011fu \u00e7ok seviyorum hatta sevgimin operan\u0131n bile \u00f6n\u00fcne ge\u00e7ti\u011fi zamanlar oluyordu ama meslek olarak hi\u00e7 d\u00fc\u015f\u00fcnmemi\u015ftim. Etraf\u0131mdaki bir\u00e7ok insan\u0131n te\u015fvikine ra\u011fmen. Benim \u00f6yle bir \u00f6zelli\u011fim de var; biri bir konuda \u0131srar ettik\u00e7e \u00e7ok itici geliyor, konu her neyse hi\u00e7 istemiyorum. Bug\u00fcn ise biliyorum ki ben ba\u015fka bir i\u015f yapamam.&#8217; diyor. El\u00e7in Sangu k\u00fc\u00e7\u00fckken ne olmak istiyordunuz sorusuna ise ;<\/p>\n<p><img loading=\"lazy\" decoding=\"async\" class=\"alignnone size-full wp-image-120918\" src=\"https:\/\/www.tgrthaber.com\/mavikadin\/wp-content\/uploads\/Ekran-goruntusu-2025-01-13-143759.png\" alt=\"\" width=\"653\" height=\"745\" title=\"\" srcset=\"https:\/\/www.tgrthaber.com\/mavikadin\/wp-content\/uploads\/Ekran-goruntusu-2025-01-13-143759.png 653w, https:\/\/www.tgrthaber.com\/mavikadin\/wp-content\/uploads\/Ekran-goruntusu-2025-01-13-143759-263x300.png 263w\" sizes=\"(max-width: 653px) 100vw, 653px\" \/><\/p>\n<hr \/>\n<p>Sanatla ilgili bir konunun i\u00e7inde olmak istiyordum ama ad\u0131n\u0131 oyunculuk diye koymam\u0131\u015ft\u0131m. Bir\u00e7ok \u015fey yapmay\u0131 hayal ediyordum; resim \u00e7izmek, dans etmek, m\u00fczik yapmak, oyuncu olmak&#8230; Ama b\u00fcy\u00fcd\u00fck\u00e7e ve hepsini yapamayaca\u011f\u0131m\u0131 anlad\u0131k\u00e7a hayat beni oyunculu\u011fa y\u00f6neltti. Hatta k\u00fc\u00e7\u00fckl\u00fc\u011f\u00fcme dair t\u00fcm komik ve \u00e7irkin foto\u011fraflar\u0131m i\u00e7in; \u2018Sen \u00fcnl\u00fc olunca biz bunlar\u0131 bas\u0131na verece\u011fiz\u201d diye o y\u0131llardan beri dalga ge\u00e7erler evde benimle.&#8217; diyerek cevap veriyor. Herkesin severek izledi\u011fi isimlerden biri olan El\u00e7in Sangu g\u00fcn\u00fcm\u00fczde ise son zamanlarda kendi kabu\u011funa \u00e7ekilmeyi se\u00e7en isimlerden biri. Ancak oyunculuk sekt\u00f6r\u00fcndeki tekelle\u015fmenin buna neden oldu\u011funu s\u00f6yleyerek kendi sosyal medyadan savunuyor.<\/p>\n","protected":false},"excerpt":{"rendered":"<p>Son zamanlar\u0131n en \u00e7ok konu\u015fulan isimlerinden biri olan El\u00e7in Sangu nas\u0131l \u00fcnl\u00fc oldu merak ediliyor. Herkesin ilgisini \u00e7eken isim El\u00e7in Sangu aslen nereli ve ka\u00e7 ya\u015f\u0131nda t\u00fcm detaylar haberimizde. <\/p>\n","protected":false},"author":25,"featured_media":120919,"comment_status":"closed","ping_status":"closed","sticky":false,"template":"","format":"standard","meta":{"rank_math_lock_modified_date":false,"footnotes":""},"categories":[76],"tags":[7462,2333,8001,8000],"class_list":["post-120907","post","type-post","status-publish","format-standard","has-post-thumbnail","hentry","category-magazin","tag-ayse-barim","tag-elcin-sangu","tag-elcin-sangu-hayati","tag-nasil-unlu-oldu"],"_links":{"self":[{"href":"https:\/\/www.tgrthaber.com\/mavikadin\/wp-json\/wp\/v2\/posts\/120907"}],"collection":[{"href":"https:\/\/www.tgrthaber.com\/mavikadin\/wp-json\/wp\/v2\/posts"}],"about":[{"href":"https:\/\/www.tgrthaber.com\/mavikadin\/wp-json\/wp\/v2\/types\/post"}],"author":[{"embeddable":true,"href":"https:\/\/www.tgrthaber.com\/mavikadin\/wp-json\/wp\/v2\/users\/25"}],"replies":[{"embeddable":true,"href":"https:\/\/www.tgrthaber.com\/mavikadin\/wp-json\/wp\/v2\/comments?post=120907"}],"version-history":[{"count":2,"href":"https:\/\/www.tgrthaber.com\/mavikadin\/wp-json\/wp\/v2\/posts\/120907\/revisions"}],"predecessor-version":[{"id":120921,"href":"https:\/\/www.tgrthaber.com\/mavikadin\/wp-json\/wp\/v2\/posts\/120907\/revisions\/120921"}],"wp:featuredmedia":[{"embeddable":true,"href":"https:\/\/www.tgrthaber.com\/mavikadin\/wp-json\/wp\/v2\/media\/120919"}],"wp:attachment":[{"href":"https:\/\/www.tgrthaber.com\/mavikadin\/wp-json\/wp\/v2\/media?parent=120907"}],"wp:term":[{"taxonomy":"category","embeddable":true,"href":"https:\/\/www.tgrthaber.com\/mavikadin\/wp-json\/wp\/v2\/categories?post=120907"},{"taxonomy":"post_tag","embeddable":true,"href":"https:\/\/www.tgrthaber.com\/mavikadin\/wp-json\/wp\/v2\/tags?post=120907"}],"curies":[{"name":"wp","href":"https:\/\/api.w.org\/{rel}","templated":true}]}}