{"id":120922,"date":"2025-01-13T15:34:46","date_gmt":"2025-01-13T12:34:46","guid":{"rendered":"https:\/\/www.tgrthaber.com\/mavikadin\/?p=120922"},"modified":"2025-01-13T15:34:47","modified_gmt":"2025-01-13T12:34:47","slug":"kizilcik-serbeti-dizisinin-nursemasi-ceren-karakoctan-roman-havasi-sovu","status":"publish","type":"post","link":"https:\/\/www.tgrthaber.com\/mavikadin\/kizilcik-serbeti-dizisinin-nursemasi-ceren-karakoctan-roman-havasi-sovu\/","title":{"rendered":"K\u0131z\u0131lc\u0131k \u015eerbeti dizisinin Nursema&#8217;s\u0131 Ceren Karako\u00e7&#8217;tan roman havas\u0131 \u015fovu"},"content":{"rendered":"<p>K\u0131z\u0131lc\u0131k \u015eerbeti dizisinin Nursema&#8217;s\u0131 Ceren Karako\u00e7&#8217;tan roman havas\u0131 \u015fovu geldi. Herkesin be\u011fendi\u011fi roman dans\u0131 sonras\u0131 sosyal medyada bir\u00e7ok yorum geldi. Dizinin en sevilen karakterlerinden biri olan Ceren Karako\u00e7 K\u0131z\u0131lc\u0131k \u015eerbeti dizisinin setinde biraz e\u011flendi.<\/p>\n<h3>KIZILCIK \u015eERBET\u0130 D\u0130Z\u0130S\u0130N\u0130N NURSEMA&#8217;SI ROMAN HAVASIYLA CO\u015eTU<\/h3>\n<p>K\u0131z\u0131lc\u0131k \u015eerbeti dizisinin Nursema&#8217;s\u0131 Ceren Karako\u00e7 darbuka ve kemanla \u00e7al\u0131nan roman havas\u0131na kay\u0131ts\u0131z kalmad\u0131. B\u00fct\u00fcn kurtlar\u0131n\u0131 d\u00f6ken oyuncu b\u00fct\u00fcn setin yorgunlu\u011funu ve stresini adeta \u00fczerinden att\u0131. Herkesin severek izledi\u011fi dizi K\u0131z\u0131lc\u0131k \u015eerbeti&#8217;nde Nursema karakterini oynayan Ceren Karako\u00e7 sette roman havas\u0131yla e\u011flendi. O anlar\u0131 kameraya alan arkada\u015flar\u0131 ise sosyal medyadan payla\u015ft\u0131. Herkesin sosyal medyada h\u0131zla yayarak yorum yapt\u0131\u011f\u0131 g\u00f6r\u00fcnt\u00fclerde g\u00fczel oyuncu b\u00fct\u00fcn kurtlar\u0131n\u0131 d\u00f6kt\u00fc. Roman havas\u0131n\u0131n e\u011flenceli melodilerine ayak uyduran Ceren Karako\u00e7 doyas\u0131ya dans etti.<\/p>\n<div style=\"width: 640px;\" class=\"wp-video\"><!--[if lt IE 9]><script>document.createElement('video');<\/script><![endif]-->\n<video class=\"wp-video-shortcode\" id=\"video-120922-1\" width=\"640\" height=\"523\" preload=\"metadata\" controls=\"controls\"><source type=\"video\/mp4\" src=\"https:\/\/www.tgrthaber.com\/mavikadin\/wp-content\/uploads\/Video-by-capamagmagazin-insta.mp4?_=1\" \/><a href=\"https:\/\/www.tgrthaber.com\/mavikadin\/wp-content\/uploads\/Video-by-capamagmagazin-insta.mp4\">https:\/\/www.tgrthaber.com\/mavikadin\/wp-content\/uploads\/Video-by-capamagmagazin-insta.mp4<\/a><\/video><\/div>\n<hr \/>\n<p>Roman havas\u0131na ayak uydurmas\u0131 ve \u00e7ok g\u00fczel \u015fekilde oynamas\u0131 da g\u00f6zlerden ka\u00e7mad\u0131. Ceren Karako\u00e7 roman havas\u0131nda bir usta dedirtti herkese. G\u00fczel oyuncu e\u011flenmeyi ve oynamay\u0131 bir hayli \u00a0seviyor gibi g\u00f6r\u00fcn\u00fcyor. \u00d6yle ki roman havas\u0131 \u00e7ald\u0131\u011f\u0131 s\u00fcrece hi\u00e7 durmad\u0131.<\/p>\n<p>K\u0131z\u0131lc\u0131k \u015eerbeti dizisiyle ekranlara gelen Ceren Karako\u00e7\u2019un \u015fimdilerde tekelle\u015fme tart\u0131\u015fmalar\u0131n\u0131n s\u00fcrd\u00fc\u011f\u00fc g\u00fcnlerde \u00f6nceden bu konudaki konu\u015fmalar\u0131n\u0131n da oldu\u011fu g\u00f6r\u00fcld\u00fc. K\u0131z\u0131lc\u0131k \u015eerbeti dizisinin en sevilen ve en \u00e7ok konu\u015fulan karakterlerinden biri olan Nursema&#8217;y\u0131 oynayan Ceren Karako\u00e7 ge\u00e7ti\u011fimiz sene sekt\u00f6rdeki tekelle\u015fme hakk\u0131nda konu\u015fmu\u015f. Arma\u011fan \u00c7a\u011flayan\u2019\u0131n program\u0131na kat\u0131lan oyuncu orada sekt\u00f6rdeki tekelle\u015fmeden bahsetmi\u015f.<\/p>\n<p><img loading=\"lazy\" decoding=\"async\" class=\"alignnone size-full wp-image-120936\" src=\"https:\/\/www.tgrthaber.com\/mavikadin\/wp-content\/uploads\/Ekran-goruntusu-2025-01-13-153050.png\" alt=\"\" width=\"638\" height=\"772\" title=\"\" srcset=\"https:\/\/www.tgrthaber.com\/mavikadin\/wp-content\/uploads\/Ekran-goruntusu-2025-01-13-153050.png 638w, https:\/\/www.tgrthaber.com\/mavikadin\/wp-content\/uploads\/Ekran-goruntusu-2025-01-13-153050-248x300.png 248w\" sizes=\"(max-width: 638px) 100vw, 638px\" \/><\/p>\n<hr \/>\n<p>Kendisine kimsenin \u015fans vermedi\u011fini s\u00f6yleyen Ceren Karako\u00e7 \u0130stanbul&#8217;da oyunculu\u011fa ba\u015flama s\u00fcrecini de anlatm\u0131\u015ft\u0131. Birilerinin sana \u015fans vermesini istiyorsun o y\u00fczden \u0130stanbul s\u00fcrecim de \u00e7ok sanc\u0131l\u0131 ge\u00e7ti. Audition verdim her yere y\u00f6netmenle g\u00f6r\u00fc\u015fmek istedim ama olmad\u0131. No name oldu\u011fumu s\u00f6ylediler ama bir \u015fans verin o zaman bana bir yerde 9 y\u0131l \u00e7al\u0131\u015ft\u0131m ama yok bunu g\u00f6rmezden geliyorlar. Bu rol size uygun ama celebrity de\u011filsin \u00a0diyorlar. Kendimi g\u00f6sterme \u015fans\u0131m olsun en az\u0131ndan&#8217; diyerek konu\u015fmu\u015ftu.<\/p>\n<p><img loading=\"lazy\" decoding=\"async\" class=\"alignnone size-full wp-image-120937\" src=\"https:\/\/www.tgrthaber.com\/mavikadin\/wp-content\/uploads\/Ekran-goruntusu-2025-01-13-153105.png\" alt=\"\" width=\"602\" height=\"759\" title=\"\" srcset=\"https:\/\/www.tgrthaber.com\/mavikadin\/wp-content\/uploads\/Ekran-goruntusu-2025-01-13-153105.png 602w, https:\/\/www.tgrthaber.com\/mavikadin\/wp-content\/uploads\/Ekran-goruntusu-2025-01-13-153105-238x300.png 238w\" sizes=\"(max-width: 602px) 100vw, 602px\" \/><\/p>\n<hr \/>\n<p>Herkesin \u015fimdilerde ilgisini \u00e7eken oyunculuk sekt\u00f6r\u00fcndeki tekelle\u015fme ile ilgili her zaman dile getirilen isyanlar ve \u015fikayetler \u015fimdi g\u00f6z \u00f6n\u00fcne gelmeye ba\u015flad\u0131. Sekt\u00f6rdeki kimi oyuncular tekelle\u015fme olmad\u0131\u011f\u0131n\u0131 s\u00f6ylerken kimileri ise bunu do\u011fruluyor.<\/p>\n","protected":false},"excerpt":{"rendered":"<p>K\u0131z\u0131lc\u0131k \u015eerbeti dizisinin Nursema&#8217;s\u0131 roman havas\u0131yla adeta co\u015ftu. Herkesin be\u011fendi\u011fi roman dans\u0131 sosyal medyada g\u00fcndem oldu. <\/p>\n","protected":false},"author":25,"featured_media":120938,"comment_status":"closed","ping_status":"closed","sticky":false,"template":"","format":"standard","meta":{"rank_math_lock_modified_date":false,"footnotes":""},"categories":[76],"tags":[6191,157],"class_list":["post-120922","post","type-post","status-publish","format-standard","has-post-thumbnail","hentry","category-magazin","tag-ceren-karakoc","tag-kizilcik-serbeti"],"_links":{"self":[{"href":"https:\/\/www.tgrthaber.com\/mavikadin\/wp-json\/wp\/v2\/posts\/120922"}],"collection":[{"href":"https:\/\/www.tgrthaber.com\/mavikadin\/wp-json\/wp\/v2\/posts"}],"about":[{"href":"https:\/\/www.tgrthaber.com\/mavikadin\/wp-json\/wp\/v2\/types\/post"}],"author":[{"embeddable":true,"href":"https:\/\/www.tgrthaber.com\/mavikadin\/wp-json\/wp\/v2\/users\/25"}],"replies":[{"embeddable":true,"href":"https:\/\/www.tgrthaber.com\/mavikadin\/wp-json\/wp\/v2\/comments?post=120922"}],"version-history":[{"count":1,"href":"https:\/\/www.tgrthaber.com\/mavikadin\/wp-json\/wp\/v2\/posts\/120922\/revisions"}],"predecessor-version":[{"id":120939,"href":"https:\/\/www.tgrthaber.com\/mavikadin\/wp-json\/wp\/v2\/posts\/120922\/revisions\/120939"}],"wp:featuredmedia":[{"embeddable":true,"href":"https:\/\/www.tgrthaber.com\/mavikadin\/wp-json\/wp\/v2\/media\/120938"}],"wp:attachment":[{"href":"https:\/\/www.tgrthaber.com\/mavikadin\/wp-json\/wp\/v2\/media?parent=120922"}],"wp:term":[{"taxonomy":"category","embeddable":true,"href":"https:\/\/www.tgrthaber.com\/mavikadin\/wp-json\/wp\/v2\/categories?post=120922"},{"taxonomy":"post_tag","embeddable":true,"href":"https:\/\/www.tgrthaber.com\/mavikadin\/wp-json\/wp\/v2\/tags?post=120922"}],"curies":[{"name":"wp","href":"https:\/\/api.w.org\/{rel}","templated":true}]}}