{"id":120970,"date":"2025-01-13T20:23:58","date_gmt":"2025-01-13T17:23:58","guid":{"rendered":"https:\/\/www.tgrthaber.com\/mavikadin\/?p=120970"},"modified":"2025-01-13T20:30:09","modified_gmt":"2025-01-13T17:30:09","slug":"2025-dogum-yardimi-parasi-ne-kadar-dogum-parasi-sartlari-ve-basvurusu-icin-yapilmasi-gerekenler","status":"publish","type":"post","link":"https:\/\/www.tgrthaber.com\/mavikadin\/2025-dogum-yardimi-parasi-ne-kadar-dogum-parasi-sartlari-ve-basvurusu-icin-yapilmasi-gerekenler\/","title":{"rendered":"2025 Do\u011fum yard\u0131m\u0131 paras\u0131 ne kadar? Do\u011fum paras\u0131 \u015fartlar\u0131 ve ba\u015fvurusu i\u00e7in yap\u0131lmas\u0131 gerekenler"},"content":{"rendered":"<p>Gen\u00e7 ya\u015fl\u0131 demeden herkesin d\u00f6rt g\u00f6zle bekledi\u011fi yeni asgari \u00fccret miktar\u0131n\u0131n belirlenmesinden sonra 2025 y\u0131l\u0131 i\u00e7erisinde ger\u00e7ekle\u015ftirilecek olan do\u011fumlar\u0131n paras\u0131, do\u011fum yard\u0131m\u0131 ve emzirme \u00f6dene\u011fi gibi maddi yard\u0131m konular\u0131 b\u00fcy\u00fck \u00f6l\u00e7\u00fcde ara\u015ft\u0131r\u0131l\u0131r oldu.<\/p>\n<p>Ocak ay\u0131nda yeni asgari \u00fccret rakam\u0131n\u0131n belli olmas\u0131 ile beraber Sosyal G\u00fcvenlik Kurumu ile sigortal\u0131 \u00e7al\u0131\u015fan kimselerin hak sahiplerine verilen \u00f6deneklerin rakamlar\u0131 a\u00e7\u0131kland\u0131.<\/p>\n<h3>DO\u011eUM PARASI NED\u0130R, DO\u011eUM PARASI NASIL HESAPLANIR?<\/h3>\n<p>Sigortal\u0131 bir \u015fekilde \u00e7al\u0131\u015fan annelere bebeklerini d\u00fcnyaya getirmeden \u00f6nce ve sonras\u0131nda toplamda 112 g\u00fcn i\u00e7in verilen maddi bir yard\u0131m olan bu do\u011fum paras\u0131 belirli \u015fartlara g\u00f6re hesaplanmaktad\u0131r.<\/p>\n<p>\u00c7al\u0131\u015fan annenin son 12 ayl\u0131k br\u00fct kazanc\u0131n\u0131n esas al\u0131nmas\u0131 ve bu rakam \u00fczerinden hesaplama yap\u0131lmas\u0131 ile g\u00fcnl\u00fck kazanc\u0131n \u00fc\u00e7te ikisi olarak belirlenir.<\/p>\n<p><img loading=\"lazy\" decoding=\"async\" class=\"alignnone wp-image-121050\" src=\"https:\/\/www.tgrthaber.com\/mavikadin\/wp-content\/uploads\/332.png\" alt=\"\" width=\"1208\" height=\"688\" title=\"\" srcset=\"https:\/\/www.tgrthaber.com\/mavikadin\/wp-content\/uploads\/332.png 822w, https:\/\/www.tgrthaber.com\/mavikadin\/wp-content\/uploads\/332-300x171.png 300w, https:\/\/www.tgrthaber.com\/mavikadin\/wp-content\/uploads\/332-768x437.png 768w\" sizes=\"(max-width: 1208px) 100vw, 1208px\" \/><\/p>\n<hr \/>\n<p>E\u011fer anne aday\u0131n\u0131n durumunda \u00e7o\u011ful gebelik (ikiz, \u00fc\u00e7\u00fcz vs.) varsa; do\u011fum yapmadan \u00f6nce izni fazladan 2 hafta yani 14 g\u00fcn kadar olmak \u00fczere en fazla 126 g\u00fcn belirlenmektedir.<\/p>\n<p>E\u011fer\u00a0 126 g\u00fcnden fazla girilirse sistem 126 g\u00fcn \u00fczerinden hesaplama i\u015flemine giri\u015fecektir.<\/p>\n<p>Daha iyi anla\u015f\u0131labilir olmas\u0131 ad\u0131na \u00f6rnek verecek olursak, mesle\u011finden asgari \u00fccret kazanan bir anne i\u00e7in 2025 y\u0131l\u0131 i\u00e7erisinde alaca\u011f\u0131 toplam do\u011fum paras\u0131 \u00f6demesi ortalama 64.624 TL&#8217;ye tekab\u00fcl etmektedir.<\/p>\n<p>Do\u011fum paras\u0131n\u0131n annenin hesab\u0131na yat\u0131p yatmad\u0131\u011f\u0131 ise \u2018turkiye.gov.tr\u2019 sitesinden kontrol edilebilir olmaktad\u0131r. Do\u011fum paras\u0131, taze annenin ismine\u00a0 a\u00e7\u0131lan Ziraat Bankas\u0131 hesab\u0131na do\u011fum izni sona erdikten sonra yatmaktad\u0131r. E\u011fer \u00f6demenin bu \u015fekilde al\u0131nmas\u0131 istenmezse; m\u00fcraacatta bulunan kimseler PTT \u015fubesine giderek kendileri paray\u0131 \u00e7ekebiliyor.<\/p>\n<h3>BA\u015eKAN RECEP TAYY\u0130P ERDO\u011eAN&#8217;DAN \u00c7OCUK YARDIMI A\u00c7IKLAMASI<\/h3>\n<p>&#8216;Aile Y\u0131l\u0131 Tan\u0131t\u0131m Program\u0131&#8217;n\u0131n Be\u015ftepe Millet Kongre ve K\u00fclt\u00fcr Merkezi&#8217;nde ger\u00e7ekle\u015ftirildi\u011fi toplant\u0131da konu\u015fma yapan Ba\u015fkan Erdo\u011fan, \u00a0\u201c2025 y\u0131l\u0131n\u0131 Aile Y\u0131l\u0131 ilan ettik. Aile Y\u0131l\u0131 kapsam\u0131nda bir\u00e7ok yeni projeyi de hayata ge\u00e7iriyoruz.\u201d diyerek m\u00fcjdeleri s\u0131ralad\u0131.<\/p>\n<h3>B\u0130R\u0130NC\u0130, \u0130K\u0130NC\u0130 VE VE \u00dc\u00c7\u00dcNC\u00dc \u00c7OCUK \u0130\u00c7\u0130N DO\u011eUM PARASI NE KADAR OLACAK?<\/h3>\n<p>Ba\u015fkan Erdo\u011fan vatanda\u015flara y\u00f6nelik yapt\u0131\u011f\u0131 do\u011fum yard\u0131mlar\u0131 konusunda do\u011fuma te\u015fvik ve do\u011fum oranlar\u0131n\u0131 artt\u0131rmaya y\u00f6nelik uygulamada \u00f6nemli bilgilendirmelerde bulundu.<\/p>\n<p><img loading=\"lazy\" decoding=\"async\" class=\"alignnone wp-image-121051 size-full\" src=\"https:\/\/www.tgrthaber.com\/mavikadin\/wp-content\/uploads\/anne-bebek.jpg\" alt=\"\" width=\"1280\" height=\"720\" title=\"\" srcset=\"https:\/\/www.tgrthaber.com\/mavikadin\/wp-content\/uploads\/anne-bebek.jpg 1280w, https:\/\/www.tgrthaber.com\/mavikadin\/wp-content\/uploads\/anne-bebek-300x169.jpg 300w, https:\/\/www.tgrthaber.com\/mavikadin\/wp-content\/uploads\/anne-bebek-1024x576.jpg 1024w, https:\/\/www.tgrthaber.com\/mavikadin\/wp-content\/uploads\/anne-bebek-768x432.jpg 768w\" sizes=\"(max-width: 1280px) 100vw, 1280px\" \/><\/p>\n<hr \/>\n<p>Erdo\u011fan, \u201cDo\u011fum yard\u0131mlar\u0131m\u0131z\u0131 da \u00f6nemli \u00f6l\u00e7\u00fcde art\u0131r\u0131yoruz. \u0130lk \u00e7ocuk i\u00e7in do\u011fum yard\u0131m\u0131n\u0131 5 bin liraya y\u00fckseltiyoruz. \u0130kinci \u00e7ocuk i\u00e7in her ay 1500 lira, ikinci \u00e7ocuk ve sonraki \u00e7ocuklar i\u00e7in her ay 5 bin lira olacak \u015fekilde \u00e7ocuk yard\u0131mlar\u0131n\u0131 devreye al\u0131yoruz. Yeni do\u011facak ikinci ve sonraki \u00e7ocuklar i\u00e7in hi\u00e7bir \u015fart g\u00f6zetmeksizin her ay annelerin hesaplar\u0131na yat\u0131raca\u011f\u0131z. Bu m\u00fcjdemizin de ailelerimize hay\u0131rl\u0131 u\u011furlu olmas\u0131n\u0131 diliyorum.\u201d \u015feklinde bir ifadede bulunarak ailelerin merak etti\u011fi do\u011fum yard\u0131m\u0131 konusunda bilgilendirmede bulundu.<\/p>\n<p>Erdo\u011fan&#8217;\u0131n a\u00e7\u0131klad\u0131\u011f\u0131 bu do\u011fum paras\u0131 \u00f6denekleri; anne adaylar\u0131n\u0131n \u00e7al\u0131\u015f\u0131p \u00e7al\u0131\u015fmad\u0131\u011f\u0131 gibi ayr\u0131mlar g\u00f6zetilmeksizin, canl\u0131 do\u011fum ger\u00e7ekle\u015ftiren t\u00fcm annelere verilmektedir. Erdo\u011fan&#8217;\u0131n bahsetti\u011fi bu do\u011fum yard\u0131m\u0131 \u00f6demesi i\u00e7in Aile ve Sosyal Hizmetler Bakanl\u0131\u011f\u0131 il m\u00fcd\u00fcrl\u00fcklerine ya da sosyal hizmet merkezlerine ba\u015fvuru yap\u0131lmas\u0131 gerekmektedir.<\/p>\n<p><strong>DO\u011eUM RAPOR PARASINI ALAB\u0130LMEK \u0130\u00c7\u0130N ANNELERDE ARANAN BA\u015eLICA \u015eARTLAR<\/strong><\/p>\n<p>Do\u011fum yapan \u00e7i\u00e7e\u011fi burnunda taze annenin Erdo\u011fan&#8217;\u0131n m\u00fcjdeledi\u011fi do\u011fum \u00fccretini alabilmesi i\u00e7in baz\u0131 \u015fartlar\u0131 sa\u011flamas\u0131 gerekmektedir. Bu \u015fartlar ise \u015fu \u015fekildedir;<\/p>\n<p><img loading=\"lazy\" decoding=\"async\" class=\"alignnone wp-image-115687\" src=\"https:\/\/www.tgrthaber.com\/mavikadin\/wp-content\/uploads\/1-45.jpg\" alt=\"\" width=\"1208\" height=\"680\" title=\"\" srcset=\"https:\/\/www.tgrthaber.com\/mavikadin\/wp-content\/uploads\/1-45.jpg 1920w, https:\/\/www.tgrthaber.com\/mavikadin\/wp-content\/uploads\/1-45-300x169.jpg 300w, https:\/\/www.tgrthaber.com\/mavikadin\/wp-content\/uploads\/1-45-1024x576.jpg 1024w, https:\/\/www.tgrthaber.com\/mavikadin\/wp-content\/uploads\/1-45-768x432.jpg 768w, https:\/\/www.tgrthaber.com\/mavikadin\/wp-content\/uploads\/1-45-1536x864.jpg 1536w\" sizes=\"(max-width: 1208px) 100vw, 1208px\" \/><\/p>\n<hr \/>\n<p>-Bebe\u011fine kavu\u015fan annenin do\u011fumunu ger\u00e7ekle\u015ftirmeden \u00f6nceki 1 y\u0131l i\u00e7inde en az 90 g\u00fcn sigorta primi yat\u0131r\u0131lm\u0131\u015f olmas\u0131 gerekir, aksi takdirde bu yard\u0131mdan faydalan\u0131lamaz. Ayr\u0131ca do\u011fum izni ba\u015flamadan \u00f6nce i\u015ften ayr\u0131lanlar\u0131n bu do\u011fum paras\u0131 \u00f6dene\u011fini alamad\u0131\u011f\u0131 da bilinmektedir.<\/p>\n<p>-\u00c7al\u0131\u015fan ad\u0131n\u0131n i\u015fyerindeki mevcut olan sigortal\u0131l\u0131k halinin s\u00fcrd\u00fcr\u00fcl\u00fcyor olmas\u0131 gerekmektedir. Raporda belirtildi\u011fi s\u00fcre i\u00e7erisinde yani 112 g\u00fcn i\u00e7inde i\u015fyerinde \u00e7al\u0131\u015fmamak \u015fart olarak g\u00f6r\u00fclmektedir.<\/p>\n<p>-Kad\u0131n \u00e7al\u0131\u015fan ki\u015fi, doktordan alaca\u011f\u0131 raporu i\u015fyerine uzun s\u00fcre vakit ge\u00e7irmeden teslim etmelidir. Bunun d\u0131\u015f\u0131ndaki b\u00fct\u00fcn i\u015flemler i\u015fyeri taraf\u0131ndan ger\u00e7ekle\u015ftirilmektedir.<\/p>\n","protected":false},"excerpt":{"rendered":"<p>1 Ocak tarihinden itibaren Asgari \u00fccret miktar\u0131n\u0131n netle\u015fmesi ile 2025 y\u0131l\u0131 do\u011fum paras\u0131 da en \u00e7ok ara\u015ft\u0131r\u0131lan konulardan oldu. Yeni do\u011fum yapan annelere ve ailelere y\u00f6nelik gerekli maddi deste\u011fin sa\u011flanaca\u011f\u0131 y\u00f6n\u00fcnde m\u00fcjde veren Erdo\u011fan&#8217;\u0131n 2025 y\u0131l\u0131 do\u011fum paras\u0131 i\u00e7in o a\u00e7\u0131klamalar\u0131&#8230;<\/p>\n","protected":false},"author":27,"featured_media":121048,"comment_status":"closed","ping_status":"closed","sticky":false,"template":"","format":"standard","meta":{"rank_math_lock_modified_date":false,"footnotes":""},"categories":[111],"tags":[8025,8022,8023,8024,4371],"class_list":["post-120970","post","type-post","status-publish","format-standard","has-post-thumbnail","hentry","category-anne-cocuk","tag-2025-yili-dogum-parasi-ne-kadar-veriliyor","tag-dogum-parasi","tag-dogum-parasi-2025","tag-dogum-parasi-basvuru","tag-erdogan"],"_links":{"self":[{"href":"https:\/\/www.tgrthaber.com\/mavikadin\/wp-json\/wp\/v2\/posts\/120970"}],"collection":[{"href":"https:\/\/www.tgrthaber.com\/mavikadin\/wp-json\/wp\/v2\/posts"}],"about":[{"href":"https:\/\/www.tgrthaber.com\/mavikadin\/wp-json\/wp\/v2\/types\/post"}],"author":[{"embeddable":true,"href":"https:\/\/www.tgrthaber.com\/mavikadin\/wp-json\/wp\/v2\/users\/27"}],"replies":[{"embeddable":true,"href":"https:\/\/www.tgrthaber.com\/mavikadin\/wp-json\/wp\/v2\/comments?post=120970"}],"version-history":[{"count":3,"href":"https:\/\/www.tgrthaber.com\/mavikadin\/wp-json\/wp\/v2\/posts\/120970\/revisions"}],"predecessor-version":[{"id":121068,"href":"https:\/\/www.tgrthaber.com\/mavikadin\/wp-json\/wp\/v2\/posts\/120970\/revisions\/121068"}],"wp:featuredmedia":[{"embeddable":true,"href":"https:\/\/www.tgrthaber.com\/mavikadin\/wp-json\/wp\/v2\/media\/121048"}],"wp:attachment":[{"href":"https:\/\/www.tgrthaber.com\/mavikadin\/wp-json\/wp\/v2\/media?parent=120970"}],"wp:term":[{"taxonomy":"category","embeddable":true,"href":"https:\/\/www.tgrthaber.com\/mavikadin\/wp-json\/wp\/v2\/categories?post=120970"},{"taxonomy":"post_tag","embeddable":true,"href":"https:\/\/www.tgrthaber.com\/mavikadin\/wp-json\/wp\/v2\/tags?post=120970"}],"curies":[{"name":"wp","href":"https:\/\/api.w.org\/{rel}","templated":true}]}}