{"id":120989,"date":"2025-01-13T18:31:35","date_gmt":"2025-01-13T15:31:35","guid":{"rendered":"https:\/\/www.tgrthaber.com\/mavikadin\/?p=120989"},"modified":"2025-01-13T18:44:05","modified_gmt":"2025-01-13T15:44:05","slug":"survivor-2025te-adem-kilicciya-elestiri-yagmuru-kadin-yarismacilara-tavri-tepki-topladi","status":"publish","type":"post","link":"https:\/\/www.tgrthaber.com\/mavikadin\/survivor-2025te-adem-kilicciya-elestiri-yagmuru-kadin-yarismacilara-tavri-tepki-topladi\/","title":{"rendered":"Survivor 2025\u2019te Adem K\u0131l\u0131\u00e7c\u0131&#8217;ya ele\u015ftiri ya\u011fmuru! Kad\u0131n yar\u0131\u015fmac\u0131lara tavr\u0131 tepki toplad\u0131"},"content":{"rendered":"<p class=\"p2\">Survivor 2025, gerilim ve rekabet dolu atmosferiyle yeni sezonunda yine ad\u0131ndan s\u00f6z ettiriyor. Ancak bu kez, izleyicilerin dikkatini \u00e7eken yaln\u0131zca parkurlardaki m\u00fccadele de\u011fil. Adem\u2019in kad\u0131n yar\u0131\u015fmac\u0131lara y\u00f6nelik sergiledi\u011fi tutum ve tak\u0131m arkada\u015flar\u0131yla ya\u015fad\u0131\u011f\u0131 gerginlikler, program\u0131n g\u00fcndemine damgas\u0131n\u0131 vurdu. Hem ekran ba\u015f\u0131nda hem de sosyal medyada geni\u015f yank\u0131 bulan bu davran\u0131\u015flar, Survivor tarihine damga vuran tart\u0131\u015fmalardan biri olmaya aday g\u00f6r\u00fcn\u00fcyor. Survivor Adem&#8217;in kad\u0131nlara olan rahats\u0131z edici tutumu sosyal medyan\u0131n da g\u00fcndemine oturdu.<\/p>\n<h3 class=\"p1\"><b>SURV\u0130VOR 2025&#8217;TE ADEM&#8217;E ELE\u015eT\u0130R\u0130 YA\u011eMURU!\u00a0<\/b><\/h3>\n<p class=\"p1\">Son b\u00f6l\u00fcmlerde Adem, tak\u0131m i\u00e7indeki gerilimlerin ba\u015f akt\u00f6rlerinden biri oldu. \u00d6zellikle kad\u0131n yar\u0131\u015fmac\u0131lara kar\u015f\u0131 sergiledi\u011fi tutum, tak\u0131m arkada\u015f\u0131 Efecan taraf\u0131ndan a\u00e7\u0131k\u00e7a ele\u015ftirildi. Survivor\u2019\u0131n yay\u0131nlanan yeni b\u00f6l\u00fcm fragman\u0131nda Efecan, Adem\u2019in kulland\u0131\u011f\u0131 ifadelerin rahats\u0131z edici oldu\u011funu belirtti ve bu tutumun tak\u0131m\u0131n uyumunu zedeledi\u011fini vurgulad\u0131. Adem\u2019in bu yakla\u015f\u0131m\u0131, tak\u0131m arkada\u015flar\u0131 aras\u0131nda da huzursuzlu\u011fa neden oldu.<\/p>\n<p><img loading=\"lazy\" decoding=\"async\" class=\"alignnone wp-image-120996 \" src=\"https:\/\/www.tgrthaber.com\/mavikadin\/wp-content\/uploads\/Ekran-Resmi-2025-01-13-18.26.19.png\" alt=\"\" width=\"993\" height=\"589\" title=\"\" srcset=\"https:\/\/www.tgrthaber.com\/mavikadin\/wp-content\/uploads\/Ekran-Resmi-2025-01-13-18.26.19.png 944w, https:\/\/www.tgrthaber.com\/mavikadin\/wp-content\/uploads\/Ekran-Resmi-2025-01-13-18.26.19-300x178.png 300w, https:\/\/www.tgrthaber.com\/mavikadin\/wp-content\/uploads\/Ekran-Resmi-2025-01-13-18.26.19-768x456.png 768w\" sizes=\"(max-width: 993px) 100vw, 993px\" \/><\/p>\n<hr \/>\n<p class=\"p1\">Adem\u2019in, ge\u00e7ti\u011fimiz g\u00fcnlerde bir oyuna \u00e7\u0131kmay\u0131 reddetmesi ise ele\u015ftirilerin fitilini ate\u015fleyen ilk olay olmu\u015ftu. Efecan\u2019\u0131n bu \u00e7\u0131k\u0131\u015f\u0131, di\u011fer yar\u0131\u015fmac\u0131lar aras\u0131nda da Adem\u2019in tav\u0131rlar\u0131na y\u00f6nelik bir sorgulama ba\u015flatm\u0131\u015f gibi g\u00f6r\u00fcn\u00fcyor.<\/p>\n<h3 class=\"p1\"><b>SOSYAL MEDYA ADEM\u2019\u0130 KONU\u015eUYOR<\/b><b><\/b><\/h3>\n<p class=\"p1\">Adem\u2019in kad\u0131n yar\u0131\u015fmac\u0131lara y\u00f6nelik tavr\u0131 ve tak\u0131m i\u00e7indeki gerilim, izleyiciler taraf\u0131ndan da geni\u015f \u00e7apta tart\u0131\u015f\u0131l\u0131yor. Twitter ve Instagram gibi platformlarda yar\u0131\u015fma takip\u00e7ileri, Adem\u2019in davran\u0131\u015flar\u0131n\u0131 ele\u015ftiren ve savunan iki farkl\u0131 kampa ayr\u0131lm\u0131\u015f durumda. Baz\u0131 kullan\u0131c\u0131lar, Survivor\u2019\u0131n zorlu rekabet ko\u015fullar\u0131nda bu t\u00fcr tav\u0131rlar\u0131n kabul edilemez oldu\u011funu savunurken, di\u011ferleri Adem\u2019i stratejik bir yar\u0131\u015fmac\u0131 olarak g\u00f6r\u00fcyor ve bu durumun rekabetin do\u011fal bir sonucu oldu\u011funu ifade ediyor.<\/p>\n<div style=\"width: 640px;\" class=\"wp-video\"><!--[if lt IE 9]><script>document.createElement('video');<\/script><![endif]-->\n<video class=\"wp-video-shortcode\" id=\"video-120989-1\" width=\"640\" height=\"360\" preload=\"metadata\" controls=\"controls\"><source type=\"video\/mp4\" src=\"https:\/\/www.tgrthaber.com\/mavikadin\/wp-content\/uploads\/rt.mp4?_=1\" \/><a href=\"https:\/\/www.tgrthaber.com\/mavikadin\/wp-content\/uploads\/rt.mp4\">https:\/\/www.tgrthaber.com\/mavikadin\/wp-content\/uploads\/rt.mp4<\/a><\/video><\/div>\n<hr \/>\n<p class=\"p1\">Survivor 2025\u2019te giderek artan rekabet ortam\u0131nda, Adem\u2019in ald\u0131\u011f\u0131 ele\u015ftiriler yar\u0131\u015fmadaki gelece\u011fini nas\u0131l etkileyecek? Adem&#8217;in kad\u0131n yar\u0131\u015fmac\u0131lara y\u00f6nelik tutumundan dolay\u0131 ald\u0131\u011f\u0131 tepkiler, yar\u0131\u015fma performans\u0131n\u0131 g\u00f6lgede b\u0131rakabilir. \u00d6te yandan, Efecan\u2019\u0131n bu ele\u015ftirilerle Adem\u2019in tav\u0131rlar\u0131na dikkat \u00e7ekmesi, tak\u0131m dinamiklerinde \u00f6nemli bir k\u0131r\u0131lmaya neden olabilir.\u00a0 Adem\u2019in bu tart\u0131\u015fmalar kar\u015f\u0131s\u0131nda nas\u0131l bir tutum sergileyece\u011fi ve yar\u0131\u015fmadaki gelece\u011finin nas\u0131l \u015fekillenece\u011fi, izleyiciler taraf\u0131ndan merakla takip ediliyor. Survivor 2025, s\u00fcrprizlerle dolu yeni b\u00f6l\u00fcmleriyle bu tart\u0131\u015fmalara yan\u0131t verecek gibi g\u00f6r\u00fcn\u00fcyor.<\/p>\n<p><img loading=\"lazy\" decoding=\"async\" class=\"alignnone wp-image-120998 \" src=\"https:\/\/www.tgrthaber.com\/mavikadin\/wp-content\/uploads\/Ekran-Resmi-2025-01-13-18.26.36.png\" alt=\"\" width=\"992\" height=\"568\" title=\"\" srcset=\"https:\/\/www.tgrthaber.com\/mavikadin\/wp-content\/uploads\/Ekran-Resmi-2025-01-13-18.26.36.png 926w, https:\/\/www.tgrthaber.com\/mavikadin\/wp-content\/uploads\/Ekran-Resmi-2025-01-13-18.26.36-300x172.png 300w, https:\/\/www.tgrthaber.com\/mavikadin\/wp-content\/uploads\/Ekran-Resmi-2025-01-13-18.26.36-768x440.png 768w\" sizes=\"(max-width: 992px) 100vw, 992px\" \/><\/p>\n<hr \/>\n<h3>ADEM KILI\u00c7\u00c7I K\u0130MD\u0130R, KA\u00c7 YA\u015eINDA?<\/h3>\n<p class=\"p2\">Adem K\u0131l\u0131\u00e7c\u0131, 5 Mart 1986 tarihinde A\u011fr\u0131\u2019da d\u00fcnyaya gelmi\u015f, ba\u015far\u0131lar\u0131yla ad\u0131n\u0131 hem T\u00fcrkiye\u2019de hem de uluslararas\u0131 arenada duyurmu\u015f bir T\u00fcrk boks\u00f6rd\u00fcr. Spor kariyerini Fenerbah\u00e7e Boks \u015eubesi b\u00fcnyesinde s\u00fcrd\u00fcren K\u0131l\u0131\u00e7c\u0131, yetenekleri ve azmiyle boks d\u00fcnyas\u0131nda dikkat \u00e7eken bir isim haline gelmi\u015ftir. Adem K\u0131l\u0131\u00e7c\u0131, ailesinin k\u00f6kenleri hakk\u0131nda yapt\u0131\u011f\u0131 a\u00e7\u0131klamalarla dikkat \u00e7eken bir isimdir. Kendisi, Rusya\u2019n\u0131n Kafkasya b\u00f6lgesinden T\u00fcrkiye\u2019ye g\u00f6\u00e7 eden bir T\u00fcrk ailesinin torunu oldu\u011funu ifade etmi\u015ftir. Annesinin Erzurumlu oldu\u011funu belirten K\u0131l\u0131\u00e7c\u0131, ayn\u0131 zamanda Karapapak T\u00fcrkleri\u2019nden geldi\u011fi bilinen k\u00f6kene sahiptir.<\/p>\n","protected":false},"excerpt":{"rendered":"<p>Survivor 2025, heyecan dolu yeni sezonuyla izleyicileri ekran ba\u015f\u0131na kilitlerken, Adem\u2019in yar\u0131\u015fma i\u00e7indeki tutumu dikkatleri \u00fczerine \u00e7ekti. Kad\u0131n yar\u0131\u015fmac\u0131lara y\u00f6nelik tav\u0131rlar\u0131 ve tak\u0131m arkada\u015flar\u0131yla ya\u015fad\u0131\u011f\u0131 gerilim, hem yar\u0131\u015fmada hem de sosyal medyada tart\u0131\u015fmalara neden oldu. Survivor Adem&#8217;in kad\u0131nlara olan rahats\u0131z edici tutumu sosyal medyan\u0131n da g\u00fcndemine oturdu.\u00a0<\/p>\n","protected":false},"author":16,"featured_media":121000,"comment_status":"closed","ping_status":"closed","sticky":false,"template":"","format":"standard","meta":{"rank_math_lock_modified_date":false,"footnotes":""},"categories":[76],"tags":[8013,8012],"class_list":["post-120989","post","type-post","status-publish","format-standard","has-post-thumbnail","hentry","category-magazin","tag-survivor-adem-kilicci","tag-survivor-adem-kilicci-elestiri"],"_links":{"self":[{"href":"https:\/\/www.tgrthaber.com\/mavikadin\/wp-json\/wp\/v2\/posts\/120989"}],"collection":[{"href":"https:\/\/www.tgrthaber.com\/mavikadin\/wp-json\/wp\/v2\/posts"}],"about":[{"href":"https:\/\/www.tgrthaber.com\/mavikadin\/wp-json\/wp\/v2\/types\/post"}],"author":[{"embeddable":true,"href":"https:\/\/www.tgrthaber.com\/mavikadin\/wp-json\/wp\/v2\/users\/16"}],"replies":[{"embeddable":true,"href":"https:\/\/www.tgrthaber.com\/mavikadin\/wp-json\/wp\/v2\/comments?post=120989"}],"version-history":[{"count":3,"href":"https:\/\/www.tgrthaber.com\/mavikadin\/wp-json\/wp\/v2\/posts\/120989\/revisions"}],"predecessor-version":[{"id":121004,"href":"https:\/\/www.tgrthaber.com\/mavikadin\/wp-json\/wp\/v2\/posts\/120989\/revisions\/121004"}],"wp:featuredmedia":[{"embeddable":true,"href":"https:\/\/www.tgrthaber.com\/mavikadin\/wp-json\/wp\/v2\/media\/121000"}],"wp:attachment":[{"href":"https:\/\/www.tgrthaber.com\/mavikadin\/wp-json\/wp\/v2\/media?parent=120989"}],"wp:term":[{"taxonomy":"category","embeddable":true,"href":"https:\/\/www.tgrthaber.com\/mavikadin\/wp-json\/wp\/v2\/categories?post=120989"},{"taxonomy":"post_tag","embeddable":true,"href":"https:\/\/www.tgrthaber.com\/mavikadin\/wp-json\/wp\/v2\/tags?post=120989"}],"curies":[{"name":"wp","href":"https:\/\/api.w.org\/{rel}","templated":true}]}}