{"id":121010,"date":"2025-01-13T18:56:33","date_gmt":"2025-01-13T15:56:33","guid":{"rendered":"https:\/\/www.tgrthaber.com\/mavikadin\/?p=121010"},"modified":"2025-01-13T18:56:33","modified_gmt":"2025-01-13T15:56:33","slug":"oscar-odulleri-ertelenecek-mi-hollywoodu-vuran-yanginlar-oscar-torenlerini-tehdit-ediyor","status":"publish","type":"post","link":"https:\/\/www.tgrthaber.com\/mavikadin\/oscar-odulleri-ertelenecek-mi-hollywoodu-vuran-yanginlar-oscar-torenlerini-tehdit-ediyor\/","title":{"rendered":"Oscar \u00d6d\u00fclleri ertelenecek mi? Hollywood\u2019u vuran yang\u0131nlar Oscar t\u00f6renlerini tehdit ediyor"},"content":{"rendered":"<p>Kaliforniya\u2019n\u0131n Los Angeles \u015fehrinde etkili olan \u015fiddetli orman yang\u0131nlar\u0131, b\u00f6lgeyi adeta k\u00fcle \u00e7evirdi. Hollywood\u2019un ikonik simgeleri ve binlerce yap\u0131 yang\u0131ndan b\u00fcy\u00fck zarar g\u00f6r\u00fcrken, bu felaketin Oscar \u00d6d\u00fclleri gibi \u00f6nemli etkinlikleri de etkileyebilece\u011fi d\u00fc\u015f\u00fcn\u00fcl\u00fcyor. Oscar \u00d6d\u00fclleri aday a\u00e7\u0131klama tarihi ertelenirken, t\u00f6renin planlanan tarihte yap\u0131l\u0131p yap\u0131lmayaca\u011f\u0131 ise h\u00e2l\u00e2 belirsizli\u011fini koruyor.<\/p>\n<h3>97. OSCAR \u00d6D\u00dcLLER\u0130 ERTELENECEK M\u0130?<\/h3>\n<p>97. Oscar \u00d6d\u00fclleri\u2019nin 2 Mart 2025 tarihinde ger\u00e7ekle\u015ftirilmesi planlan\u0131yordu. Ancak ya\u015fanan felaket nedeniyle t\u00f6renin ertelenmesi g\u00fcndemde. Oscar adaylar\u0131n\u0131n a\u00e7\u0131klanma tarihi de 17 Ocak\u2019tan 19 Ocak\u2019a ertelendi. Sinema d\u00fcnyas\u0131, hangi filmlerin bu y\u0131l\u0131n en b\u00fcy\u00fck \u00f6d\u00fcllerine aday olaca\u011f\u0131n\u0131 \u00f6\u011frenmek i\u00e7in sab\u0131rs\u0131zlan\u0131rken, yang\u0131n\u0131n neden oldu\u011fu gecikmeler t\u00f6renin tarihini de etkileyebilir.<\/p>\n<p><img loading=\"lazy\" decoding=\"async\" class=\"alignnone size-full wp-image-121021\" src=\"https:\/\/www.tgrthaber.com\/mavikadin\/wp-content\/uploads\/Yeni-Proje-2-18.jpg\" alt=\"\" width=\"1208\" height=\"680\" title=\"\" srcset=\"https:\/\/www.tgrthaber.com\/mavikadin\/wp-content\/uploads\/Yeni-Proje-2-18.jpg 1208w, https:\/\/www.tgrthaber.com\/mavikadin\/wp-content\/uploads\/Yeni-Proje-2-18-300x169.jpg 300w, https:\/\/www.tgrthaber.com\/mavikadin\/wp-content\/uploads\/Yeni-Proje-2-18-1024x576.jpg 1024w, https:\/\/www.tgrthaber.com\/mavikadin\/wp-content\/uploads\/Yeni-Proje-2-18-768x432.jpg 768w\" sizes=\"(max-width: 1208px) 100vw, 1208px\" \/><\/p>\n<hr \/>\n<p>Yang\u0131n, sadece Oscar \u00d6d\u00fclleri\u2019ni de\u011fil, Los Angeles\u2019taki di\u011fer bir\u00e7ok etkinli\u011fi de etkiledi. En az 10 ki\u015finin hayat\u0131n\u0131 kaybetti\u011fi olayda, \u00fcnl\u00fc isimlerin evleri ve st\u00fcdyolar da zarar g\u00f6rd\u00fc.<\/p>\n<p>Robbie Williams ve Jennifer Lopez, yeni filmlerinin Los Angeles\u2019taki pr\u00f6miyerlerini iptal etti.<\/p>\n<p>Critics Choice Awards t\u00f6reni, 12 Ocak\u2019tan 26 Ocak\u2019a ertelendi.<\/p>\n<p>BAFTA \u00d6d\u00fclleri\u2019nin Amerika partisi iptal edildi.<\/p>\n<p><img loading=\"lazy\" decoding=\"async\" class=\"alignnone size-full wp-image-121020\" src=\"https:\/\/www.tgrthaber.com\/mavikadin\/wp-content\/uploads\/Yeni-Proje-72.jpg\" alt=\"\" width=\"1208\" height=\"680\" title=\"\" srcset=\"https:\/\/www.tgrthaber.com\/mavikadin\/wp-content\/uploads\/Yeni-Proje-72.jpg 1208w, https:\/\/www.tgrthaber.com\/mavikadin\/wp-content\/uploads\/Yeni-Proje-72-300x169.jpg 300w, https:\/\/www.tgrthaber.com\/mavikadin\/wp-content\/uploads\/Yeni-Proje-72-1024x576.jpg 1024w, https:\/\/www.tgrthaber.com\/mavikadin\/wp-content\/uploads\/Yeni-Proje-72-768x432.jpg 768w\" sizes=\"(max-width: 1208px) 100vw, 1208px\" \/><\/p>\n<hr \/>\n<h3>F\u0130LM \u00c7EK\u0130MLER\u0130 VE ETK\u0130NL\u0130KLER DURDURULDU<\/h3>\n<p>Los Angeles\u2019ta film \u00e7ekimleri i\u00e7in izin veren FilmLA ajans\u0131, t\u00fcm \u00e7ekim izinlerini ask\u0131ya ald\u0131\u011f\u0131n\u0131 a\u00e7\u0131klad\u0131. Los Angeles \u0130l\u00e7e \u0130tfaiye Departman\u0131 da daha fazla izin iptali olabilece\u011fi uyar\u0131s\u0131nda bulundu. Bu karar, bir\u00e7ok dizi ve film projesinin \u00e7ekim takvimini alt \u00fcst etti.<\/p>\n<p><img loading=\"lazy\" decoding=\"async\" class=\"alignnone size-full wp-image-121022\" src=\"https:\/\/www.tgrthaber.com\/mavikadin\/wp-content\/uploads\/Yeni-Proje-1-19.jpg\" alt=\"\" width=\"1208\" height=\"680\" title=\"\" srcset=\"https:\/\/www.tgrthaber.com\/mavikadin\/wp-content\/uploads\/Yeni-Proje-1-19.jpg 1208w, https:\/\/www.tgrthaber.com\/mavikadin\/wp-content\/uploads\/Yeni-Proje-1-19-300x169.jpg 300w, https:\/\/www.tgrthaber.com\/mavikadin\/wp-content\/uploads\/Yeni-Proje-1-19-1024x576.jpg 1024w, https:\/\/www.tgrthaber.com\/mavikadin\/wp-content\/uploads\/Yeni-Proje-1-19-768x432.jpg 768w\" sizes=\"(max-width: 1208px) 100vw, 1208px\" \/><\/p>\n<hr \/>\n<h3>OSCAR TAR\u0130H\u0130NDEK\u0130 ERTELEMELER<\/h3>\n<p>Akademi \u00d6d\u00fclleri daha \u00f6nce hi\u00e7 iptal edilmedi fakat d\u00f6rt defa ertelendi:<\/p>\n<ul>\n<li>1928\u2019de Los Angeles\u2019taki sel felaketi,<\/li>\n<li>1968\u2019de Martin Luther King Jr.\u2019\u0131n suikasti,<\/li>\n<li>1981\u2019de Ba\u015fkan Ronald Reagan\u2019a d\u00fczenlenen suikast giri\u015fimi,<\/li>\n<li>2021\u2019de Covid-19 pandemisi nedeniyle t\u00f6renler ileri tarihlere al\u0131nd\u0131.<\/li>\n<\/ul>\n","protected":false},"excerpt":{"rendered":"<p>Hollywood\u2019daki yang\u0131nlar 97. Oscar \u00d6d\u00fclleri\u2019ni tehdit ediyor! T\u00f6renin ertelenme ihtimali tart\u0131\u015f\u0131l\u0131rken, pr\u00f6miyerler iptal edildi, Critics Choice Awards ertelendi. Peki Oscar \u00d6d\u00fclleri ertelenecek mi?<\/p>\n","protected":false},"author":4,"featured_media":121019,"comment_status":"closed","ping_status":"closed","sticky":false,"template":"","format":"standard","meta":{"rank_math_lock_modified_date":false,"footnotes":""},"categories":[78],"tags":[1507,8015,6044],"class_list":["post-121010","post","type-post","status-publish","format-standard","has-post-thumbnail","hentry","category-yasam","tag-hollywood","tag-oscar-odulleri","tag-yangin"],"_links":{"self":[{"href":"https:\/\/www.tgrthaber.com\/mavikadin\/wp-json\/wp\/v2\/posts\/121010"}],"collection":[{"href":"https:\/\/www.tgrthaber.com\/mavikadin\/wp-json\/wp\/v2\/posts"}],"about":[{"href":"https:\/\/www.tgrthaber.com\/mavikadin\/wp-json\/wp\/v2\/types\/post"}],"author":[{"embeddable":true,"href":"https:\/\/www.tgrthaber.com\/mavikadin\/wp-json\/wp\/v2\/users\/4"}],"replies":[{"embeddable":true,"href":"https:\/\/www.tgrthaber.com\/mavikadin\/wp-json\/wp\/v2\/comments?post=121010"}],"version-history":[{"count":2,"href":"https:\/\/www.tgrthaber.com\/mavikadin\/wp-json\/wp\/v2\/posts\/121010\/revisions"}],"predecessor-version":[{"id":121024,"href":"https:\/\/www.tgrthaber.com\/mavikadin\/wp-json\/wp\/v2\/posts\/121010\/revisions\/121024"}],"wp:featuredmedia":[{"embeddable":true,"href":"https:\/\/www.tgrthaber.com\/mavikadin\/wp-json\/wp\/v2\/media\/121019"}],"wp:attachment":[{"href":"https:\/\/www.tgrthaber.com\/mavikadin\/wp-json\/wp\/v2\/media?parent=121010"}],"wp:term":[{"taxonomy":"category","embeddable":true,"href":"https:\/\/www.tgrthaber.com\/mavikadin\/wp-json\/wp\/v2\/categories?post=121010"},{"taxonomy":"post_tag","embeddable":true,"href":"https:\/\/www.tgrthaber.com\/mavikadin\/wp-json\/wp\/v2\/tags?post=121010"}],"curies":[{"name":"wp","href":"https:\/\/api.w.org\/{rel}","templated":true}]}}