{"id":121031,"date":"2025-01-13T19:43:34","date_gmt":"2025-01-13T16:43:34","guid":{"rendered":"https:\/\/www.tgrthaber.com\/mavikadin\/?p=121031"},"modified":"2025-01-13T19:43:34","modified_gmt":"2025-01-13T16:43:34","slug":"survivor-2025te-turabi-olacak-mi-beklenen-aciklama-geldi","status":"publish","type":"post","link":"https:\/\/www.tgrthaber.com\/mavikadin\/survivor-2025te-turabi-olacak-mi-beklenen-aciklama-geldi\/","title":{"rendered":"Survivor 2025&#8217;te Turabi olacak m\u0131? Beklenen a\u00e7\u0131klama geldi!"},"content":{"rendered":"<p class=\"p1\">Survivor tarihine ad\u0131n\u0131 alt\u0131n harflerle yazd\u0131ran ve iki kez \u015fampiyonluk kazanan Turabi \u00c7amk\u0131ran, yar\u0131\u015fman\u0131n sembol isimlerinden biri haline gelmi\u015fti. Yeni sezonun ba\u015flamas\u0131yla birlikte, Turabi\u2019nin All Star kadrosunda yer al\u0131p almayaca\u011f\u0131na dair s\u00f6ylentiler g\u00fcndeme geldi. \u0130zleyiciler, \u201cTurabi Survivor\u2019a geri mi d\u00f6n\u00fcyor?\u201d sorusuna yan\u0131t ararken, bu iddialar sosyal medya platformlar\u0131nda b\u00fcy\u00fck yank\u0131 uyand\u0131rd\u0131. Peki Survivor Turabi \u00c7amk\u0131ran yar\u0131\u015fmaya d\u00f6necek mi? Survivor 2025\u2019e Turabi kat\u0131lacak m\u0131? \u0130\u015fte detaylar..<\/p>\n<h3>SURV\u0130VOR 2025&#8217;TE TURAB\u0130 OLACAK MI?<\/h3>\n<p class=\"p1\">Los Angeles\u2019ta meydana gelen devasa yang\u0131n, sadece b\u00f6lgeyi de\u011fil, \u00fcnl\u00fc isimleri de derinden sarst\u0131. Survivor tarihine damga vuran Turabi \u00c7amk\u0131ran, bu trajediden en \u00e7ok etkilenen isimlerden biri oldu. Evi ve arabas\u0131n\u0131 kaybeden \u00fcnl\u00fc yar\u0131\u015fmac\u0131, hayranlar\u0131n\u0131 \u00fczecek bir karara imza att\u0131. Peki, Turabi Survivor 2025\u2019te yer alacak m\u0131? \u0130\u015fte bu sorunun yan\u0131t\u0131 ve merak edilen detaylar\u2026<\/p>\n<p><img loading=\"lazy\" decoding=\"async\" class=\"alignnone wp-image-121036 \" src=\"https:\/\/www.tgrthaber.com\/mavikadin\/wp-content\/uploads\/Ekran-Resmi-2025-01-13-19.35.12.png\" alt=\"\" width=\"991\" height=\"580\" title=\"\" srcset=\"https:\/\/www.tgrthaber.com\/mavikadin\/wp-content\/uploads\/Ekran-Resmi-2025-01-13-19.35.12.png 960w, https:\/\/www.tgrthaber.com\/mavikadin\/wp-content\/uploads\/Ekran-Resmi-2025-01-13-19.35.12-300x176.png 300w, https:\/\/www.tgrthaber.com\/mavikadin\/wp-content\/uploads\/Ekran-Resmi-2025-01-13-19.35.12-768x450.png 768w\" sizes=\"(max-width: 991px) 100vw, 991px\" \/><\/p>\n<hr \/>\n<p class=\"p1\">Los Angeles\u2019ta ba\u015flayan yang\u0131n felaketi, y\u00fczlerce evi k\u00fcle \u00e7evirirken, Turabi \u00c7amk\u0131ran da bu y\u0131k\u0131m\u0131n ma\u011fdurlar\u0131ndan biri oldu. Yang\u0131nda hem evini hem de arabas\u0131n\u0131 kaybeden Turabi, bu zor g\u00fcnlerde ya\u015fad\u0131\u011f\u0131 travmayla m\u00fccadele etmeye \u00e7al\u0131\u015f\u0131yor. Hayranlar\u0131, Turabi\u2019nin bu talihsiz olaydan nas\u0131l etkilendi\u011fini ve kariyer planlar\u0131n\u0131 nas\u0131l \u015fekillendirece\u011fini merakla takip ederken Turabi\u2019den a\u00e7\u0131klama geldi.<\/p>\n<p><img loading=\"lazy\" decoding=\"async\" class=\"alignnone wp-image-121033 size-full\" src=\"https:\/\/www.tgrthaber.com\/mavikadin\/wp-content\/uploads\/Ekran-Resmi-2025-01-13-19.33.25.png\" alt=\"\" width=\"1302\" height=\"840\" title=\"\" srcset=\"https:\/\/www.tgrthaber.com\/mavikadin\/wp-content\/uploads\/Ekran-Resmi-2025-01-13-19.33.25.png 1302w, https:\/\/www.tgrthaber.com\/mavikadin\/wp-content\/uploads\/Ekran-Resmi-2025-01-13-19.33.25-300x194.png 300w, https:\/\/www.tgrthaber.com\/mavikadin\/wp-content\/uploads\/Ekran-Resmi-2025-01-13-19.33.25-1024x661.png 1024w, https:\/\/www.tgrthaber.com\/mavikadin\/wp-content\/uploads\/Ekran-Resmi-2025-01-13-19.33.25-768x495.png 768w\" sizes=\"(max-width: 1302px) 100vw, 1302px\" \/><\/p>\n<hr \/>\n<p class=\"p1\">Survivor efsanelerinden Turabi \u00c7amk\u0131ran, hayranlar\u0131n\u0131 hem \u00fczen hem de umutland\u0131ran bir a\u00e7\u0131klama yapt\u0131. Son olarak Almanya\u2019da d\u00fczenlenen <i>Exatlon<\/i> yar\u0131\u015fmas\u0131nda yer alan \u00fcnl\u00fc isim, sa\u011fl\u0131k sorunlar\u0131 nedeniyle yar\u0131\u015fmadan ayr\u0131lmak zorunda kald\u0131\u011f\u0131n\u0131 duyurmu\u015ftu. Bu geli\u015fmenin ard\u0131ndan, Survivor 2025 kadrosunda yer alaca\u011f\u0131 y\u00f6n\u00fcnde \u00e7\u0131kan s\u00f6ylentilere ise net bir yan\u0131t verdi.<\/p>\n<p class=\"p2\">Turabi, Instagram hesab\u0131ndan yapt\u0131\u011f\u0131 a\u00e7\u0131klamayla Survivor 2025\u2019te yer almayaca\u011f\u0131n\u0131 do\u011frulad\u0131. Hayranlar\u0131na hitaben, \u201cBu sene Survivor\u2019a gelemiyorum arkada\u015flar. Ama s\u00f6z veriyorum, bir ba\u015fka sezon mutlaka geri d\u00f6nece\u011fim. Survivor\u2019\u0131 almadan gitmeye niyetim yok,\u201d ifadelerini kulland\u0131.<\/p>\n<p><img loading=\"lazy\" decoding=\"async\" class=\"alignnone wp-image-121034 size-full\" src=\"https:\/\/www.tgrthaber.com\/mavikadin\/wp-content\/uploads\/Ekran-Resmi-2025-01-13-19.33.33.png\" alt=\"\" width=\"1164\" height=\"844\" title=\"\" srcset=\"https:\/\/www.tgrthaber.com\/mavikadin\/wp-content\/uploads\/Ekran-Resmi-2025-01-13-19.33.33.png 1164w, https:\/\/www.tgrthaber.com\/mavikadin\/wp-content\/uploads\/Ekran-Resmi-2025-01-13-19.33.33-300x218.png 300w, https:\/\/www.tgrthaber.com\/mavikadin\/wp-content\/uploads\/Ekran-Resmi-2025-01-13-19.33.33-1024x742.png 1024w, https:\/\/www.tgrthaber.com\/mavikadin\/wp-content\/uploads\/Ekran-Resmi-2025-01-13-19.33.33-768x557.png 768w\" sizes=\"(max-width: 1164px) 100vw, 1164px\" \/><\/p>\n<hr \/>\n<h3>EV\u0130 VE ARABASI K\u00dcLE D\u00d6NM\u00dc\u015eT\u00dc<\/h3>\n<p class=\"p1\">Uzun s\u00fcredir yurt d\u0131\u015f\u0131nda ya\u015fam\u0131n\u0131 s\u00fcrd\u00fcren Survivor efsanesi Turabi \u00c7amk\u0131ran\u2019\u0131n , Los Angeles\u2019ta meydana gelen dev yang\u0131nda evini ve arabas\u0131 k\u00fcle d\u00f6nd\u00fc.<span class=\"Apple-converted-space\">\u00a0 <\/span>Ya\u015fanan felaket, \u00fcnl\u00fc ismin hayat\u0131nda k\u00f6t\u00fc izler b\u0131rak\u0131rken, sosyal medya hesab\u0131ndan yapt\u0131\u011f\u0131 duygusal payla\u015f\u0131mla da g\u00fcndem oldu.<\/p>\n<p class=\"p1\">Turabi, ki\u015fisel sosyal medya hesab\u0131ndan yapt\u0131\u011f\u0131 a\u00e7\u0131klamada, ya\u015fad\u0131\u011f\u0131 kay\u0131plar\u0131 \u015fu s\u00f6zlerle dile getirdi. \u201cBir telefonum, bir s\u0131rt \u00e7antam ve sa\u011fl\u0131ks\u0131z v\u00fccudumdan ba\u015fka bir \u015feyim kalmad\u0131. Yine s\u0131f\u0131rdan ba\u015flayaca\u011f\u0131z,\u201d ifadelerini kullanan \u00fcnl\u00fc yar\u0131\u015fmac\u0131, ya\u015fad\u0131\u011f\u0131 zor durumu t\u00fcm samimiyetiyle anlatt\u0131. Bu payla\u015f\u0131m\u0131, hayranlar\u0131ndan b\u00fcy\u00fck bir destek al\u0131rken, Turabi\u2019nin yeniden aya\u011fa kalkma kararl\u0131l\u0131\u011f\u0131 herkes taraf\u0131ndan takdir toplad\u0131.<\/p>\n<p>&nbsp;<\/p>\n","protected":false},"excerpt":{"rendered":"<p>Son d\u00f6nemin en dikkat \u00e7eken yar\u0131\u015fmac\u0131lar\u0131ndan Turabi \u00c7amk\u0131ran, hayranlar\u0131n\u0131 hem \u015fa\u015f\u0131rtan hem de sevindiren a\u00e7\u0131klamalar yapt\u0131. Exatlon yar\u0131\u015fmas\u0131ndan sa\u011fl\u0131k sorunlar\u0131 nedeniyle ayr\u0131lan Turabi, Survivor 2025 s\u00f6ylentilerine de son noktay\u0131 koydu. Uluslararas\u0131 bir projede yer alaca\u011f\u0131n\u0131 duyuran \u00fcnl\u00fc isim, gelecekteki planlar\u0131yla yeniden g\u00fcndem olmay\u0131 ba\u015fard\u0131.<\/p>\n","protected":false},"author":16,"featured_media":121045,"comment_status":"closed","ping_status":"closed","sticky":false,"template":"","format":"standard","meta":{"rank_math_lock_modified_date":false,"footnotes":""},"categories":[76],"tags":[],"class_list":["post-121031","post","type-post","status-publish","format-standard","has-post-thumbnail","hentry","category-magazin"],"_links":{"self":[{"href":"https:\/\/www.tgrthaber.com\/mavikadin\/wp-json\/wp\/v2\/posts\/121031"}],"collection":[{"href":"https:\/\/www.tgrthaber.com\/mavikadin\/wp-json\/wp\/v2\/posts"}],"about":[{"href":"https:\/\/www.tgrthaber.com\/mavikadin\/wp-json\/wp\/v2\/types\/post"}],"author":[{"embeddable":true,"href":"https:\/\/www.tgrthaber.com\/mavikadin\/wp-json\/wp\/v2\/users\/16"}],"replies":[{"embeddable":true,"href":"https:\/\/www.tgrthaber.com\/mavikadin\/wp-json\/wp\/v2\/comments?post=121031"}],"version-history":[{"count":2,"href":"https:\/\/www.tgrthaber.com\/mavikadin\/wp-json\/wp\/v2\/posts\/121031\/revisions"}],"predecessor-version":[{"id":121047,"href":"https:\/\/www.tgrthaber.com\/mavikadin\/wp-json\/wp\/v2\/posts\/121031\/revisions\/121047"}],"wp:featuredmedia":[{"embeddable":true,"href":"https:\/\/www.tgrthaber.com\/mavikadin\/wp-json\/wp\/v2\/media\/121045"}],"wp:attachment":[{"href":"https:\/\/www.tgrthaber.com\/mavikadin\/wp-json\/wp\/v2\/media?parent=121031"}],"wp:term":[{"taxonomy":"category","embeddable":true,"href":"https:\/\/www.tgrthaber.com\/mavikadin\/wp-json\/wp\/v2\/categories?post=121031"},{"taxonomy":"post_tag","embeddable":true,"href":"https:\/\/www.tgrthaber.com\/mavikadin\/wp-json\/wp\/v2\/tags?post=121031"}],"curies":[{"name":"wp","href":"https:\/\/api.w.org\/{rel}","templated":true}]}}