{"id":121052,"date":"2025-01-13T20:15:30","date_gmt":"2025-01-13T17:15:30","guid":{"rendered":"https:\/\/www.tgrthaber.com\/mavikadin\/?p=121052"},"modified":"2025-01-15T02:42:24","modified_gmt":"2025-01-14T23:42:24","slug":"survivor-2025-asena-kimdir-asena-demirbag-evli-mi-yasi-memleketi-ve-meslegi-arastiriliyor","status":"publish","type":"post","link":"https:\/\/www.tgrthaber.com\/mavikadin\/survivor-2025-asena-kimdir-asena-demirbag-evli-mi-yasi-memleketi-ve-meslegi-arastiriliyor\/","title":{"rendered":"Survivor 2025 Asena kimdir? Asena Demirba\u011f evli mi? Ya\u015f\u0131, memleketi ve mesle\u011fi ara\u015ft\u0131r\u0131l\u0131yor!"},"content":{"rendered":"<p class=\"p1\">Survivor 2025\u2019in merakla beklenen \u00fcnl\u00fcler tak\u0131m\u0131nda<span class=\"Apple-converted-space\">\u00a0 <\/span>yer alan isimlerden biri olan gen\u00e7 ve ba\u015far\u0131l\u0131 pilates e\u011fitmeni Asena Demirba\u011f oldu. Asena Demirba\u011f, enerjisi ve kararl\u0131l\u0131\u011f\u0131yla dikkat \u00e7eken isimlerden biri olarak \u00f6ne \u00e7\u0131k\u0131yor. Sporcu kimli\u011fiyle tan\u0131nan Asena, hem fiziksel hem de zihinsel g\u00fcc\u00fcn\u00fc \u00f6n planda tutarak ilham veren bir duru\u015f sergiliyor. Hayat\u0131 boyunca aktif bir ya\u015fam tarz\u0131n\u0131 benimseyen ve bu do\u011frultuda ilerleyen Asena, g\u00fc\u00e7l\u00fc karakteriyle de \u00e7evresinde takdir topluyor. Pozitif yap\u0131s\u0131 ve hedef odakl\u0131 yakla\u015f\u0131m\u0131, Asena&#8217;y\u0131\u00a0 her zaman dikkat \u00e7eken bir isim haline getiriyor. Peki, Asena Demirba\u011f kimdir, evli mi? Kiminle evli, nereli ve ka\u00e7 ya\u015f\u0131nda? \u0130\u015fte merak edilen detaylar\u2026<\/p>\n<h3 class=\"p1\">ASENA DEM\u0130RBA\u011e K\u0130MD\u0130R?<\/h3>\n<p class=\"p1\">Asena Demirba\u011f, Survivor 2025 \u00fcnl\u00fcler tak\u0131m\u0131na se\u00e7ilen isimlerden biri olarak dikkat \u00e7ekiyor. \u00dcniversite e\u011fitimini Ayd\u0131n Adnan Menderes \u00dcniversitesi Beden E\u011fitimi ve Spor Y\u00fcksekokulu\u2019nda (BESYO) tamamlayan Demirba\u011f, spor kariyerine pilates e\u011fitmenli\u011fi ve ki\u015fisel antren\u00f6rl\u00fck yaparak ad\u0131m att\u0131. Ayn\u0131 zamanda online ko\u00e7luk hizmetleri sunan Asena, k\u0131sa s\u00fcrede bir\u00e7ok ki\u015finin hayat\u0131na dokunan bir spor profesyoneli olarak tan\u0131nd\u0131.<\/p>\n<p><img loading=\"lazy\" decoding=\"async\" class=\"alignnone wp-image-121053 size-full\" src=\"https:\/\/www.tgrthaber.com\/mavikadin\/wp-content\/uploads\/Ekran-Resmi-2025-01-13-20.08.43.png\" alt=\"\" width=\"1058\" height=\"698\" title=\"\" srcset=\"https:\/\/www.tgrthaber.com\/mavikadin\/wp-content\/uploads\/Ekran-Resmi-2025-01-13-20.08.43.png 1058w, https:\/\/www.tgrthaber.com\/mavikadin\/wp-content\/uploads\/Ekran-Resmi-2025-01-13-20.08.43-300x198.png 300w, https:\/\/www.tgrthaber.com\/mavikadin\/wp-content\/uploads\/Ekran-Resmi-2025-01-13-20.08.43-1024x676.png 1024w, https:\/\/www.tgrthaber.com\/mavikadin\/wp-content\/uploads\/Ekran-Resmi-2025-01-13-20.08.43-768x507.png 768w\" sizes=\"(max-width: 1058px) 100vw, 1058px\" \/><\/p>\n<hr \/>\n<p class=\"p1\">Asena Demirba\u011f, 2019 y\u0131l\u0131nda eski futbolcu Ahmet Dursun ile hayat\u0131n\u0131 birle\u015ftirdi.\u00a0 Sosyal medyada aktif olarak payla\u015f\u0131m yapan Asena, spor ve sa\u011fl\u0131kl\u0131 ya\u015fam i\u00e7erikleriyle geni\u015f bir takip\u00e7i kitlesine sahip. Dinamik ve pozitif enerjisiyle Survivor izleyicilerinin \u015fimdiden ilgisini \u00e7ekmeyi ba\u015faran Asena, ada ya\u015fam\u0131nda fiziksel ve zihinsel dayan\u0131kl\u0131l\u0131\u011f\u0131yla ad\u0131ndan s\u00f6z ettirecek gibi g\u00f6r\u00fcn\u00fcyor.<\/p>\n<p><img loading=\"lazy\" decoding=\"async\" class=\"alignnone wp-image-121054 \" src=\"https:\/\/www.tgrthaber.com\/mavikadin\/wp-content\/uploads\/Ekran-Resmi-2025-01-13-20.08.27.png\" alt=\"\" width=\"996\" height=\"581\" title=\"\" srcset=\"https:\/\/www.tgrthaber.com\/mavikadin\/wp-content\/uploads\/Ekran-Resmi-2025-01-13-20.08.27.png 900w, https:\/\/www.tgrthaber.com\/mavikadin\/wp-content\/uploads\/Ekran-Resmi-2025-01-13-20.08.27-300x175.png 300w, https:\/\/www.tgrthaber.com\/mavikadin\/wp-content\/uploads\/Ekran-Resmi-2025-01-13-20.08.27-768x449.png 768w\" sizes=\"(max-width: 996px) 100vw, 996px\" \/><\/p>\n<hr \/>\n<p class=\"p1\">Bu y\u0131l All Star \u00dcnl\u00fcler (K\u0131rm\u0131z\u0131) tak\u0131m\u0131 ile G\u00f6n\u00fcll\u00fcler (Mavi) tak\u0131m\u0131 aras\u0131ndaki m\u00fccadele, izleyicilere nefes kesen anlar ya\u015fatacak. Asena Demirba\u011f, g\u00fc\u00e7l\u00fc fizi\u011fi ve sporcu ge\u00e7mi\u015fiyle tak\u0131m\u0131na \u00f6nemli bir katk\u0131 sa\u011flayacak potansiyele sahip. Survivor\u2019un zorlu parkurlar\u0131nda nas\u0131l bir performans sergileyece\u011fi ise b\u00fcy\u00fck bir merak konusu.<\/p>\n<p><img loading=\"lazy\" decoding=\"async\" class=\"alignnone wp-image-121055 \" src=\"https:\/\/www.tgrthaber.com\/mavikadin\/wp-content\/uploads\/Ekran-Resmi-2025-01-13-20.08.33.png\" alt=\"\" width=\"991\" height=\"704\" title=\"\" srcset=\"https:\/\/www.tgrthaber.com\/mavikadin\/wp-content\/uploads\/Ekran-Resmi-2025-01-13-20.08.33.png 866w, https:\/\/www.tgrthaber.com\/mavikadin\/wp-content\/uploads\/Ekran-Resmi-2025-01-13-20.08.33-300x213.png 300w, https:\/\/www.tgrthaber.com\/mavikadin\/wp-content\/uploads\/Ekran-Resmi-2025-01-13-20.08.33-768x545.png 768w\" sizes=\"(max-width: 991px) 100vw, 991px\" \/><\/p>\n<hr \/>\n<h3>ASENA DEM\u0130RBA\u011e EVL\u0130 M\u0130?<\/h3>\n<p class=\"p1\">Asena Demirba\u011f, 2019 y\u0131l\u0131nda eski futbolcu Ahmet Dursun ile hayat\u0131n\u0131 birle\u015ftirerek mutlu bir evlilik ger\u00e7ekle\u015ftirdi. \u00c7iftin, bu birliktelikten d\u00fcnyaya gelen Lidya ad\u0131nda bir k\u0131z \u00e7ocuklar\u0131 bulunuyor. Ailesiyle dolu dolu bir ya\u015fam s\u00fcren Asena, s\u0131cak aile ba\u011flar\u0131 ve g\u00fc\u00e7l\u00fc ki\u015fili\u011fiyle tan\u0131n\u0131yor. Survivor\u2019a kat\u0131lmadan \u00f6nce ailesiyle ge\u00e7irdi\u011fi keyifli anlar\u0131 s\u0131k s\u0131k payla\u015fan Asena, \u015fimdi yar\u0131\u015fmadaki performans\u0131yla dikkat \u00e7ekiyor.<\/p>\n","protected":false},"excerpt":{"rendered":"<p>Survivor 2025 \u00dcnl\u00fcler tak\u0131m\u0131 kadrosunda yer alan gen\u00e7 ve ba\u015far\u0131l\u0131 pilates e\u011fitmeni Asena Demirba\u011f, enerjisi ve azmiyle dikkatleri \u00fczerine \u00e7ekiyor. Sporcu kimli\u011fiyle tan\u0131nan Asena, aktif ya\u015fam tarz\u0131 ve pozitif duru\u015fuyla adada g\u00fc\u00e7l\u00fc bir iz b\u0131rakmay\u0131 hedefliyor. Peki, Asena Demirba\u011f kimdir, evli mi ? \u0130\u015fte merak edilenler\u2026<\/p>\n","protected":false},"author":16,"featured_media":121056,"comment_status":"closed","ping_status":"closed","sticky":false,"template":"","format":"standard","meta":{"rank_math_lock_modified_date":false,"footnotes":""},"categories":[491],"tags":[8021,8020],"class_list":["post-121052","post","type-post","status-publish","format-standard","has-post-thumbnail","hentry","category-biyografi","tag-survivor-asena-demirbag-evli-mi","tag-survivor-asena-demirbag-kimdir"],"_links":{"self":[{"href":"https:\/\/www.tgrthaber.com\/mavikadin\/wp-json\/wp\/v2\/posts\/121052"}],"collection":[{"href":"https:\/\/www.tgrthaber.com\/mavikadin\/wp-json\/wp\/v2\/posts"}],"about":[{"href":"https:\/\/www.tgrthaber.com\/mavikadin\/wp-json\/wp\/v2\/types\/post"}],"author":[{"embeddable":true,"href":"https:\/\/www.tgrthaber.com\/mavikadin\/wp-json\/wp\/v2\/users\/16"}],"replies":[{"embeddable":true,"href":"https:\/\/www.tgrthaber.com\/mavikadin\/wp-json\/wp\/v2\/comments?post=121052"}],"version-history":[{"count":3,"href":"https:\/\/www.tgrthaber.com\/mavikadin\/wp-json\/wp\/v2\/posts\/121052\/revisions"}],"predecessor-version":[{"id":121675,"href":"https:\/\/www.tgrthaber.com\/mavikadin\/wp-json\/wp\/v2\/posts\/121052\/revisions\/121675"}],"wp:featuredmedia":[{"embeddable":true,"href":"https:\/\/www.tgrthaber.com\/mavikadin\/wp-json\/wp\/v2\/media\/121056"}],"wp:attachment":[{"href":"https:\/\/www.tgrthaber.com\/mavikadin\/wp-json\/wp\/v2\/media?parent=121052"}],"wp:term":[{"taxonomy":"category","embeddable":true,"href":"https:\/\/www.tgrthaber.com\/mavikadin\/wp-json\/wp\/v2\/categories?post=121052"},{"taxonomy":"post_tag","embeddable":true,"href":"https:\/\/www.tgrthaber.com\/mavikadin\/wp-json\/wp\/v2\/tags?post=121052"}],"curies":[{"name":"wp","href":"https:\/\/api.w.org\/{rel}","templated":true}]}}