{"id":121066,"date":"2025-01-13T21:04:01","date_gmt":"2025-01-13T18:04:01","guid":{"rendered":"https:\/\/www.tgrthaber.com\/mavikadin\/?p=121066"},"modified":"2025-01-13T21:04:02","modified_gmt":"2025-01-13T18:04:02","slug":"yasemin-sakallioglu-ingilterede-gosteri-yapan-ilk-turk-oldu-hadiseden-destek-gecikmedi","status":"publish","type":"post","link":"https:\/\/www.tgrthaber.com\/mavikadin\/yasemin-sakallioglu-ingilterede-gosteri-yapan-ilk-turk-oldu-hadiseden-destek-gecikmedi\/","title":{"rendered":"Yasemin Sakall\u0131o\u011flu \u0130ngiltere&#8217;de g\u00f6steri yapan ilk T\u00fcrk oldu! Hadise&#8217;den destek gecikmedi"},"content":{"rendered":"<p>\u00dcnl\u00fc komedyen Yasemin Sakall\u0131o\u011flu, \u0130ngiltere&#8217;de sahne ald\u0131. Salonu dolduran izleyicileri ile her zaman verdi\u011fi o pozu vererek, gurur dolu anlar\u0131n\u0131 sosyal medya hesab\u0131nda takip\u00e7ileriyle payla\u015ft\u0131. \u00dcnl\u00fc isme, Hadise&#8217;den de destek payla\u015f\u0131m\u0131 geldi.<\/p>\n<h3>YASEM\u0130N SAKALLIO\u011eLU \u0130NG\u0130LTERE&#8217;DE G\u00d6STER\u0130 YAPAN \u0130LK T\u00dcRK OLDU<\/h3>\n<p>\u0130ngiltere&#8217;nin Londra kentinde g\u00f6steri yapan Yasemin Sakall\u0131o\u011flu, burada sahne alan ilk T\u00fcrk komedyen alarak tarihe ge\u00e7ti. G\u00f6steri sonras\u0131 kendisini izlemeye gelenlerle bir video payla\u015fan Sakall\u0131o\u011flu, payla\u015f\u0131m\u0131na; &#8220;Londra&#8217;da bu salon, ilk defa T\u00fcrk komedyen g\u00f6rd\u00fc&#8221; notunu ekleyerek ya\u015fad\u0131\u011f\u0131 gururu anlatt\u0131. Hep bir a\u011f\u0131zdan ba\u011f\u0131rarak \u00fcnl\u00fc ismi alk\u0131\u015flayan salon aya\u011fa kalk\u0131nca, Yasemin Sakall\u0131o\u011flu duyguland\u0131.<\/p>\n<div style=\"width: 640px;\" class=\"wp-video\"><!--[if lt IE 9]><script>document.createElement('video');<\/script><![endif]-->\n<video class=\"wp-video-shortcode\" id=\"video-121066-1\" width=\"640\" height=\"1138\" preload=\"metadata\" controls=\"controls\"><source type=\"video\/mp4\" src=\"https:\/\/www.tgrthaber.com\/mavikadin\/wp-content\/uploads\/yasemin_sakallioglu.mp4?_=1\" \/><a href=\"https:\/\/www.tgrthaber.com\/mavikadin\/wp-content\/uploads\/yasemin_sakallioglu.mp4\">https:\/\/www.tgrthaber.com\/mavikadin\/wp-content\/uploads\/yasemin_sakallioglu.mp4<\/a><\/video><\/div>\n<hr \/>\n<h3>HAD\u0130SE&#8217;DEN DESTEK PAYLA\u015eIMI<\/h3>\n<p>\u00dcnl\u00fc komedyenin Londra payla\u015f\u0131m\u0131na, kendisi gibi \u00fcnl\u00fc, \u015fark\u0131c\u0131 Hadise&#8217;den de destek geldi. \u0130ngiltere&#8217;de g\u00f6steri yapan ilk T\u00fcrk komedyen olan Sakall\u0131o\u011flu&#8217;na kay\u0131ts\u0131z kalmayan Hadise, sosyal medya hesab\u0131nda \u00fcnl\u00fc ismi etiketleyerek bir payla\u015f\u0131mda bulundu. \u015eark\u0131c\u0131 g\u00f6nderisine &#8220;Gurur&#8221; yazarak nazar boncu\u011fu emojisi ekledi.<\/p>\n<p><img loading=\"lazy\" decoding=\"async\" class=\"alignnone size-full wp-image-121085\" src=\"https:\/\/www.tgrthaber.com\/mavikadin\/wp-content\/uploads\/lv-1.jpg\" alt=\"\" width=\"1208\" height=\"680\" title=\"\" srcset=\"https:\/\/www.tgrthaber.com\/mavikadin\/wp-content\/uploads\/lv-1.jpg 1208w, https:\/\/www.tgrthaber.com\/mavikadin\/wp-content\/uploads\/lv-1-300x169.jpg 300w, https:\/\/www.tgrthaber.com\/mavikadin\/wp-content\/uploads\/lv-1-1024x576.jpg 1024w, https:\/\/www.tgrthaber.com\/mavikadin\/wp-content\/uploads\/lv-1-768x432.jpg 768w\" sizes=\"(max-width: 1208px) 100vw, 1208px\" \/><\/p>\n","protected":false},"excerpt":{"rendered":"<p>\u00dcnl\u00fc komedyen Yasemin Sakall\u0131o\u011flu, \u0130ngiltere&#8217;de stand up g\u00f6sterisi yapan ilk T\u00fcrk olarak tarihe ge\u00e7ti. Duygular\u0131n\u0131 sosyal medya hesab\u0131ndan payla\u015fan Sakall\u0131o\u011flu, izleyicileriyle verdi\u011fi klasikle\u015fen pozunu vererek duydu\u011fu gururu payla\u015ft\u0131.<\/p>\n","protected":false},"author":2,"featured_media":121086,"comment_status":"closed","ping_status":"closed","sticky":false,"template":"","format":"standard","meta":{"rank_math_lock_modified_date":false,"footnotes":""},"categories":[76],"tags":[77,133,2218,3725],"class_list":["post-121066","post","type-post","status-publish","format-standard","has-post-thumbnail","hentry","category-magazin","tag-hadise","tag-magazin","tag-magazin-haberleri","tag-yasemin-sakallioglu"],"_links":{"self":[{"href":"https:\/\/www.tgrthaber.com\/mavikadin\/wp-json\/wp\/v2\/posts\/121066"}],"collection":[{"href":"https:\/\/www.tgrthaber.com\/mavikadin\/wp-json\/wp\/v2\/posts"}],"about":[{"href":"https:\/\/www.tgrthaber.com\/mavikadin\/wp-json\/wp\/v2\/types\/post"}],"author":[{"embeddable":true,"href":"https:\/\/www.tgrthaber.com\/mavikadin\/wp-json\/wp\/v2\/users\/2"}],"replies":[{"embeddable":true,"href":"https:\/\/www.tgrthaber.com\/mavikadin\/wp-json\/wp\/v2\/comments?post=121066"}],"version-history":[{"count":1,"href":"https:\/\/www.tgrthaber.com\/mavikadin\/wp-json\/wp\/v2\/posts\/121066\/revisions"}],"predecessor-version":[{"id":121087,"href":"https:\/\/www.tgrthaber.com\/mavikadin\/wp-json\/wp\/v2\/posts\/121066\/revisions\/121087"}],"wp:featuredmedia":[{"embeddable":true,"href":"https:\/\/www.tgrthaber.com\/mavikadin\/wp-json\/wp\/v2\/media\/121086"}],"wp:attachment":[{"href":"https:\/\/www.tgrthaber.com\/mavikadin\/wp-json\/wp\/v2\/media?parent=121066"}],"wp:term":[{"taxonomy":"category","embeddable":true,"href":"https:\/\/www.tgrthaber.com\/mavikadin\/wp-json\/wp\/v2\/categories?post=121066"},{"taxonomy":"post_tag","embeddable":true,"href":"https:\/\/www.tgrthaber.com\/mavikadin\/wp-json\/wp\/v2\/tags?post=121066"}],"curies":[{"name":"wp","href":"https:\/\/api.w.org\/{rel}","templated":true}]}}