{"id":121076,"date":"2025-01-13T22:49:14","date_gmt":"2025-01-13T19:49:14","guid":{"rendered":"https:\/\/www.tgrthaber.com\/mavikadin\/?p=121076"},"modified":"2025-01-14T00:56:47","modified_gmt":"2025-01-13T21:56:47","slug":"ev-almak-isteyenlere-mujde-dusuk-kredili-ilk-evim-kampanyasi-ne-zaman-cikacak-kimler-basvurabilir","status":"publish","type":"post","link":"https:\/\/www.tgrthaber.com\/mavikadin\/ev-almak-isteyenlere-mujde-dusuk-kredili-ilk-evim-kampanyasi-ne-zaman-cikacak-kimler-basvurabilir\/","title":{"rendered":"Ev almak isteyenlere m\u00fcjde: D\u00fc\u015f\u00fck kredili &#8216;\u0130lk Evim&#8217; kampanyas\u0131 ne zaman \u00e7\u0131kacak, kimler ba\u015fvurabilir?"},"content":{"rendered":"<p>Kira derdinden kurtulup bir an \u00f6nce ev sahibi olmak isteyen vatanda\u015flar\u0131n uzun s\u00fcredir bekledi\u011fi \u015fey nihayet ger\u00e7ekle\u015fti. Devletin uzun zamandan beri \u00f6ne s\u00fcrd\u00fc\u011f\u00fc d\u00fc\u015f\u00fck faizli konut kredisi i\u00e7in geri say\u0131m ba\u015flad\u0131.\u00a0\u201c\u0130lk Evim\u201d projesi kapsam\u0131nda uygulamaya ge\u00e7irilecek bu kampanya sayesinde maddi imkan\u0131 yerinde olmayan dar gelirli vatanda\u015flar, uygun \u00f6deme ko\u015fullar\u0131yla ev sahibi olma f\u0131rsat\u0131 yakalayabilecek.<\/p>\n<p>\u0130lk defa konut sahibi olma imkan\u0131 yakalayabilecek olan vatanda\u015flar, %1.20 gibi bir rakamla konut kredisi al\u0131p ev alabilecek. Ev almay\u0131 bekleyenler i\u00e7in m\u00fcjde niteli\u011finde olan bu haber ise, Cumhurba\u015fkan\u0131 Yard\u0131mc\u0131s\u0131 Cevdet Y\u0131lmaz taraf\u0131ndan kamuoyuna duyuruldu.<\/p>\n<p>Cumhurba\u015fkan\u0131 Yard\u0131mc\u0131s\u0131 Y\u0131lmaz, herkes rahatl\u0131kla ev alabilsin diye konut al\u0131n\u0131m\u0131n\u0131 kolayla\u015ft\u0131rmay\u0131 sa\u011flayacak olan bu kampanyan\u0131n detaylar\u0131 ile ilgili en yak\u0131n zamanda bilgilendirmede bulunaca\u011f\u0131n\u0131 kaydetti.<\/p>\n<h3>BAKAN MURAT KURUM&#8217;DAN \u0130HALE S\u00dcREC\u0130NE Y\u00d6NEL\u0130K A\u00c7IKLAMA! O AY&#8217;I \u0130\u015eARET ETT\u0130&#8230;<\/h3>\n<p>Bakan Murat Kurum&#8217;un Toplu Konut \u0130daresi Ba\u015fkanl\u0131\u011f\u0131 (TOK\u0130) taraf\u0131ndan y\u00fcr\u00fct\u00fclen projesinde sahip olunacak t\u00fcm konutlar\u0131n ihale s\u00fcrecinin tamamlanma s\u00fcresinin bu sene i\u00e7erisinde yaz ay\u0131nda yakla\u015f\u0131k Haziran gibi bitece\u011fine i\u015faret etti.<\/p>\n<p><img loading=\"lazy\" decoding=\"async\" class=\"alignnone wp-image-121125\" src=\"https:\/\/www.tgrthaber.com\/mavikadin\/wp-content\/uploads\/66-3.png\" alt=\"\" width=\"1208\" height=\"783\" title=\"\" srcset=\"https:\/\/www.tgrthaber.com\/mavikadin\/wp-content\/uploads\/66-3.png 1268w, https:\/\/www.tgrthaber.com\/mavikadin\/wp-content\/uploads\/66-3-300x194.png 300w, https:\/\/www.tgrthaber.com\/mavikadin\/wp-content\/uploads\/66-3-1024x664.png 1024w, https:\/\/www.tgrthaber.com\/mavikadin\/wp-content\/uploads\/66-3-768x498.png 768w\" sizes=\"(max-width: 1208px) 100vw, 1208px\" \/><\/p>\n<hr \/>\n<p>T\u00fcrkiye Cumhuriyeti \u00c7evre, \u015eehircilik ve \u0130klim De\u011fi\u015fikli\u011fi Bakan\u0131 Murat Kurum, aktif kulland\u0131\u011f\u0131 kendi resmi sosyal medya hesab\u0131ndan yay\u0131nlad\u0131\u011f\u0131 g\u00f6nderide, \u201cAsr\u0131n felaketi sonras\u0131 \u00f6nceli\u011fimiz hep deprem b\u00f6lgesi oldu.<\/p>\n<p><img loading=\"lazy\" decoding=\"async\" class=\"alignnone wp-image-121134\" src=\"https:\/\/www.tgrthaber.com\/mavikadin\/wp-content\/uploads\/gdg.png\" alt=\"\" width=\"1208\" height=\"675\" title=\"\" srcset=\"https:\/\/www.tgrthaber.com\/mavikadin\/wp-content\/uploads\/gdg.png 818w, https:\/\/www.tgrthaber.com\/mavikadin\/wp-content\/uploads\/gdg-300x168.png 300w, https:\/\/www.tgrthaber.com\/mavikadin\/wp-content\/uploads\/gdg-768x429.png 768w\" sizes=\"(max-width: 1208px) 100vw, 1208px\" \/><\/p>\n<hr \/>\n<p>\u0130lk Evim \u0130lk \u0130\u015f Yerim projelerinde biraz yava\u015flama ya\u015fad\u0131k ancak hi\u00e7bir zaman durmad\u0131k. \u015eimdi s\u00f6z\u00fcn\u00fc verdi\u011fimiz konutlar i\u00e7in yeni bir takvim olu\u015fturduk ve ilk ihalesini bug\u00fcn ger\u00e7ekle\u015ftirdik.\u201d notunu d\u00fc\u015ft\u00fc.<\/p>\n<h3>88 B\u0130N KONUT \u0130HALES\u0130 &#8216;\u0130LK EV\u0130M&#8217; PROJES\u0130 \u0130LE GER\u00c7EKLE\u015eT\u0130<\/h3>\n<p>Bilinen 250 Bin Sosyal Konut Projesi\u2019ne ilaveten, \u0130lk Evim Projesi kapsam\u0131nda ge\u00e7ti\u011fimiz Ekim ay\u0131 itibar\u0131yla 88 bin 743 konutun ihalesi nihayet sonland\u0131, 24 bin 343 konutun sahipleri belli oldu.<\/p>\n<h3>&#8216;\u0130LK EV\u0130M&#8217; KAMPANYASININ BA\u015eVURU \u015eARTLARI;<\/h3>\n<p>\u0130lk defa ev almak i\u00e7in kampanyay\u0131 d\u00f6rt g\u00f6zle bekleyen vatanda\u015flar\u0131n d\u00fc\u015f\u00fck konut kredisi\u00a0 bu imkana sahip olabilece\u011fi bu uygulamada y\u00fczde 1.20 kadar faiz oran\u0131 uygulanaca\u011f\u0131 \u00f6ng\u00f6r\u00fcl\u00fcyor. Konut almak i\u00e7in kampanyay\u0131 bekleyenlerde aranan \u015fart; daha \u00f6nceden hi\u00e7 ev sahibi olmam\u0131\u015f kimselerdir.<\/p>\n<p><img loading=\"lazy\" decoding=\"async\" class=\"alignnone wp-image-121129\" src=\"https:\/\/www.tgrthaber.com\/mavikadin\/wp-content\/uploads\/666653.png\" alt=\"\" width=\"1208\" height=\"705\" title=\"\" srcset=\"https:\/\/www.tgrthaber.com\/mavikadin\/wp-content\/uploads\/666653.png 912w, https:\/\/www.tgrthaber.com\/mavikadin\/wp-content\/uploads\/666653-300x175.png 300w, https:\/\/www.tgrthaber.com\/mavikadin\/wp-content\/uploads\/666653-768x448.png 768w\" sizes=\"(max-width: 1208px) 100vw, 1208px\" \/><\/p>\n<hr \/>\n<p>D\u00fc\u015f\u00fck konutlu kredi ile ev al\u0131n\u0131m\u0131n vade s\u00fcresi olarak ise 15 y\u0131l olmas\u0131 bekleniyor. \u0130lk defa ev sahibi olma imkan\u0131 yakalayacak ki\u015filerin yararlanaca\u011f\u0131 bu\u00a0 d\u00fc\u015f\u00fck faizli ev kampanyas\u0131nda 120 ay haricinde 15 y\u0131l yani yakla\u015f\u0131k 180 aya kadar bir vadelendirmenin olabilece\u011fi \u00f6n g\u00f6r\u00fcl\u00fcyor.<\/p>\n<h3>G\u00d6ZLER VE KULAKLAR EDO\u011eAN&#8217;DA! RESM\u0130 A\u00c7IKLAMA YAPMASI BEKLEN\u0130YOR&#8230;<\/h3>\n<p>D\u00fc\u015f\u00fck konutlu kredi sayesinde uygulamaya ge\u00e7ecek olan &#8216;\u0130lk Evim&#8217; kampanyan\u0131n ba\u015flang\u0131\u00e7 tarihi ve m\u00fcracaat \u015fartlar\u0131 gibi ayr\u0131nt\u0131lar hen\u00fcz tam olarak belli olmad\u0131.<\/p>\n<p>Ancak, Ba\u015fkan Recep Tayyip Erdo\u011fan\u2019\u0131n yeni yasama y\u0131l\u0131nda konuya dair net bir bilgilendirme ve kampanyan\u0131n ba\u015fvuru \u015fartlar\u0131 gibi \u00f6nemli unsurlar i\u00e7in resmi bir a\u00e7\u0131klama yapmas\u0131 bekleniyor.<\/p>\n","protected":false},"excerpt":{"rendered":"<p>Ev sahibi olmak isteyen vatanda\u015flar\u0131n bekledi\u011fi &#8216;\u0130lk Evim&#8217; kampanyas\u0131n\u0131n i\u00e7eri\u011fine y\u00f6nelik detaylar belli oldu. Peki &#8216;\u0130lk Evim&#8217; kampanyas\u0131na nas\u0131l ba\u015fvurulur? &#8216;\u0130lk Evim&#8217; kampanyas\u0131na dair merak edilenler&#8230;<\/p>\n","protected":false},"author":27,"featured_media":121130,"comment_status":"closed","ping_status":"closed","sticky":false,"template":"","format":"standard","meta":{"rank_math_lock_modified_date":false,"footnotes":""},"categories":[78],"tags":[8036,8038,8039,8035,8037,8040],"class_list":["post-121076","post","type-post","status-publish","format-standard","has-post-thumbnail","hentry","category-yasam","tag-ev-almak","tag-ilk-evim-kampanyasi","tag-ilk-evim-kampanyasi-basvuru","tag-ilk-evim-kredisi","tag-konut-alinimi","tag-murat-kurum"],"_links":{"self":[{"href":"https:\/\/www.tgrthaber.com\/mavikadin\/wp-json\/wp\/v2\/posts\/121076"}],"collection":[{"href":"https:\/\/www.tgrthaber.com\/mavikadin\/wp-json\/wp\/v2\/posts"}],"about":[{"href":"https:\/\/www.tgrthaber.com\/mavikadin\/wp-json\/wp\/v2\/types\/post"}],"author":[{"embeddable":true,"href":"https:\/\/www.tgrthaber.com\/mavikadin\/wp-json\/wp\/v2\/users\/27"}],"replies":[{"embeddable":true,"href":"https:\/\/www.tgrthaber.com\/mavikadin\/wp-json\/wp\/v2\/comments?post=121076"}],"version-history":[{"count":3,"href":"https:\/\/www.tgrthaber.com\/mavikadin\/wp-json\/wp\/v2\/posts\/121076\/revisions"}],"predecessor-version":[{"id":121139,"href":"https:\/\/www.tgrthaber.com\/mavikadin\/wp-json\/wp\/v2\/posts\/121076\/revisions\/121139"}],"wp:featuredmedia":[{"embeddable":true,"href":"https:\/\/www.tgrthaber.com\/mavikadin\/wp-json\/wp\/v2\/media\/121130"}],"wp:attachment":[{"href":"https:\/\/www.tgrthaber.com\/mavikadin\/wp-json\/wp\/v2\/media?parent=121076"}],"wp:term":[{"taxonomy":"category","embeddable":true,"href":"https:\/\/www.tgrthaber.com\/mavikadin\/wp-json\/wp\/v2\/categories?post=121076"},{"taxonomy":"post_tag","embeddable":true,"href":"https:\/\/www.tgrthaber.com\/mavikadin\/wp-json\/wp\/v2\/tags?post=121076"}],"curies":[{"name":"wp","href":"https:\/\/api.w.org\/{rel}","templated":true}]}}