{"id":121089,"date":"2025-01-13T21:59:43","date_gmt":"2025-01-13T18:59:43","guid":{"rendered":"https:\/\/www.tgrthaber.com\/mavikadin\/?p=121089"},"modified":"2025-01-13T21:59:43","modified_gmt":"2025-01-13T18:59:43","slug":"yalcin-dumerden-oyunculuk-sektorundeki-tekellesme-iddialarina-sitemli-yanit","status":"publish","type":"post","link":"https:\/\/www.tgrthaber.com\/mavikadin\/yalcin-dumerden-oyunculuk-sektorundeki-tekellesme-iddialarina-sitemli-yanit\/","title":{"rendered":"Yal\u00e7\u0131n D\u00fcmer\u2019den oyunculuk sekt\u00f6r\u00fcndeki tekelle\u015fme iddialar\u0131na sitemli yan\u0131t!"},"content":{"rendered":"<p>Oyunculuk sekt\u00f6r\u00fcndeki tekelle\u015fme ve kayr\u0131lma iddialar\u0131 g\u00fcn ge\u00e7tik\u00e7e b\u00fcy\u00fcyor. Bir\u00e7ok \u00fcnl\u00fc ismin payla\u015f\u0131m yapt\u0131\u011f\u0131 \u015fu s\u00fcre\u00e7te her oyuncu kendi fikrini dile getirerek \u00e7e\u015fitli payla\u015f\u0131mlarda bulunuyor. Tekelle\u015fme iddialar\u0131na sitemli bir dille yan\u0131t veren bir di\u011fer isim oyuncu Yal\u00e7\u0131n D\u00fcmer\u2019den geldi. Yal\u00e7\u0131n D\u00fcmer, konuk oldu\u011fu YouTube kanal\u0131nda oyunculuk sekt\u00f6r\u00fcndeki tekelle\u015fme konular\u0131n\u0131 sert bir dille ele\u015ftirdi. Bak\u0131n Yal\u00e7\u0131n D\u00fcmer, tekelle\u015fme iddialar\u0131 hakk\u0131nda neler s\u00f6yledi\u2026<\/p>\n<hr \/>\n<h3>YAL\u00c7IN D\u00dcMER\u2019DEN TEKELLE\u015eME \u0130DD\u0130ALARINA S\u0130TEML\u0130 YANIT!<\/h3>\n<p>Son zamanlarda s\u0131k\u00e7a duydu\u011fumuz oyunculuk sekt\u00f6r\u00fcndeki tekelle\u015fme ve kayr\u0131lma iddialar\u0131 g\u00fcn ge\u00e7tik\u00e7e etkisini art\u0131r\u0131yor. Tekelle\u015fme konular\u0131na sert bir yan\u0131t bu kez oyuncu Yal\u00e7\u0131n D\u00fcmer\u2019den geldi. Enver Aysever\u2019in YouTube program\u0131na konuk olan D\u00fcmer, sitemli bir dille sekt\u00f6rdeki tekelle\u015fme konusuna de\u011findi.<\/p>\n<p><img loading=\"lazy\" decoding=\"async\" class=\"alignnone wp-image-121090\" src=\"https:\/\/www.tgrthaber.com\/mavikadin\/wp-content\/uploads\/Adsiz-tasarim-47-14-1024x576.jpg\" alt=\"Yal\u00e7\u0131n D\u00fcmer\u2019den oyunculuk sekt\u00f6r\u00fcndeki tekelle\u015fme iddialar\u0131na sitemli yan\u0131t! \" width=\"1208\" height=\"680\" title=\"\" srcset=\"https:\/\/www.tgrthaber.com\/mavikadin\/wp-content\/uploads\/Adsiz-tasarim-47-14-1024x576.jpg 1024w, https:\/\/www.tgrthaber.com\/mavikadin\/wp-content\/uploads\/Adsiz-tasarim-47-14-300x169.jpg 300w, https:\/\/www.tgrthaber.com\/mavikadin\/wp-content\/uploads\/Adsiz-tasarim-47-14-768x432.jpg 768w, https:\/\/www.tgrthaber.com\/mavikadin\/wp-content\/uploads\/Adsiz-tasarim-47-14-1536x864.jpg 1536w, https:\/\/www.tgrthaber.com\/mavikadin\/wp-content\/uploads\/Adsiz-tasarim-47-14.jpg 1600w\" sizes=\"(max-width: 1208px) 100vw, 1208px\" \/><\/p>\n<hr \/>\n<p>Yal\u00e7\u0131n D\u00fcmer konuk oldu\u011fu YouTube program\u0131nda: \u201c5 dizi yap\u0131l\u0131r 10 dizi yap\u0131l\u0131r anlar\u0131m, bize i\u015f vermezler. 1500 tane dizi yap\u0131l\u0131yor. Biz \u00e7ok mu k\u00f6t\u00fc \u015feyler yapt\u0131k. Rahmetli Tolga Savac\u0131 niye \u00f6ld\u00fc? Tolga Savac\u0131 bu y\u00fczden s\u0131k\u0131nt\u0131dan \u00f6ld\u00fc. \u0130\u015f vermiyorlar, Tolga k\u00f6t\u00fc oyuncu muydu? Bebek y\u00fczl\u00fc, beyefendi, sete geldi\u011fi zaman hi\u00e7bir olay\u0131 olmayan, beraber \u00e7al\u0131\u015ft\u0131\u011f\u0131m d\u00fcnya beyefendisi bir arkada\u015f\u0131md\u0131. Allah rahmet eylesin. Hi\u00e7 kimseye i\u015f vermiyorlar. Neden \u00e7\u00fcnk\u00fc menajerlerin elinde. Benim menajerimde var \u00d6zlem Yordanl\u0131 han\u0131mefendi, \u015fu anda da dinliyor yay\u0131n\u0131, izliyor. K\u0131z her g\u00fcn \u2018Abi neler yap\u0131yorum, olmuyor aralar\u0131na alm\u0131yorlar bizi\u2019 diyor. Bende bu ya\u015ftan sonra m\u00fctevazi olamayaca\u011f\u0131m, ikinci s\u0131n\u0131f rol oynamak istemiyorum.\u201d ifadelerine yer verdi.<\/p>\n<div style=\"width: 640px;\" class=\"wp-video\"><!--[if lt IE 9]><script>document.createElement('video');<\/script><![endif]-->\n<video class=\"wp-video-shortcode\" id=\"video-121089-1\" width=\"640\" height=\"640\" preload=\"metadata\" controls=\"controls\"><source type=\"video\/mp4\" src=\"https:\/\/www.tgrthaber.com\/mavikadin\/wp-content\/uploads\/Kahverengi-Sade-Zarif-Kucuk-Isletme-Kuafor-Instagram-Video-1-10.mp4?_=1\" \/><a href=\"https:\/\/www.tgrthaber.com\/mavikadin\/wp-content\/uploads\/Kahverengi-Sade-Zarif-Kucuk-Isletme-Kuafor-Instagram-Video-1-10.mp4\">https:\/\/www.tgrthaber.com\/mavikadin\/wp-content\/uploads\/Kahverengi-Sade-Zarif-Kucuk-Isletme-Kuafor-Instagram-Video-1-10.mp4<\/a><\/video><\/div>\n<h3>YAL\u00c7IN D\u00dcMER K\u0130MD\u0130R?<\/h3>\n<p>Yal\u00e7\u0131n D\u00fcmer, 1965 y\u0131l\u0131nda \u0130stanbul\u2019da d\u00fcnyaya geldi. Oyuncu Ekrem D\u00fcmer ve Nejla D\u00fcmer\u2019in o\u011flu olarak d\u00fcnyaya gelen Yal\u00e7\u0131n D\u00fcmer, ilkokul ve ortaokul e\u011fitimini tamamlad\u0131ktan sonra Kabata\u015f Erkek Lisesi\u2019nden mezun olarak lise e\u011fitimini tamamlam\u0131\u015ft\u0131r. Daha sonra y\u00fcksek\u00f6\u011frenimi oyunculuk alan\u0131nda ger\u00e7ekle\u015ftiren D\u00fcmer, konservatuvar \u00f6\u011frencisiyken \u015eehir Tiyatrolar\u0131\u2019nda yer alm\u0131\u015f ve Amerika\u2019da sinema okulunda okuyabilmek i\u00e7in benzin istasyonlar\u0131nda \u00e7al\u0131\u015f\u0131p har\u00e7l\u0131\u011f\u0131n\u0131 \u00e7\u0131karm\u0131\u015ft\u0131r.<\/p>\n<p><img loading=\"lazy\" decoding=\"async\" class=\"alignnone wp-image-121091\" src=\"https:\/\/www.tgrthaber.com\/mavikadin\/wp-content\/uploads\/Adsiz-tasarim-46-14-1024x576.jpg\" alt=\"Yal\u00e7\u0131n D\u00fcmer\u2019den oyunculuk sekt\u00f6r\u00fcndeki tekelle\u015fme iddialar\u0131na sitemli yan\u0131t! \" width=\"1208\" height=\"680\" title=\"\" srcset=\"https:\/\/www.tgrthaber.com\/mavikadin\/wp-content\/uploads\/Adsiz-tasarim-46-14-1024x576.jpg 1024w, https:\/\/www.tgrthaber.com\/mavikadin\/wp-content\/uploads\/Adsiz-tasarim-46-14-300x169.jpg 300w, https:\/\/www.tgrthaber.com\/mavikadin\/wp-content\/uploads\/Adsiz-tasarim-46-14-768x432.jpg 768w, https:\/\/www.tgrthaber.com\/mavikadin\/wp-content\/uploads\/Adsiz-tasarim-46-14-1536x864.jpg 1536w, https:\/\/www.tgrthaber.com\/mavikadin\/wp-content\/uploads\/Adsiz-tasarim-46-14.jpg 1600w\" sizes=\"(max-width: 1208px) 100vw, 1208px\" \/><\/p>\n<hr \/>\n<p>Yal\u00e7\u0131n D\u00fcmer, oyunculuk kariyerinin yan\u0131 s\u0131ra Ebru C\u00fcnd\u00fcbeyo\u011flu ile \u00c7alar Saat ve Sabah \u015eekerleri programlar\u0131nda sunuculuk yapm\u0131\u015ft\u0131r. Daha sonra D\u00fcmer, Televole program\u0131n\u0131n sunuculu\u011funu yapm\u0131\u015ft\u0131r. 1985 y\u0131l\u0131nda ba\u015flad\u0131\u011f\u0131 oyunculuk kariyerine bir\u00e7ok dizi ve film projesi s\u0131\u011fd\u0131ran D\u00fcmer, en son 2014 y\u0131l\u0131nda yay\u0131mlanan \u201cK\u0131z Evliya\u201d dizisiyle izleyici kar\u015f\u0131s\u0131na \u00e7\u0131km\u0131\u015ft\u0131r. Son zamanlarda ekranlardan uzak olan ba\u015far\u0131l\u0131 oyuncu, bunun sebebini oyunculuk sekt\u00f6r\u00fcndeki tekelle\u015fme ve kay\u0131r\u0131lma iddialar\u0131na ba\u011flamaktad\u0131r.<\/p>\n","protected":false},"excerpt":{"rendered":"<p>Oyuncu Yal\u00e7\u0131n D\u00fcmer, oyunculuk sekt\u00f6r\u00fcndeki tekelle\u015fme iddialar\u0131n\u0131 sitemli bir dille ele\u015ftirdi. Bak\u0131n Yal\u00e7\u0131n D\u00fcmer, tekelle\u015fme iddialar\u0131 hakk\u0131nda neler s\u00f6yledi\u2026<\/p>\n","protected":false},"author":26,"featured_media":121093,"comment_status":"closed","ping_status":"closed","sticky":false,"template":"","format":"standard","meta":{"rank_math_lock_modified_date":false,"footnotes":""},"categories":[76],"tags":[],"class_list":["post-121089","post","type-post","status-publish","format-standard","has-post-thumbnail","hentry","category-magazin"],"_links":{"self":[{"href":"https:\/\/www.tgrthaber.com\/mavikadin\/wp-json\/wp\/v2\/posts\/121089"}],"collection":[{"href":"https:\/\/www.tgrthaber.com\/mavikadin\/wp-json\/wp\/v2\/posts"}],"about":[{"href":"https:\/\/www.tgrthaber.com\/mavikadin\/wp-json\/wp\/v2\/types\/post"}],"author":[{"embeddable":true,"href":"https:\/\/www.tgrthaber.com\/mavikadin\/wp-json\/wp\/v2\/users\/26"}],"replies":[{"embeddable":true,"href":"https:\/\/www.tgrthaber.com\/mavikadin\/wp-json\/wp\/v2\/comments?post=121089"}],"version-history":[{"count":1,"href":"https:\/\/www.tgrthaber.com\/mavikadin\/wp-json\/wp\/v2\/posts\/121089\/revisions"}],"predecessor-version":[{"id":121095,"href":"https:\/\/www.tgrthaber.com\/mavikadin\/wp-json\/wp\/v2\/posts\/121089\/revisions\/121095"}],"wp:featuredmedia":[{"embeddable":true,"href":"https:\/\/www.tgrthaber.com\/mavikadin\/wp-json\/wp\/v2\/media\/121093"}],"wp:attachment":[{"href":"https:\/\/www.tgrthaber.com\/mavikadin\/wp-json\/wp\/v2\/media?parent=121089"}],"wp:term":[{"taxonomy":"category","embeddable":true,"href":"https:\/\/www.tgrthaber.com\/mavikadin\/wp-json\/wp\/v2\/categories?post=121089"},{"taxonomy":"post_tag","embeddable":true,"href":"https:\/\/www.tgrthaber.com\/mavikadin\/wp-json\/wp\/v2\/tags?post=121089"}],"curies":[{"name":"wp","href":"https:\/\/api.w.org\/{rel}","templated":true}]}}