{"id":121108,"date":"2025-01-13T22:37:07","date_gmt":"2025-01-13T19:37:07","guid":{"rendered":"https:\/\/www.tgrthaber.com\/mavikadin\/?p=121108"},"modified":"2025-01-14T09:05:14","modified_gmt":"2025-01-14T06:05:14","slug":"gokhan-ozen-los-angeles-yangininin-algi-oldugunu-iddia-etti-video-paylasti","status":"publish","type":"post","link":"https:\/\/www.tgrthaber.com\/mavikadin\/gokhan-ozen-los-angeles-yangininin-algi-oldugunu-iddia-etti-video-paylasti\/","title":{"rendered":"G\u00f6khan \u00d6zen Los Angeles yang\u0131n\u0131n\u0131n alg\u0131 oldu\u011funu iddia etti! Video payla\u015ft\u0131"},"content":{"rendered":"<p>\u015eark\u0131c\u0131 G\u00f6khan \u00d6zen, bir d\u00f6nemin en \u00f6nemli sanat\u00e7\u0131lar\u0131ndan biriydi ancak yapt\u0131\u011f\u0131 evlilik ve sonras\u0131nda ya\u015fad\u0131\u011f\u0131 olayl\u0131 bo\u015fanma sonucu T\u00fcrkiye&#8217;yi terk eden \u00fcnl\u00fc isim Los Angeles&#8217;ta ya\u015famaya ba\u015flam\u0131\u015ft\u0131. \u00d6zen, bu g\u00fcnlerde yang\u0131nla m\u00fccadele eden \u015fehirden bir video payla\u015farak, yang\u0131n\u0131n bir alg\u0131 oldu\u011funu iddia etti.<\/p>\n<h3>G\u00d6KHAN \u00d6ZEN LOS ANGELES YANGINININ ALGI OLDU\u011eUNU \u0130DD\u0130A ETT\u0130! V\u0130DEO PAYLA\u015eTI<\/h3>\n<p>Yakla\u015f\u0131k 10 y\u0131ld\u0131r \u00fclkesinden uzakta Amerika&#8217;da ya\u015fayan \u00fcnl\u00fc \u015fark\u0131c\u0131 G\u00f6khan \u00d6zen, zaman zaman yapt\u0131\u011f\u0131 sosyal medya payla\u015f\u0131mlar\u0131yla hala g\u00fcndem olmaya devam ediyor. \u00dcnl\u00fc isim son olarak, b\u00fcy\u00fck bir yang\u0131n felaketi ya\u015fayan Amerika Birle\u015fik Devletleri&#8217;nin California eyaletine ba\u011fl\u0131 Los Angeles&#8217;tan bir payla\u015f\u0131m yapt\u0131. Sosyal medyada yay\u0131lan yang\u0131n g\u00f6r\u00fcnt\u00fclerinin adeta bir alg\u0131 oldu\u011funu iddia eden \u00d6zen, evinin balkonundan Los Angeles&#8217;\u0131 g\u00f6sterdi ve \u015funlar\u0131 s\u00f6yledi;<\/p>\n<div style=\"width: 606px;\" class=\"wp-video\"><!--[if lt IE 9]><script>document.createElement('video');<\/script><![endif]-->\n<video class=\"wp-video-shortcode\" id=\"video-121108-1\" width=\"606\" height=\"1078\" preload=\"metadata\" controls=\"controls\"><source type=\"video\/mp4\" src=\"https:\/\/www.tgrthaber.com\/mavikadin\/wp-content\/uploads\/gokhan_ozen_los_angeles.mp4?_=1\" \/><a href=\"https:\/\/www.tgrthaber.com\/mavikadin\/wp-content\/uploads\/gokhan_ozen_los_angeles.mp4\">https:\/\/www.tgrthaber.com\/mavikadin\/wp-content\/uploads\/gokhan_ozen_los_angeles.mp4<\/a><\/video><\/div>\n<p>&#8220;Herkese merhabalar. Los Angeles&#8217;ta akrabas\u0131, yak\u0131nlar\u0131 ve sevenleri olan herkes i\u00e7in bu videoyu \u00e7ekmek istedim. Bulundu\u011fum bu terastan az \u00e7ok her yerini g\u00f6r\u00fcyorsunuz Los Angeles&#8217;\u0131n. Hani bir yang\u0131n, duman, panik, itfaiye&#8230; \u00d6yle bir durum yok! Onu g\u00f6stermek istedim sizlere. Benim anlad\u0131\u011f\u0131m kadar\u0131yla herkes biraz eski videolara denk geliyor sosyal medyada. Bu da panik meydana getiriyor. Bak\u0131n g\u00f6rd\u00fc\u011f\u00fcn\u00fcz gibi \u015fehri ba\u015ftan ba\u015fa g\u00f6stermi\u015f oldum.&#8221;<\/p>\n","protected":false},"excerpt":{"rendered":"<p>Yang\u0131nla m\u00fccadele eden Los Angeles&#8217;ta bulunan G\u00f6khan \u00d6zen, son durumu payla\u015ft\u0131, yang\u0131n\u0131n alg\u0131 oldu\u011funu iddia etti. \u00d6zen&#8217;in bu payla\u015f\u0131m\u0131 k\u0131sa s\u00fcrede viral oldu.<\/p>\n","protected":false},"author":2,"featured_media":121122,"comment_status":"closed","ping_status":"closed","sticky":false,"template":"","format":"standard","meta":{"rank_math_lock_modified_date":false,"footnotes":""},"categories":[76],"tags":[8031,7666,133,2218],"class_list":["post-121108","post","type-post","status-publish","format-standard","has-post-thumbnail","hentry","category-magazin","tag-gokhan-ozen","tag-los-angeles","tag-magazin","tag-magazin-haberleri"],"_links":{"self":[{"href":"https:\/\/www.tgrthaber.com\/mavikadin\/wp-json\/wp\/v2\/posts\/121108"}],"collection":[{"href":"https:\/\/www.tgrthaber.com\/mavikadin\/wp-json\/wp\/v2\/posts"}],"about":[{"href":"https:\/\/www.tgrthaber.com\/mavikadin\/wp-json\/wp\/v2\/types\/post"}],"author":[{"embeddable":true,"href":"https:\/\/www.tgrthaber.com\/mavikadin\/wp-json\/wp\/v2\/users\/2"}],"replies":[{"embeddable":true,"href":"https:\/\/www.tgrthaber.com\/mavikadin\/wp-json\/wp\/v2\/comments?post=121108"}],"version-history":[{"count":2,"href":"https:\/\/www.tgrthaber.com\/mavikadin\/wp-json\/wp\/v2\/posts\/121108\/revisions"}],"predecessor-version":[{"id":121228,"href":"https:\/\/www.tgrthaber.com\/mavikadin\/wp-json\/wp\/v2\/posts\/121108\/revisions\/121228"}],"wp:featuredmedia":[{"embeddable":true,"href":"https:\/\/www.tgrthaber.com\/mavikadin\/wp-json\/wp\/v2\/media\/121122"}],"wp:attachment":[{"href":"https:\/\/www.tgrthaber.com\/mavikadin\/wp-json\/wp\/v2\/media?parent=121108"}],"wp:term":[{"taxonomy":"category","embeddable":true,"href":"https:\/\/www.tgrthaber.com\/mavikadin\/wp-json\/wp\/v2\/categories?post=121108"},{"taxonomy":"post_tag","embeddable":true,"href":"https:\/\/www.tgrthaber.com\/mavikadin\/wp-json\/wp\/v2\/tags?post=121108"}],"curies":[{"name":"wp","href":"https:\/\/api.w.org\/{rel}","templated":true}]}}