{"id":121112,"date":"2025-01-13T22:38:37","date_gmt":"2025-01-13T19:38:37","guid":{"rendered":"https:\/\/www.tgrthaber.com\/mavikadin\/?p=121112"},"modified":"2025-01-13T22:38:37","modified_gmt":"2025-01-13T19:38:37","slug":"mert-demir-serenay-sarikaya-ile-reklam-iliskisi-yasadigi-iddialarina-ilk-kez-yanit-verdi","status":"publish","type":"post","link":"https:\/\/www.tgrthaber.com\/mavikadin\/mert-demir-serenay-sarikaya-ile-reklam-iliskisi-yasadigi-iddialarina-ilk-kez-yanit-verdi\/","title":{"rendered":"Mert Demir, Serenay Sar\u0131kaya ile reklam ili\u015fkisi ya\u015fad\u0131\u011f\u0131 iddialar\u0131na ilk kez yan\u0131t verdi!"},"content":{"rendered":"<p>Son zamanlarda gerek sosyal medyada gerekse magazin haberlerinde Mert Demir ve Serenay Sar\u0131kaya a\u015fk\u0131n\u0131n bir reklam ili\u015fkisi oldu\u011funu s\u0131k\u00e7a duyuyoruz. Reklam ili\u015fkisi iddialar\u0131yla s\u0131k s\u0131k g\u00fcndeme gelen Mert Demir ve Serenay Sar\u0131kaya \u00e7iftinin ili\u015fkisi merak ediliyor. Uzun s\u00fcredir sessizli\u011fini koruyan \u015fark\u0131c\u0131 Mert Demir, sosyal medya hesab\u0131ndan yapt\u0131\u011f\u0131 bir payla\u015f\u0131mla sessizli\u011fini bozdu. Bak\u0131n Mert Demir, Serenay Sar\u0131kaya ile olan ili\u015fkisi hakk\u0131nda ne s\u00f6ylemi\u015f\u2026<\/p>\n<hr \/>\n<h3>MERT DEM\u0130R\u2019DEN REKLAM \u0130L\u0130\u015eK\u0130S\u0130 \u0130DD\u0130ALARINA YANIT!<\/h3>\n<p>Son zamanlarda oyunculuk sekt\u00f6r\u00fcndeki tekelle\u015fme ve reklam ili\u015fkisi iddialar\u0131yla s\u0131k\u00e7a g\u00fcndeme gelen Mert Demir ve Serenay Sar\u0131kaya \u00e7iftinin ak\u0131beti merak ediliyordu. Ge\u00e7ti\u011fimiz g\u00fcnlerde Serenay Sar\u0131kaya, tekelle\u015fme iddialar\u0131yla ilgili \u00e7e\u015fitli a\u00e7\u0131klamalarda bulunmu\u015ftu. Serenay Sar\u0131kaya\u2019dan sonra bir a\u00e7\u0131klama da Mert Demir\u2019den geldi.<\/p>\n<p><img loading=\"lazy\" decoding=\"async\" class=\"alignnone wp-image-121117\" src=\"https:\/\/www.tgrthaber.com\/mavikadin\/wp-content\/uploads\/Adsiz-tasarim-50-14-1024x576.jpg\" alt=\"Mert Demir, Serenay Sar\u0131kaya ile reklam ili\u015fkisi ya\u015fad\u0131\u011f\u0131 iddialar\u0131na ilk kez yan\u0131t verdi! \" width=\"1208\" height=\"680\" title=\"\" srcset=\"https:\/\/www.tgrthaber.com\/mavikadin\/wp-content\/uploads\/Adsiz-tasarim-50-14-1024x576.jpg 1024w, https:\/\/www.tgrthaber.com\/mavikadin\/wp-content\/uploads\/Adsiz-tasarim-50-14-300x169.jpg 300w, https:\/\/www.tgrthaber.com\/mavikadin\/wp-content\/uploads\/Adsiz-tasarim-50-14-768x432.jpg 768w, https:\/\/www.tgrthaber.com\/mavikadin\/wp-content\/uploads\/Adsiz-tasarim-50-14-1536x864.jpg 1536w, https:\/\/www.tgrthaber.com\/mavikadin\/wp-content\/uploads\/Adsiz-tasarim-50-14.jpg 1600w\" sizes=\"(max-width: 1208px) 100vw, 1208px\" \/><\/p>\n<hr \/>\n<p>Uzun s\u00fcredir sessizli\u011fini koruyan ba\u015far\u0131l\u0131 \u015fark\u0131c\u0131 Mert Demir, sosyal medya hesab\u0131ndan yapt\u0131\u011f\u0131 payla\u015f\u0131mla sessizli\u011fini bozdu. Mert Demir, sosyal medya hesab\u0131ndan yapt\u0131\u011f\u0131 yaz\u0131l\u0131 a\u00e7\u0131klamayla reklam ili\u015fkisi iddialar\u0131na cevap verdi. Payla\u015f\u0131m\u0131nda uzun bir a\u00e7\u0131klamaya yer veren Mert Demir, Serenay Sar\u0131kaya ile ya\u015fad\u0131\u011f\u0131 ili\u015fkinin reklam ili\u015fkisi olmad\u0131\u011f\u0131n\u0131 ve Sar\u0131kaya\u2019y\u0131 \u00e7ok sevdi\u011fini hatta a\u015f\u0131k oldu\u011funu dile getirdi. \u0130\u015fte Mert Demir\u2019in reklam ili\u015fkisi iddialar\u0131 hakk\u0131nda yapt\u0131\u011f\u0131 a\u00e7\u0131klama\u2026<\/p>\n<p><img loading=\"lazy\" decoding=\"async\" class=\"alignnone wp-image-121118\" src=\"https:\/\/www.tgrthaber.com\/mavikadin\/wp-content\/uploads\/Adsiz-tasarim-49-11-1024x576.jpg\" alt=\"Mert Demir, Serenay Sar\u0131kaya ile reklam ili\u015fkisi ya\u015fad\u0131\u011f\u0131 iddialar\u0131na ilk kez yan\u0131t verdi! \" width=\"1208\" height=\"680\" title=\"\" srcset=\"https:\/\/www.tgrthaber.com\/mavikadin\/wp-content\/uploads\/Adsiz-tasarim-49-11-1024x576.jpg 1024w, https:\/\/www.tgrthaber.com\/mavikadin\/wp-content\/uploads\/Adsiz-tasarim-49-11-300x169.jpg 300w, https:\/\/www.tgrthaber.com\/mavikadin\/wp-content\/uploads\/Adsiz-tasarim-49-11-768x432.jpg 768w, https:\/\/www.tgrthaber.com\/mavikadin\/wp-content\/uploads\/Adsiz-tasarim-49-11-1536x864.jpg 1536w, https:\/\/www.tgrthaber.com\/mavikadin\/wp-content\/uploads\/Adsiz-tasarim-49-11.jpg 1600w\" sizes=\"(max-width: 1208px) 100vw, 1208px\" \/><\/p>\n<hr \/>\n<h3>\u201cREKLAM \u0130L\u0130\u015eK\u0130S\u0130 DE\u011e\u0130L \u00c7OK SEVD\u0130\u011e\u0130M, A\u015eIK OLDU\u011eUM B\u0130R \u0130L\u0130\u015eK\u0130N\u0130N \u0130\u00c7ER\u0130S\u0130NDEY\u0130M\u201d<\/h3>\n<p>Ba\u015far\u0131l\u0131 \u015fark\u0131c\u0131 Mert Demir Instagram hesab\u0131 \u00fczerinden yapt\u0131\u011f\u0131 yaz\u0131l\u0131 a\u00e7\u0131klamada: \u201cSon bir senedir hakk\u0131mda \u00e7\u0131kan yalan haberlere ve \u00fczerime at\u0131lan iftiralara kar\u015f\u0131 sessiz kalmay\u0131 tercih ettim. Bu ucuz spek\u00fclasyonlar\u0131n i\u00e7ine dahil olmay\u0131, duru\u015fumu bozmay\u0131 hi\u00e7 istemedim. Fakat g\u00f6r\u00fcyorum ki sessiz kalmam k\u00f6t\u00fc niyetli insanlar\u0131n ekme\u011fine ya\u011f s\u00fcr\u00fcyor ve bu yalan haberler baz\u0131 kesimler taraf\u0131ndan ger\u00e7ek zannediliyor, beni, bizi sevenleri \u00fcz\u00fcyor.<\/p>\n<p><img loading=\"lazy\" decoding=\"async\" class=\"alignnone wp-image-121119\" src=\"https:\/\/www.tgrthaber.com\/mavikadin\/wp-content\/uploads\/Adsiz-tasarim-51-11-1024x576.jpg\" alt=\"Mert Demir, Serenay Sar\u0131kaya ile reklam ili\u015fkisi ya\u015fad\u0131\u011f\u0131 iddialar\u0131na ilk kez yan\u0131t verdi! \" width=\"1208\" height=\"680\" title=\"\" srcset=\"https:\/\/www.tgrthaber.com\/mavikadin\/wp-content\/uploads\/Adsiz-tasarim-51-11-1024x576.jpg 1024w, https:\/\/www.tgrthaber.com\/mavikadin\/wp-content\/uploads\/Adsiz-tasarim-51-11-300x169.jpg 300w, https:\/\/www.tgrthaber.com\/mavikadin\/wp-content\/uploads\/Adsiz-tasarim-51-11-768x432.jpg 768w, https:\/\/www.tgrthaber.com\/mavikadin\/wp-content\/uploads\/Adsiz-tasarim-51-11-1536x864.jpg 1536w, https:\/\/www.tgrthaber.com\/mavikadin\/wp-content\/uploads\/Adsiz-tasarim-51-11.jpg 1600w\" sizes=\"(max-width: 1208px) 100vw, 1208px\" \/><\/p>\n<hr \/>\n<p>Arkada\u015flar kariyerimde bu noktaya gelmi\u015f olmam\u0131n tek sebebi y\u0131llarca vermi\u015f oldu\u011fum emektir. Gen\u00e7li\u011fimin en g\u00fczel y\u0131llar\u0131n\u0131 st\u00fcdyolarda kendimi e\u011fitmekle ge\u00e7irmi\u015f olmamd\u0131r. Bir plak \u015firketi, bir yap\u0131mc\u0131, bir sponsor deste\u011fi olmadan kariyerimi bu noktaya getirdim. Bu ger\u00e7e\u011fe inanmak istemeyen k\u00f6t\u00fc niyetli insanlar beni itibars\u0131zla\u015ft\u0131rmak i\u00e7in ailemi, \u00f6zel hayat\u0131m\u0131, i\u015fimi hedef alarak bir senedir d\u00fczenli olarak taraf\u0131ma sald\u0131r\u0131yorlar. Ben sessiz kald\u0131k\u00e7a onlar daha da cesaretlendiler. Her ba\u015far\u0131m\u0131n alt\u0131nda ba\u015fka sebepler arand\u0131, ailem didik didik edildi, mutlu giden birlikteli\u011fim \u00e7ok g\u00f6r\u00fcld\u00fc, reklam ili\u015fkisi dendi, cinsel kimli\u011fimle ilgili yalanlar at\u0131ld\u0131, proje oldu\u011fum s\u00f6ylendi&#8230;<\/p>\n<p><img loading=\"lazy\" decoding=\"async\" class=\"alignnone wp-image-121121\" src=\"https:\/\/www.tgrthaber.com\/mavikadin\/wp-content\/uploads\/Adsiz-tasarim-53-12-1024x576.jpg\" alt=\"Mert Demir, Serenay Sar\u0131kaya ile reklam ili\u015fkisi ya\u015fad\u0131\u011f\u0131 iddialar\u0131na ilk kez yan\u0131t verdi! \" width=\"1208\" height=\"680\" title=\"\" srcset=\"https:\/\/www.tgrthaber.com\/mavikadin\/wp-content\/uploads\/Adsiz-tasarim-53-12-1024x576.jpg 1024w, https:\/\/www.tgrthaber.com\/mavikadin\/wp-content\/uploads\/Adsiz-tasarim-53-12-300x169.jpg 300w, https:\/\/www.tgrthaber.com\/mavikadin\/wp-content\/uploads\/Adsiz-tasarim-53-12-768x432.jpg 768w, https:\/\/www.tgrthaber.com\/mavikadin\/wp-content\/uploads\/Adsiz-tasarim-53-12-1536x864.jpg 1536w, https:\/\/www.tgrthaber.com\/mavikadin\/wp-content\/uploads\/Adsiz-tasarim-53-12.jpg 1600w\" sizes=\"(max-width: 1208px) 100vw, 1208px\" \/><\/p>\n<hr \/>\n<p>Tek bir ger\u00e7ek var, i\u015fimi tutkuyla yap\u0131yorum ve kar\u015f\u0131l\u0131\u011f\u0131n\u0131 halktan al\u0131yorum. Reklam ili\u015fkisi de\u011fil \u00e7ok sevdi\u011fim, a\u015f\u0131k oldu\u011fum bir ili\u015fkinin i\u00e7erisindeyim. Hissetti\u011fim bu g\u00fczel duygular\u0131 kendi hayat\u0131n\u0131zda deneyimlemenizi t\u00fcm kalbimle diliyorum. Bundan sonra hakk\u0131mda yap\u0131lan t\u00fcm yalan haberlere kar\u015f\u0131 hukuki i\u015flem ba\u015flataca\u011f\u0131m\u0131n bilinmesini isterim. Hepinize sa\u011fl\u0131kl\u0131, huzurlu bir hayat diliyorum.\u201d ifadelerine yer verdi.<\/p>\n","protected":false},"excerpt":{"rendered":"<p>Son zamanlar PR ili\u015fkisi ya\u015fad\u0131klar\u0131 iddialar\u0131yla g\u00fcndemden d\u00fc\u015fmeyen Mert Demir ve Serenay Sar\u0131kaya ili\u015fkisi hakk\u0131nda Mert Demir\u2019den ilk kez a\u00e7\u0131klama geldi. Bak\u0131n Mert Demir, Serenay Sar\u0131kaya ile olan ili\u015fkisi hakk\u0131nda ne s\u00f6yledi\u2026 <\/p>\n","protected":false},"author":26,"featured_media":121115,"comment_status":"closed","ping_status":"closed","sticky":false,"template":"","format":"standard","meta":{"rank_math_lock_modified_date":false,"footnotes":""},"categories":[76],"tags":[133,2218,3278,2688],"class_list":["post-121112","post","type-post","status-publish","format-standard","has-post-thumbnail","hentry","category-magazin","tag-magazin","tag-magazin-haberleri","tag-mert-demir","tag-serenay-sarikaya"],"_links":{"self":[{"href":"https:\/\/www.tgrthaber.com\/mavikadin\/wp-json\/wp\/v2\/posts\/121112"}],"collection":[{"href":"https:\/\/www.tgrthaber.com\/mavikadin\/wp-json\/wp\/v2\/posts"}],"about":[{"href":"https:\/\/www.tgrthaber.com\/mavikadin\/wp-json\/wp\/v2\/types\/post"}],"author":[{"embeddable":true,"href":"https:\/\/www.tgrthaber.com\/mavikadin\/wp-json\/wp\/v2\/users\/26"}],"replies":[{"embeddable":true,"href":"https:\/\/www.tgrthaber.com\/mavikadin\/wp-json\/wp\/v2\/comments?post=121112"}],"version-history":[{"count":1,"href":"https:\/\/www.tgrthaber.com\/mavikadin\/wp-json\/wp\/v2\/posts\/121112\/revisions"}],"predecessor-version":[{"id":121126,"href":"https:\/\/www.tgrthaber.com\/mavikadin\/wp-json\/wp\/v2\/posts\/121112\/revisions\/121126"}],"wp:featuredmedia":[{"embeddable":true,"href":"https:\/\/www.tgrthaber.com\/mavikadin\/wp-json\/wp\/v2\/media\/121115"}],"wp:attachment":[{"href":"https:\/\/www.tgrthaber.com\/mavikadin\/wp-json\/wp\/v2\/media?parent=121112"}],"wp:term":[{"taxonomy":"category","embeddable":true,"href":"https:\/\/www.tgrthaber.com\/mavikadin\/wp-json\/wp\/v2\/categories?post=121112"},{"taxonomy":"post_tag","embeddable":true,"href":"https:\/\/www.tgrthaber.com\/mavikadin\/wp-json\/wp\/v2\/tags?post=121112"}],"curies":[{"name":"wp","href":"https:\/\/api.w.org\/{rel}","templated":true}]}}