{"id":121150,"date":"2025-01-13T23:44:39","date_gmt":"2025-01-13T20:44:39","guid":{"rendered":"https:\/\/www.tgrthaber.com\/mavikadin\/?p=121150"},"modified":"2025-01-13T23:50:15","modified_gmt":"2025-01-13T20:50:15","slug":"ozge-gurelin-yuzu-yandi-saglik-durumu-nasil-unlu-oyuncudan-korkutan-haber","status":"publish","type":"post","link":"https:\/\/www.tgrthaber.com\/mavikadin\/ozge-gurelin-yuzu-yandi-saglik-durumu-nasil-unlu-oyuncudan-korkutan-haber\/","title":{"rendered":"\u00d6zge G\u00fcrel\u2019in y\u00fcz\u00fc yand\u0131! Sa\u011fl\u0131k durumu nas\u0131l? \u00dcnl\u00fc oyuncudan korkutan haber!"},"content":{"rendered":"<p class=\"p1\">Kiraz Mevsimi dizisinde oynad\u0131\u011f\u0131 \u00d6yk\u00fc karakteriyle geni\u015f bir hayran kitlesine ula\u015fan ba\u015far\u0131l\u0131 oyuncu \u00d6zge G\u00fcrel, evde talihsiz bir kaza ge\u00e7irdi. Mutfakta yemek haz\u0131rlad\u0131\u011f\u0131 s\u0131rada s\u0131cak ya\u011f\u0131n s\u0131\u00e7ramas\u0131 sonucu y\u00fcz\u00fc yanan g\u00fczel oyuncu \u00d6zge G\u00fcrel, bu \u00fcz\u00fcc\u00fc olay\u0131 sosyal medya hesab\u0131ndan payla\u015ft\u0131. Sevenlerini endi\u015felendiren olay\u0131n ard\u0131ndan oyuncu, sa\u011fl\u0131k durumunun iyi oldu\u011funu belirtti.<\/p>\n<h3>\u00d6ZGE G\u00dcREL&#8217;\u0130N Y\u00dcZ\u00dcNE YA\u011e SI\u00c7RADI<\/h3>\n<p class=\"p1\">G\u00fczel oyuncu \u00d6zge G\u00fcrel evde yemek yapt\u0131\u011f\u0131 s\u0131rada talizsiz bir kaza ge\u00e7irdi. Y\u00fcz\u00fcne ya\u011f s\u0131\u00e7rayan G\u00fcrel, doktor kontrol\u00fc sonras\u0131nda kurutucu krem tedavisi uygulayarak, k\u0131sa s\u00fcrede iyile\u015fme g\u00f6sterdi. Ya\u015fad\u0131\u011f\u0131 bu \u00fcz\u00fcc\u00fc olay, dizinin \u00e7ekim program\u0131nda k\u00fc\u00e7\u00fck bir aksakl\u0131\u011fa neden olsa da G\u00fcrel\u2019in sa\u011fl\u0131k durumunun iyi oldu\u011fu \u00f6\u011frenildi. \u00dcnl\u00fc oyuncunun moralini bozmadan iyile\u015fme s\u00fcrecine odakland\u0131\u011f\u0131 ve hayranlar\u0131na yak\u0131nda dizi setine d\u00f6nece\u011fi m\u00fcjdesini verdi\u011fi bildirildi.<\/p>\n<p><img loading=\"lazy\" decoding=\"async\" class=\"alignnone wp-image-121151 \" src=\"https:\/\/www.tgrthaber.com\/mavikadin\/wp-content\/uploads\/Ekran-Resmi-2025-01-13-23.34.42.png\" alt=\"\" width=\"992\" height=\"585\" title=\"\" srcset=\"https:\/\/www.tgrthaber.com\/mavikadin\/wp-content\/uploads\/Ekran-Resmi-2025-01-13-23.34.42.png 948w, https:\/\/www.tgrthaber.com\/mavikadin\/wp-content\/uploads\/Ekran-Resmi-2025-01-13-23.34.42-300x177.png 300w, https:\/\/www.tgrthaber.com\/mavikadin\/wp-content\/uploads\/Ekran-Resmi-2025-01-13-23.34.42-768x454.png 768w\" sizes=\"(max-width: 992px) 100vw, 992px\" \/><\/p>\n<hr \/>\n<h3>\u00d6ZGE G\u00dcREL K\u0130MD\u0130R, KA\u00c7 YA\u015eINDA?<\/h3>\n<p class=\"p1\">\u00d6zge G\u00fcrel, 5 \u015eubat 1987\u2019de \u0130stanbul Silivri\u2019de d\u00fcnyaya geldi. \u0130lk ve orta \u00f6\u011frenimini do\u011fdu\u011fu il\u00e7ede tamamlayan G\u00fcrel, gen\u00e7lik y\u0131llar\u0131nda Beykent \u00dcniversitesi Uluslararas\u0131 Ticaret b\u00f6l\u00fcm\u00fcnde e\u011fitim g\u00f6rd\u00fc. Ancak, tutkular\u0131n\u0131n pe\u015finden gitmeyi tercih ederek bu b\u00f6l\u00fcm\u00fc yar\u0131da b\u0131rakt\u0131 ve oyunculu\u011fa y\u00f6neldi. Kariyerine sa\u011flam bir temel olu\u015fturmak isteyen G\u00fcrel, oyunculuk e\u011fitimi alman\u0131n yan\u0131 s\u0131ra oyuncu y\u00f6netimi derslerine kat\u0131ld\u0131. Disiplinli \u00e7al\u0131\u015fmalar\u0131 ve yetene\u011fi, k\u0131sa s\u00fcrede yap\u0131mc\u0131lar\u0131n dikkatini \u00e7ekti. Halen \u015fan, dans ve diksiyon dersleri alarak kendini geli\u015ftirmeye devam eden ba\u015far\u0131l\u0131 oyuncu, sekt\u00f6rdeki yerini g\u00fc\u00e7lendirdi.<\/p>\n<p><img loading=\"lazy\" decoding=\"async\" class=\"alignnone wp-image-121154 \" src=\"https:\/\/www.tgrthaber.com\/mavikadin\/wp-content\/uploads\/Ekran-Resmi-2025-01-13-23.34.54.png\" alt=\"\" width=\"990\" height=\"544\" title=\"\" srcset=\"https:\/\/www.tgrthaber.com\/mavikadin\/wp-content\/uploads\/Ekran-Resmi-2025-01-13-23.34.54.png 914w, https:\/\/www.tgrthaber.com\/mavikadin\/wp-content\/uploads\/Ekran-Resmi-2025-01-13-23.34.54-300x165.png 300w, https:\/\/www.tgrthaber.com\/mavikadin\/wp-content\/uploads\/Ekran-Resmi-2025-01-13-23.34.54-768x422.png 768w\" sizes=\"(max-width: 990px) 100vw, 990px\" \/><\/p>\n<hr \/>\n<p class=\"p1\">G\u00fcrel\u2019in ekran maceras\u0131, 2010 y\u0131l\u0131nda \u201cK\u0131z\u0131m Nerede\u201d dizisinde oynad\u0131\u011f\u0131 \u201cZeynep\u201d karakteriyle ba\u015flad\u0131. Bu proje, onun televizyon d\u00fcnyas\u0131na att\u0131\u011f\u0131 ilk ad\u0131m oldu. Ard\u0131ndan \u201cHuzur Soka\u011f\u0131\u201dnda \u201cMelisa\u201d ve pop\u00fcler yap\u0131mlardan biri olan \u201cMuhte\u015fem Y\u00fczy\u0131l\u201dda \u201cRana Hatun\u201d rolleriyle izleyicilerin kar\u015f\u0131s\u0131na \u00e7\u0131kt\u0131. 2014 y\u0131l\u0131nda b\u00fcy\u00fck bir \u00e7\u0131k\u0131\u015f yakalad\u0131\u011f\u0131 \u201cMedcezir\u201d dizisinde \u201cAda\u201d karakterini oynayan \u00d6zge G\u00fcrel, performans\u0131yla dikkat \u00e7ekti. Ancak as\u0131l y\u0131ld\u0131z\u0131n\u0131 parlatan yap\u0131m, ilk ba\u015frol deneyimini ya\u015fad\u0131\u011f\u0131 \u201cKiraz Mevsimi\u201d dizisi oldu. Bu diziyle geni\u015f bir hayran kitlesine ula\u015fan oyuncu, kariyerinde \u00f6nemli bir d\u00f6n\u00fcm noktas\u0131na imza att\u0131.<\/p>\n<p>&nbsp;<\/p>\n","protected":false},"excerpt":{"rendered":"<p>Kiraz Mevsimi dizisindeki \u00d6yk\u00fc karakteriyle b\u00fcy\u00fck bir hayran kitlesine ula\u015fan ba\u015far\u0131l\u0131 oyuncu \u00d6zge G\u00fcrel, mutfakta talihsiz bir kaza ya\u015fad\u0131. Yemek haz\u0131rl\u0131\u011f\u0131 s\u0131ras\u0131nda s\u0131cak ya\u011f\u0131n s\u0131\u00e7ramas\u0131 sonucu y\u00fcz\u00fcnden hafif bir yan\u0131k olu\u015fan G\u00fcrel\u2019in sa\u011fl\u0131k durumunun iyi oldu\u011fu \u00f6\u011frenildi. <\/p>\n","protected":false},"author":16,"featured_media":121159,"comment_status":"closed","ping_status":"closed","sticky":false,"template":"","format":"standard","meta":{"rank_math_lock_modified_date":false,"footnotes":""},"categories":[76],"tags":[7478,8045,8044],"class_list":["post-121150","post","type-post","status-publish","format-standard","has-post-thumbnail","hentry","category-magazin","tag-ozge-gurel","tag-ozge-gurel-saglik-durumu","tag-ozge-gurel-yuzu-yandi"],"_links":{"self":[{"href":"https:\/\/www.tgrthaber.com\/mavikadin\/wp-json\/wp\/v2\/posts\/121150"}],"collection":[{"href":"https:\/\/www.tgrthaber.com\/mavikadin\/wp-json\/wp\/v2\/posts"}],"about":[{"href":"https:\/\/www.tgrthaber.com\/mavikadin\/wp-json\/wp\/v2\/types\/post"}],"author":[{"embeddable":true,"href":"https:\/\/www.tgrthaber.com\/mavikadin\/wp-json\/wp\/v2\/users\/16"}],"replies":[{"embeddable":true,"href":"https:\/\/www.tgrthaber.com\/mavikadin\/wp-json\/wp\/v2\/comments?post=121150"}],"version-history":[{"count":2,"href":"https:\/\/www.tgrthaber.com\/mavikadin\/wp-json\/wp\/v2\/posts\/121150\/revisions"}],"predecessor-version":[{"id":121164,"href":"https:\/\/www.tgrthaber.com\/mavikadin\/wp-json\/wp\/v2\/posts\/121150\/revisions\/121164"}],"wp:featuredmedia":[{"embeddable":true,"href":"https:\/\/www.tgrthaber.com\/mavikadin\/wp-json\/wp\/v2\/media\/121159"}],"wp:attachment":[{"href":"https:\/\/www.tgrthaber.com\/mavikadin\/wp-json\/wp\/v2\/media?parent=121150"}],"wp:term":[{"taxonomy":"category","embeddable":true,"href":"https:\/\/www.tgrthaber.com\/mavikadin\/wp-json\/wp\/v2\/categories?post=121150"},{"taxonomy":"post_tag","embeddable":true,"href":"https:\/\/www.tgrthaber.com\/mavikadin\/wp-json\/wp\/v2\/tags?post=121150"}],"curies":[{"name":"wp","href":"https:\/\/api.w.org\/{rel}","templated":true}]}}