{"id":121163,"date":"2025-01-13T23:55:37","date_gmt":"2025-01-13T20:55:37","guid":{"rendered":"https:\/\/www.tgrthaber.com\/mavikadin\/?p=121163"},"modified":"2025-01-14T00:57:28","modified_gmt":"2025-01-13T21:57:28","slug":"selahaddin-eyyubi-dizisine-yeni-bir-isim-katildi-firat-kaya-turab-karakteriyle-diziye-dahil-oldu","status":"publish","type":"post","link":"https:\/\/www.tgrthaber.com\/mavikadin\/selahaddin-eyyubi-dizisine-yeni-bir-isim-katildi-firat-kaya-turab-karakteriyle-diziye-dahil-oldu\/","title":{"rendered":"Selahaddin Eyyubi dizisine yeni bir isim kat\u0131ld\u0131! F\u0131rat Kaya Turab karakteriyle diziye dahil oldu!"},"content":{"rendered":"<p>TRT 1 ekranlar\u0131n\u0131n yo\u011fun bir ilgiyle takip edilen dizisi \u201cKud\u00fcs Fatihi Selahaddin Eyyubi\u201d t\u00fcm h\u0131z\u0131yla devam ediyor. Son zamanlarda yeni oyuncu transferleriyle g\u00fcndemde olan diziye yeni bir isim kat\u0131ld\u0131. Ba\u015far\u0131l\u0131 oyuncu F\u0131rat Kaya, Turab karakteriyle diziye dahil oldu. Son olarak Bar\u0131\u015f Bakta\u015f ve G\u00f6khan G\u00fcrdeyi\u015f\u2019in dahil oldu\u011fu diziye F\u0131rat Kaya, \u201cTurab\u201d karakteriyle dahil oldu. \u0130\u015fte Kud\u00fcs Fatihi Selahaddin Eyyubi dizisine dahil olan yeni isim hakk\u0131nda ayr\u0131nt\u0131lar\u2026<\/p>\n<hr \/>\n<h3>SELAHADD\u0130N EYYUB\u0130 D\u0130Z\u0130S\u0130NE YEN\u0130 B\u0130R \u0130S\u0130M KATILDI!<\/h3>\n<p>TRT 1 ekranlar\u0131n\u0131n sevilen dizisi Kud\u00fcs Fatihi Selahaddin Eyyubi\u2019ye yeni bir isim kat\u0131ld\u0131. Pazartesi ak\u015famlar\u0131 izleyici ile bulu\u015fan Kud\u00fcs Fatihi Selahaddin Eyyubi dizisi, yo\u011fun bir ilgi g\u00f6rmeye devam ediyor. Dizinin bu ak\u015fam 40. b\u00f6l\u00fcm\u00fc ekranlara geldi. Son zamanlarda yeni oyuncu transferleriyle g\u00fcndemde olan diziye farkl\u0131 oyuncular gelmeye devam ediyor. Kud\u00fcs Fatihi Selahaddin Eyyubi, bu ak\u015fam yay\u0131nlanan olduk\u00e7a iddial\u0131 yeni b\u00f6l\u00fcm\u00fcyle izleyici ile bulu\u015ftu.<\/p>\n<p><img loading=\"lazy\" decoding=\"async\" class=\"alignnone wp-image-121165\" src=\"https:\/\/www.tgrthaber.com\/mavikadin\/wp-content\/uploads\/Adsiz-tasarim-54-11-1024x576.jpg\" alt=\"F\u0131rat Kaya Turab karakteriyle diziye dahil oldu! \" width=\"1208\" height=\"680\" title=\"\" srcset=\"https:\/\/www.tgrthaber.com\/mavikadin\/wp-content\/uploads\/Adsiz-tasarim-54-11-1024x576.jpg 1024w, https:\/\/www.tgrthaber.com\/mavikadin\/wp-content\/uploads\/Adsiz-tasarim-54-11-300x169.jpg 300w, https:\/\/www.tgrthaber.com\/mavikadin\/wp-content\/uploads\/Adsiz-tasarim-54-11-768x432.jpg 768w, https:\/\/www.tgrthaber.com\/mavikadin\/wp-content\/uploads\/Adsiz-tasarim-54-11-1536x864.jpg 1536w, https:\/\/www.tgrthaber.com\/mavikadin\/wp-content\/uploads\/Adsiz-tasarim-54-11.jpg 1600w\" sizes=\"(max-width: 1208px) 100vw, 1208px\" \/><\/p>\n<hr \/>\n<p>Y\u00f6netmenli\u011fini Sedat \u0130nci\u2019nin yapt\u0131\u011f\u0131 Akli Film imzal\u0131 Kud\u00fcs Fatihi Selahaddin Eyyubi dizisine son olarak Kan \u00c7i\u00e7ekleri\u2019nin ba\u015frol oyuncusu Bar\u0131\u015f Bakta\u015f ve G\u00f6khan G\u00fcrdeyi\u015f dahil olmu\u015ftu. Kan \u00c7i\u00e7ekleri dizisinin final yapmas\u0131yla birlikte Bar\u0131\u015f Bakta\u015f, Kud\u00fcs Fatihi Selahaddin Eyyubi dizisine \u201cB\u00f6r\u00fc\u201d karakteriyle dahil olmu\u015f, G\u00f6khan G\u00fcrdeyi\u015f ise \u201cAli\u201d karakteriyle diziye kat\u0131lm\u0131\u015ft\u0131.<\/p>\n<p><img loading=\"lazy\" decoding=\"async\" class=\"alignnone wp-image-121168\" src=\"https:\/\/www.tgrthaber.com\/mavikadin\/wp-content\/uploads\/Adsiz-tasarim-56-8-1024x576.jpg\" alt=\"F\u0131rat Kaya Turab karakteriyle diziye dahil oldu! \" width=\"1208\" height=\"680\" title=\"\" srcset=\"https:\/\/www.tgrthaber.com\/mavikadin\/wp-content\/uploads\/Adsiz-tasarim-56-8-1024x576.jpg 1024w, https:\/\/www.tgrthaber.com\/mavikadin\/wp-content\/uploads\/Adsiz-tasarim-56-8-300x169.jpg 300w, https:\/\/www.tgrthaber.com\/mavikadin\/wp-content\/uploads\/Adsiz-tasarim-56-8-768x432.jpg 768w, https:\/\/www.tgrthaber.com\/mavikadin\/wp-content\/uploads\/Adsiz-tasarim-56-8-1536x864.jpg 1536w, https:\/\/www.tgrthaber.com\/mavikadin\/wp-content\/uploads\/Adsiz-tasarim-56-8.jpg 1600w\" sizes=\"(max-width: 1208px) 100vw, 1208px\" \/><\/p>\n<hr \/>\n<h3>FIRAT KAYA TURAB KARAKTER\u0130YLE D\u0130Z\u0130YE DAH\u0130L OLDU!<\/h3>\n<p>Son zamanlarda yeni oyuncu transferleriyle g\u00fcndemde olan Kud\u00fcs Fatihi Selahaddin Eyyubi dizisine yeni bir isim kat\u0131ld\u0131. Ba\u015far\u0131l\u0131 oyuncu F\u0131rat Kaya, Turab karakteriyle diziye dahil oldu. Ba\u015far\u0131l\u0131 oyuncu F\u0131rat Kaya, daha \u00f6nce yine TRT 1 ekranlar\u0131nda izleyici kar\u015f\u0131s\u0131na \u00e7\u0131kan \u201cBir Sevdad\u0131r\u201d dizisinde rol alm\u0131\u015ft\u0131.<\/p>\n<p><img loading=\"lazy\" decoding=\"async\" class=\"alignnone wp-image-121166\" src=\"https:\/\/www.tgrthaber.com\/mavikadin\/wp-content\/uploads\/Adsiz-tasarim-57-9-1024x576.jpg\" alt=\"F\u0131rat Kaya Turab karakteriyle diziye dahil oldu! \" width=\"1208\" height=\"680\" title=\"\" srcset=\"https:\/\/www.tgrthaber.com\/mavikadin\/wp-content\/uploads\/Adsiz-tasarim-57-9-1024x576.jpg 1024w, https:\/\/www.tgrthaber.com\/mavikadin\/wp-content\/uploads\/Adsiz-tasarim-57-9-300x169.jpg 300w, https:\/\/www.tgrthaber.com\/mavikadin\/wp-content\/uploads\/Adsiz-tasarim-57-9-768x432.jpg 768w, https:\/\/www.tgrthaber.com\/mavikadin\/wp-content\/uploads\/Adsiz-tasarim-57-9-1536x864.jpg 1536w, https:\/\/www.tgrthaber.com\/mavikadin\/wp-content\/uploads\/Adsiz-tasarim-57-9.jpg 1600w\" sizes=\"(max-width: 1208px) 100vw, 1208px\" \/><\/p>\n<hr \/>\n<p>Ba\u015far\u0131l\u0131 oyuncu F\u0131rat Kaya, Kud\u00fcs Fatihi Selahaddin Eyyubi dizisinde Selahaddin Eyyubi ve B\u00f6r\u00fc\u2019n\u00fcn ye\u011feni \u201cTurab\u201d karakterine can veriyor. Turab karakterine can veren F\u0131rat Kaya\u2019n\u0131n dizideki oyunculuk performans\u0131 da merak ediliyor. Bakal\u0131m F\u0131rat Kaya dizinin ilerleyen b\u00f6l\u00fcmlerinde nas\u0131l bir oyunculuk performans\u0131 sergileyecek.<\/p>\n","protected":false},"excerpt":{"rendered":"<p>TRT 1 ekranlar\u0131n\u0131n sevilen dizisi \u201cKud\u00fcs Fatihi Selahaddin Eyyubi\u201dye yeni bir oyuncu kat\u0131ld\u0131. Ba\u015far\u0131l\u0131 oyuncu F\u0131rat Kaya, Turab karakteriyle diziye dahil oldu! \u0130\u015fte detaylar\u2026 <\/p>\n","protected":false},"author":26,"featured_media":121170,"comment_status":"closed","ping_status":"closed","sticky":false,"template":"","format":"standard","meta":{"rank_math_lock_modified_date":false,"footnotes":""},"categories":[602],"tags":[8046,4486],"class_list":["post-121163","post","type-post","status-publish","format-standard","has-post-thumbnail","hentry","category-diziler","tag-firat-kaya","tag-kudus-fatihi-selahaddin-eyyubi"],"_links":{"self":[{"href":"https:\/\/www.tgrthaber.com\/mavikadin\/wp-json\/wp\/v2\/posts\/121163"}],"collection":[{"href":"https:\/\/www.tgrthaber.com\/mavikadin\/wp-json\/wp\/v2\/posts"}],"about":[{"href":"https:\/\/www.tgrthaber.com\/mavikadin\/wp-json\/wp\/v2\/types\/post"}],"author":[{"embeddable":true,"href":"https:\/\/www.tgrthaber.com\/mavikadin\/wp-json\/wp\/v2\/users\/26"}],"replies":[{"embeddable":true,"href":"https:\/\/www.tgrthaber.com\/mavikadin\/wp-json\/wp\/v2\/comments?post=121163"}],"version-history":[{"count":3,"href":"https:\/\/www.tgrthaber.com\/mavikadin\/wp-json\/wp\/v2\/posts\/121163\/revisions"}],"predecessor-version":[{"id":121173,"href":"https:\/\/www.tgrthaber.com\/mavikadin\/wp-json\/wp\/v2\/posts\/121163\/revisions\/121173"}],"wp:featuredmedia":[{"embeddable":true,"href":"https:\/\/www.tgrthaber.com\/mavikadin\/wp-json\/wp\/v2\/media\/121170"}],"wp:attachment":[{"href":"https:\/\/www.tgrthaber.com\/mavikadin\/wp-json\/wp\/v2\/media?parent=121163"}],"wp:term":[{"taxonomy":"category","embeddable":true,"href":"https:\/\/www.tgrthaber.com\/mavikadin\/wp-json\/wp\/v2\/categories?post=121163"},{"taxonomy":"post_tag","embeddable":true,"href":"https:\/\/www.tgrthaber.com\/mavikadin\/wp-json\/wp\/v2\/tags?post=121163"}],"curies":[{"name":"wp","href":"https:\/\/api.w.org\/{rel}","templated":true}]}}