{"id":121322,"date":"2025-01-14T12:45:22","date_gmt":"2025-01-14T09:45:22","guid":{"rendered":"https:\/\/www.tgrthaber.com\/mavikadin\/?p=121322"},"modified":"2025-01-14T12:45:44","modified_gmt":"2025-01-14T09:45:44","slug":"akran-zorbaligi-icin-harekete-gectiler-farkindalik-olusturacak-calismaya-imza-atildi","status":"publish","type":"post","link":"https:\/\/www.tgrthaber.com\/mavikadin\/akran-zorbaligi-icin-harekete-gectiler-farkindalik-olusturacak-calismaya-imza-atildi\/","title":{"rendered":"Akran zorbal\u0131\u011f\u0131 i\u00e7in harekete ge\u00e7tiler! Fark\u0131ndal\u0131k olu\u015fturacak \u00e7al\u0131\u015fmaya imza at\u0131ld\u0131"},"content":{"rendered":"<p>Trabzon B\u00fcy\u00fck\u015fehir Belediyesi, akran zorbal\u0131\u011f\u0131na kar\u015f\u0131 fark\u0131ndal\u0131k olu\u015fturma amac\u0131yla \u00f6nemli bir ad\u0131m att\u0131. Ortahisar \u0130l\u00e7e Milli E\u011fitim M\u00fcd\u00fcrl\u00fc\u011f\u00fc ile imzalanan protokol kapsam\u0131nda, okullarda zorbal\u0131\u011fa kar\u015f\u0131 e\u011fitimler d\u00fczenleniyor. Bu e\u011fitimler, 100. Y\u0131l \u0130lkokulu, Ata \u0130lkokulu ve Kanuni Ortaokulu&#8217;nda verilen derslerle \u00f6\u011frencilere ula\u015fmay\u0131 hedefliyor. B\u00fcy\u00fck\u015fehir Belediyesi Genel Sekreter Yard\u0131mc\u0131s\u0131 Hasan Selim, \u00f6\u011frencilere e\u011fitimlerde zorbal\u0131\u011fa kar\u015f\u0131 bilgilendirici bro\u015f\u00fcrler ve \u00e7e\u015fitli hediyeler verdi.<\/p>\n<h3>AKRAN ZORBALI\u011eI \u0130\u00c7\u0130N HAREKETE GE\u00c7T\u0130LER!<\/h3>\n<p>E\u011fitimlerin amac\u0131, \u00f6\u011frencilere empati duygusu kazand\u0131rmak ve sa\u011fl\u0131kl\u0131 ileti\u015fim becerileri geli\u015ftirmektir. Ayr\u0131ca, akran zorbal\u0131\u011f\u0131na kar\u015f\u0131 duyarl\u0131 olmalar\u0131n\u0131 sa\u011flamak ve okul ortam\u0131nda g\u00fcvenli ve sayg\u0131l\u0131 bir atmosfer yaratmak hedefleniyor. Bu ad\u0131mlarla, \u00f6\u011frencilerin zorbal\u0131kla m\u00fccadele konusunda daha g\u00fc\u00e7l\u00fc bir bilin\u00e7 kazanmas\u0131 ama\u00e7lan\u0131yor.<\/p>\n<p><img loading=\"lazy\" decoding=\"async\" class=\"alignnone wp-image-121323\" src=\"https:\/\/www.tgrthaber.com\/mavikadin\/wp-content\/uploads\/Akran-zorbaligi-2.jpg\" alt=\"\" width=\"1208\" height=\"680\" title=\"\" srcset=\"https:\/\/www.tgrthaber.com\/mavikadin\/wp-content\/uploads\/Akran-zorbaligi-2.jpg 1920w, https:\/\/www.tgrthaber.com\/mavikadin\/wp-content\/uploads\/Akran-zorbaligi-2-300x169.jpg 300w, https:\/\/www.tgrthaber.com\/mavikadin\/wp-content\/uploads\/Akran-zorbaligi-2-1024x576.jpg 1024w, https:\/\/www.tgrthaber.com\/mavikadin\/wp-content\/uploads\/Akran-zorbaligi-2-768x432.jpg 768w, https:\/\/www.tgrthaber.com\/mavikadin\/wp-content\/uploads\/Akran-zorbaligi-2-1536x864.jpg 1536w\" sizes=\"(max-width: 1208px) 100vw, 1208px\" \/><\/p>\n<hr \/>\n<h3>&#8216;ZORBALI\u011eA HAYIR&#8217;<\/h3>\n<p>Trabzon B\u00fcy\u00fck\u015fehir Belediyesi, toplumun her kesiminden destek alarak, daha g\u00fc\u00e7l\u00fc bir toplum olu\u015fturulmas\u0131 gerekti\u011fini vurguluyor. B\u00fcy\u00fck\u015fehir Belediyesi\u2019nden yap\u0131lan a\u00e7\u0131klamada, \u201cE\u011fitimin amac\u0131, \u00e7a\u011f\u0131m\u0131z\u0131n sorunu olan akran zorbal\u0131\u011f\u0131na kar\u015f\u0131 \u00f6\u011frencilerimizin duyarl\u0131 olmalar\u0131n\u0131 sa\u011flamak, sa\u011fl\u0131kl\u0131 ileti\u015fim kurmalar\u0131n\u0131 desteklemek ve empati duygusunu geli\u015ftirmektir. Hep birlikte daha g\u00fcvenli ve sayg\u0131l\u0131 bir okul ortam\u0131 sa\u011flama yolunda \u00f6nemli ad\u0131mlar att\u0131k. Unutmayal\u0131m ki hep birlikte &#8216;Zorbal\u0131\u011fa Hay\u0131r&#8217; diyerek daha g\u00fc\u00e7l\u00fc bir toplum in\u015fa edebiliriz\u201d denildi.<\/p>\n","protected":false},"excerpt":{"rendered":"<p>Trabzon B\u00fcy\u00fck\u015fehir Belediyesi akran zorbal\u0131\u011f\u0131 konusunda harekete ge\u00e7erek fark\u0131ndal\u0131k olu\u015fturacak bir \u00e7al\u0131\u015fmaya imza att\u0131.<\/p>\n","protected":false},"author":5,"featured_media":121324,"comment_status":"closed","ping_status":"closed","sticky":false,"template":"","format":"standard","meta":{"rank_math_lock_modified_date":false,"footnotes":""},"categories":[111],"tags":[3220,8082],"class_list":["post-121322","post","type-post","status-publish","format-standard","has-post-thumbnail","hentry","category-anne-cocuk","tag-akran-zorbaligi","tag-okulda-zorbalik"],"_links":{"self":[{"href":"https:\/\/www.tgrthaber.com\/mavikadin\/wp-json\/wp\/v2\/posts\/121322"}],"collection":[{"href":"https:\/\/www.tgrthaber.com\/mavikadin\/wp-json\/wp\/v2\/posts"}],"about":[{"href":"https:\/\/www.tgrthaber.com\/mavikadin\/wp-json\/wp\/v2\/types\/post"}],"author":[{"embeddable":true,"href":"https:\/\/www.tgrthaber.com\/mavikadin\/wp-json\/wp\/v2\/users\/5"}],"replies":[{"embeddable":true,"href":"https:\/\/www.tgrthaber.com\/mavikadin\/wp-json\/wp\/v2\/comments?post=121322"}],"version-history":[{"count":1,"href":"https:\/\/www.tgrthaber.com\/mavikadin\/wp-json\/wp\/v2\/posts\/121322\/revisions"}],"predecessor-version":[{"id":121325,"href":"https:\/\/www.tgrthaber.com\/mavikadin\/wp-json\/wp\/v2\/posts\/121322\/revisions\/121325"}],"wp:featuredmedia":[{"embeddable":true,"href":"https:\/\/www.tgrthaber.com\/mavikadin\/wp-json\/wp\/v2\/media\/121324"}],"wp:attachment":[{"href":"https:\/\/www.tgrthaber.com\/mavikadin\/wp-json\/wp\/v2\/media?parent=121322"}],"wp:term":[{"taxonomy":"category","embeddable":true,"href":"https:\/\/www.tgrthaber.com\/mavikadin\/wp-json\/wp\/v2\/categories?post=121322"},{"taxonomy":"post_tag","embeddable":true,"href":"https:\/\/www.tgrthaber.com\/mavikadin\/wp-json\/wp\/v2\/tags?post=121322"}],"curies":[{"name":"wp","href":"https:\/\/api.w.org\/{rel}","templated":true}]}}