{"id":121371,"date":"2025-01-15T01:04:20","date_gmt":"2025-01-14T22:04:20","guid":{"rendered":"https:\/\/www.tgrthaber.com\/mavikadin\/?p=121371"},"modified":"2025-01-15T01:05:01","modified_gmt":"2025-01-14T22:05:01","slug":"mat-saclar-nasil-canli-ve-parlak-gosterilir-saclarin-canli-ve-parlak-gorunmesi-icin-dogal-tarifler","status":"publish","type":"post","link":"https:\/\/www.tgrthaber.com\/mavikadin\/mat-saclar-nasil-canli-ve-parlak-gosterilir-saclarin-canli-ve-parlak-gorunmesi-icin-dogal-tarifler\/","title":{"rendered":"Mat sa\u00e7lar nas\u0131l parlak g\u00f6sterilir? Sa\u00e7lar\u0131n canl\u0131 ve parlak g\u00f6r\u00fcnmesi i\u00e7in do\u011fal tarifler"},"content":{"rendered":"<p>\u0130pek gibi yumu\u015fak g\u00fcne\u015f gibi parlayan \u0131\u015f\u0131l \u0131\u015f\u0131l g\u00f6r\u00fcn\u00fcml\u00fc canl\u0131 bir sa\u00e7, bak\u0131m\u0131na dikkat eden olsun olmas\u0131n istisnas\u0131z her kad\u0131n\u0131n hayalidir. \u00d6zellikle de ekranlarda g\u00f6rd\u00fc\u011f\u00fcm\u00fcz \u015fampuan reklamlar\u0131nda par\u0131l par\u0131l parlayan sa\u00e7lar\u0131 g\u00f6rd\u00fckten sonra bir de kendi sa\u00e7lar\u0131m\u0131zda var olan matl\u0131k can\u0131m\u0131z\u0131 s\u0131kabilir.<\/p>\n<p>Bunun i\u00e7in de t\u0131pk\u0131 ekranlarda g\u00f6r\u00fcp \u00f6zendi\u011fimiz \u00fcnl\u00fclerin sa\u00e7lar\u0131 gibi canl\u0131 ve sa\u011fl\u0131kl\u0131 sa\u00e7a sahip olman\u0131n yollar\u0131n\u0131 ara\u015ft\u0131r\u0131r\u0131z. Peki uzaktan bile fark edilen parlak sa\u00e7lara nas\u0131l sahip olunur? Canl\u0131 ve parlak sa\u00e7lara sahip olmak i\u00e7in bitkisel y\u00f6ntemler&#8230;<\/p>\n<h3>SA\u00c7LARIN PARLAK G\u00d6R\u00dcNMES\u0130 \u0130\u00c7\u0130N NE YAPILMALI?<\/h3>\n<p>Kozmetik \u00fcr\u00fcnleri aras\u0131nda piyasaya s\u00fcr\u00fclen onlarca \u00fcr\u00fcne para sa\u00e7mak yerine \u00fcstelik sa\u00e7larda istenilen verimi yerine getirme konusunda hi\u00e7bir garantisi olmayan bu gibi \u00fcr\u00fcnleri kullanmak yerine evde gayet do\u011fal y\u00f6ntemlerle istedi\u011finiz bak\u0131m\u0131 uygulayabilirsiniz.<\/p>\n<p><img loading=\"lazy\" decoding=\"async\" class=\"alignnone wp-image-121634\" src=\"https:\/\/www.tgrthaber.com\/mavikadin\/wp-content\/uploads\/66-4.png\" alt=\"\" width=\"1208\" height=\"882\" title=\"\" srcset=\"https:\/\/www.tgrthaber.com\/mavikadin\/wp-content\/uploads\/66-4.png 1187w, https:\/\/www.tgrthaber.com\/mavikadin\/wp-content\/uploads\/66-4-300x219.png 300w, https:\/\/www.tgrthaber.com\/mavikadin\/wp-content\/uploads\/66-4-1024x748.png 1024w, https:\/\/www.tgrthaber.com\/mavikadin\/wp-content\/uploads\/66-4-768x561.png 768w\" sizes=\"(max-width: 1208px) 100vw, 1208px\" \/><\/p>\n<hr \/>\n<p>Dolay\u0131s\u0131yla da herkesin hayali oldu\u011fu canl\u0131 ve parlak sa\u00e7lara sahip olmak i\u00e7in pahal\u0131 sa\u00e7 bak\u0131m \u00fcr\u00fcnleri yerine sa\u00e7\u0131 besleyen do\u011fal alternatiflere y\u00f6nelmeniz daha do\u011fru bir uygulama olacakt\u0131r.<\/p>\n<p>Hem do\u011fan\u0131n getirdi\u011fi mucizelerle \u015fifal\u0131 bitkilerden yararlanabilir hem de herkesin evlerinde kolayl\u0131kla uygulayabilece\u011fi pratik y\u00f6ntemlerle sa\u00e7lara do\u011fal bir parlakl\u0131k kazand\u0131rarak canland\u0131rman\u0131z m\u00fcmk\u00fcn! Peki ama nas\u0131l m\u0131? \u0130\u015fte b\u00f6yle&#8230;<\/p>\n<h3>PARLAK SA\u00c7LAR \u0130\u00c7\u0130N &#8216;DO\u011eAL YA\u011e&#8217; MUC\u0130ZES\u0130<\/h3>\n<p>\u00d6zellikle de daha \u00f6ncesinden yapt\u0131rd\u0131\u011f\u0131n\u0131z kimyasal i\u00e7erikli i\u015flemlerden dolay\u0131 hasar g\u00f6r\u00fcp y\u0131pranm\u0131\u015f ve kuru sa\u00e7lar\u0131n\u0131z\u0131 tekrar eskisi gibi canland\u0131rman\u0131z i\u00e7in sa\u00e7 bak\u0131m rutininizde do\u011fal ya\u011f kullanmak \u00e7ok etkili bir y\u00f6ntemdir.<\/p>\n<p>Tatl\u0131 badem ya\u011f\u0131, Hindistan cevizi ya\u011f\u0131, Argan ya\u011f\u0131 gibi do\u011fal ya\u011flar\u0131 sa\u00e7 u\u00e7lar\u0131n\u0131za s\u00fcrd\u00fc\u011f\u00fcn\u00fcz takdirde hem k\u0131r\u0131klar\u0131n olu\u015fumunun \u00f6n\u00fcne ge\u00e7mi\u015f olur hem de sa\u00e7 u\u00e7lar\u0131n\u0131z\u0131n canlanmas\u0131n\u0131 sa\u011flars\u0131n\u0131z.<\/p>\n<p><img loading=\"lazy\" decoding=\"async\" class=\"alignnone wp-image-121633\" src=\"https:\/\/www.tgrthaber.com\/mavikadin\/wp-content\/uploads\/alerji-min.jpg\" alt=\"\" width=\"1208\" height=\"807\" title=\"\" srcset=\"https:\/\/www.tgrthaber.com\/mavikadin\/wp-content\/uploads\/alerji-min.jpg 1920w, https:\/\/www.tgrthaber.com\/mavikadin\/wp-content\/uploads\/alerji-min-300x200.jpg 300w, https:\/\/www.tgrthaber.com\/mavikadin\/wp-content\/uploads\/alerji-min-1024x684.jpg 1024w, https:\/\/www.tgrthaber.com\/mavikadin\/wp-content\/uploads\/alerji-min-768x513.jpg 768w, https:\/\/www.tgrthaber.com\/mavikadin\/wp-content\/uploads\/alerji-min-1536x1026.jpg 1536w\" sizes=\"(max-width: 1208px) 100vw, 1208px\" \/><\/p>\n<hr \/>\n<p>E\u011fer sa\u00e7 d\u00f6k\u00fclmesi sorunundan muzdaripseniz de t\u00fcm bu ya\u011flar\u0131 birbiri ile harmanlay\u0131p haftada iki defa sa\u00e7 diplerinize masaj \u015feklinde uygularsan\u0131z, sa\u00e7lar\u0131n dip k\u0131sm\u0131ndaki nemin yitirilmesini \u00f6nlemi\u015f olup d\u00f6k\u00fclmelerin \u00f6n\u00fcne ge\u00e7mi\u015f olursunuz.<\/p>\n<h3>PARLAK VE CANLI SA\u00c7LARIN SIRRI &#8216;ELMA S\u0130RKES\u0130&#8217;NDE SAKLI!<\/h3>\n<p>Parlak ve canl\u0131 sa\u00e7lar\u0131n\u0131z\u0131n olmas\u0131n\u0131 istiyorsan\u0131z, her evde kolayl\u0131kla bulunabilen elma sirkesinden yararlanabilirsiniz. Banyo yaparken durulama suyunun i\u00e7ine birka\u00e7 ka\u015f\u0131k kadar saf elma sirkesi eklemek ve hemen ard\u0131ndan sa\u00e7lar\u0131n\u0131za bu durulama suyunu uygulamak<br \/>\nsa\u00e7lar i\u00e7in tedavi edici \u00f6zellik g\u00f6sterecektir.<\/p>\n<p><img loading=\"lazy\" decoding=\"async\" class=\"wp-image-117665\" src=\"https:\/\/www.tgrthaber.com\/mavikadin\/wp-content\/uploads\/sac-diplerim-kasiniyor-sac-derisi-kasintisina-ne-iyi-gelir-2.jpg\" alt=\"sa\u00e7 diplerim ka\u015f\u0131n\u0131yor, sa\u00e7 derisi ka\u015f\u0131nt\u0131s\u0131na ne iyi gelir\" width=\"1208\" height=\"680\" title=\"\" srcset=\"https:\/\/www.tgrthaber.com\/mavikadin\/wp-content\/uploads\/sac-diplerim-kasiniyor-sac-derisi-kasintisina-ne-iyi-gelir-2.jpg 1920w, https:\/\/www.tgrthaber.com\/mavikadin\/wp-content\/uploads\/sac-diplerim-kasiniyor-sac-derisi-kasintisina-ne-iyi-gelir-2-300x169.jpg 300w, https:\/\/www.tgrthaber.com\/mavikadin\/wp-content\/uploads\/sac-diplerim-kasiniyor-sac-derisi-kasintisina-ne-iyi-gelir-2-1024x576.jpg 1024w, https:\/\/www.tgrthaber.com\/mavikadin\/wp-content\/uploads\/sac-diplerim-kasiniyor-sac-derisi-kasintisina-ne-iyi-gelir-2-768x432.jpg 768w, https:\/\/www.tgrthaber.com\/mavikadin\/wp-content\/uploads\/sac-diplerim-kasiniyor-sac-derisi-kasintisina-ne-iyi-gelir-2-1536x864.jpg 1536w\" sizes=\"(max-width: 1208px) 100vw, 1208px\" \/><\/p>\n<hr \/>\n<p>Elma sirkesi ve su ile sa\u00e7 diplerine masaj uygulayarak daha etkili bir verim alabilirsiniz. Banyodan \u00e7\u0131k\u0131nca sa\u00e7lar\u0131n\u0131z\u0131n daha canl\u0131, parlak, yumu\u015fak ve nemli oldu\u011funu fark edeceksiniz.<\/p>\n<p>Elma sirkesi sa\u00e7lar\u0131nda kepeklenme ya da ka\u015f\u0131nt\u0131 gibi problemlere de \u00e7ok iyi gelecektir.<\/p>\n<h3>MAT SA\u00c7I PARLAK G\u00d6STEREN DO\u011eAL TAR\u0130FLER!<\/h3>\n<h3>SA\u00c7 CANLANDIRAN YUMURTA MASKES\u0130:<\/h3>\n<p>2 tane yumurtay\u0131 k\u00f6p\u00fck k\u00f6p\u00fck olana dek g\u00fczelce \u00e7\u0131rp\u0131n. Ard\u0131ndan bir yemek ka\u015f\u0131\u011f\u0131 kadar badem ya\u011f\u0131 ve yar\u0131m bardak yo\u011furdu ilave ederek g\u00fczelce kar\u0131\u015ft\u0131r\u0131n.<\/p>\n<p><img loading=\"lazy\" decoding=\"async\" class=\"wp-image-121635\" src=\"https:\/\/www.tgrthaber.com\/mavikadin\/wp-content\/uploads\/sac-hatalari-bakim.jpg\" alt=\"Sa\u00e7lar\u0131n parlak g\u00f6r\u00fcnmesi i\u00e7in ne yap\u0131lmal\u0131\" width=\"1208\" height=\"747\" title=\"\" srcset=\"https:\/\/www.tgrthaber.com\/mavikadin\/wp-content\/uploads\/sac-hatalari-bakim.jpg 647w, https:\/\/www.tgrthaber.com\/mavikadin\/wp-content\/uploads\/sac-hatalari-bakim-300x185.jpg 300w\" sizes=\"(max-width: 1208px) 100vw, 1208px\" \/><\/p>\n<hr \/>\n<p>Ortaya \u00e7\u0131kan kar\u0131\u015f\u0131m\u0131 sa\u00e7\u0131n\u0131za ve sa\u00e7 derinize masaj yaparak yedirin. Daha sonra sa\u00e7\u0131n\u0131za bonenizi ge\u00e7irip 20 dakika kadar bekleyin. Son a\u015famada sa\u00e7\u0131n\u0131z\u0131 \u015fampuanlay\u0131p so\u011fuk suyla durulay\u0131n. Sa\u00e7lar\u0131n\u0131z\u0131n nas\u0131l canl\u0131 g\u00f6r\u00fcnd\u00fc\u011f\u00fcne inanamayacaks\u0131n\u0131z!<\/p>\n<h3>SA\u00c7LARI PARLAK G\u00d6STEREN ZEYT\u0130NYA\u011eI MASKES\u0130:<\/h3>\n<p>4 yemek ka\u015f\u0131\u011f\u0131 zeytinya\u011f\u0131 ve 2 tane yumurtay\u0131 g\u00fczelce \u00e7\u0131rp\u0131n. Daha sonra \u00e7\u0131rpt\u0131\u011f\u0131n\u0131z bu kar\u0131\u015f\u0131m\u0131 sa\u00e7\u0131n\u0131za g\u00fczelce s\u00fcr\u00fcn. Haz\u0131r olan kar\u0131\u015f\u0131m\u0131 sa\u00e7lar\u0131n\u0131za s\u00fcr\u00fcp daha sonra sa\u00e7lar\u0131n\u0131z\u0131 boneyle veya stre\u00e7le \u00f6rt\u00fcn. 20 dakika kadar beklettikten sonra \u0131l\u0131k suylasa\u00e7lar\u0131n\u0131z\u0131 iyice durulay\u0131n.<\/p>\n<h3>SA\u00c7LARI PARLAK G\u00d6STERMEK \u0130\u00c7\u0130N ADIM ADIM \u00d6NER\u0130LER&#8230;<\/h3>\n<p>Sa\u00e7lar\u0131n\u0131z\u0131n \u0131\u015f\u0131l \u0131\u015f\u0131l parlamas\u0131n\u0131 istiyorsan\u0131z y\u0131karken \u0131l\u0131k veya so\u011fuk su ile durulamay\u0131 ihmal etmeyin.<\/p>\n<p>Sa\u00e7\u0131n\u0131z \u00fczerinde kullanaca\u011f\u0131n\u0131z \u00fcr\u00fcn\u00fcn sa\u00e7 tipine ve yap\u0131s\u0131na g\u00f6re uygun olmas\u0131na, sa\u00e7a zarar veren maddelerin i\u00e7ermemesine dikkat edin.<\/p>\n<p><img loading=\"lazy\" decoding=\"async\" class=\"alignnone wp-image-116222\" src=\"https:\/\/www.tgrthaber.com\/mavikadin\/wp-content\/uploads\/UN-6-2.jpg\" alt=\"\" width=\"1208\" height=\"680\" title=\"\" srcset=\"https:\/\/www.tgrthaber.com\/mavikadin\/wp-content\/uploads\/UN-6-2.jpg 1920w, https:\/\/www.tgrthaber.com\/mavikadin\/wp-content\/uploads\/UN-6-2-300x169.jpg 300w, https:\/\/www.tgrthaber.com\/mavikadin\/wp-content\/uploads\/UN-6-2-1024x576.jpg 1024w, https:\/\/www.tgrthaber.com\/mavikadin\/wp-content\/uploads\/UN-6-2-768x432.jpg 768w, https:\/\/www.tgrthaber.com\/mavikadin\/wp-content\/uploads\/UN-6-2-1536x864.jpg 1536w\" sizes=\"(max-width: 1208px) 100vw, 1208px\" \/><\/p>\n<hr \/>\n<p>\u00c7ok mecbur kal\u0131nmad\u0131\u011f\u0131 s\u00fcrece sa\u00e7\u0131n\u0131z\u0131 gereksiz \u0131s\u0131ya maruz b\u0131rakmay\u0131n, \u0131s\u0131dan koruyun.<\/p>\n<p>Sa\u00e7 k\u00f6kten beslenir, dolay\u0131s\u0131yla da sa\u011fl\u0131kl\u0131 beslenmeye \u00f6zen g\u00f6sterin.<\/p>\n<p>Do\u011fal sa\u00e7 ya\u011flar\u0131n\u0131 sa\u00e7 bak\u0131m rutininize eklemeyi ihmal etmeyin.<\/p>\n<p>Gece uyurken do\u011fru bir yast\u0131k k\u0131l\u0131f\u0131 tercih edin.<\/p>\n","protected":false},"excerpt":{"rendered":"<p>Canl\u0131 ve parlak sa\u00e7lara sahip olmak i\u00e7in uygulanabilecek do\u011fal y\u00f6ntemlerle sa\u00e7\u0131n\u0131zdaki o y\u0131pranm\u0131\u015f ve mat g\u00f6r\u00fcn\u00fcm\u00fc ortadan kald\u0131rabilirsiniz! Mat sa\u00e7lar nas\u0131l parlar? Parlak sa\u00e7lar i\u00e7in ne yap\u0131lmal\u0131? Canl\u0131 ve parlak sa\u00e7 i\u00e7in do\u011fal y\u00f6ntemler&#8230;<\/p>\n","protected":false},"author":27,"featured_media":121636,"comment_status":"closed","ping_status":"closed","sticky":false,"template":"","format":"standard","meta":{"rank_math_lock_modified_date":false,"footnotes":""},"categories":[166],"tags":[8146,8147,8144,8145,8148],"class_list":["post-121371","post","type-post","status-publish","format-standard","has-post-thumbnail","hentry","category-sac-bakimi-sac-uzatma","tag-canli-ve-parlak-sac","tag-mat-sac","tag-parlak-sac","tag-saclarin-parlak-olmasi-icin-ne-yapilmali","tag-yipranmis-sac"],"_links":{"self":[{"href":"https:\/\/www.tgrthaber.com\/mavikadin\/wp-json\/wp\/v2\/posts\/121371"}],"collection":[{"href":"https:\/\/www.tgrthaber.com\/mavikadin\/wp-json\/wp\/v2\/posts"}],"about":[{"href":"https:\/\/www.tgrthaber.com\/mavikadin\/wp-json\/wp\/v2\/types\/post"}],"author":[{"embeddable":true,"href":"https:\/\/www.tgrthaber.com\/mavikadin\/wp-json\/wp\/v2\/users\/27"}],"replies":[{"embeddable":true,"href":"https:\/\/www.tgrthaber.com\/mavikadin\/wp-json\/wp\/v2\/comments?post=121371"}],"version-history":[{"count":3,"href":"https:\/\/www.tgrthaber.com\/mavikadin\/wp-json\/wp\/v2\/posts\/121371\/revisions"}],"predecessor-version":[{"id":121639,"href":"https:\/\/www.tgrthaber.com\/mavikadin\/wp-json\/wp\/v2\/posts\/121371\/revisions\/121639"}],"wp:featuredmedia":[{"embeddable":true,"href":"https:\/\/www.tgrthaber.com\/mavikadin\/wp-json\/wp\/v2\/media\/121636"}],"wp:attachment":[{"href":"https:\/\/www.tgrthaber.com\/mavikadin\/wp-json\/wp\/v2\/media?parent=121371"}],"wp:term":[{"taxonomy":"category","embeddable":true,"href":"https:\/\/www.tgrthaber.com\/mavikadin\/wp-json\/wp\/v2\/categories?post=121371"},{"taxonomy":"post_tag","embeddable":true,"href":"https:\/\/www.tgrthaber.com\/mavikadin\/wp-json\/wp\/v2\/tags?post=121371"}],"curies":[{"name":"wp","href":"https:\/\/api.w.org\/{rel}","templated":true}]}}