{"id":121396,"date":"2025-01-14T16:17:23","date_gmt":"2025-01-14T13:17:23","guid":{"rendered":"https:\/\/www.tgrthaber.com\/mavikadin\/?p=121396"},"modified":"2025-01-14T16:17:23","modified_gmt":"2025-01-14T13:17:23","slug":"ibrahim-tatlises-ferdi-tayfurun-emmioglu-sarkisini-soyledi","status":"publish","type":"post","link":"https:\/\/www.tgrthaber.com\/mavikadin\/ibrahim-tatlises-ferdi-tayfurun-emmioglu-sarkisini-soyledi\/","title":{"rendered":"\u0130brahim Tatl\u0131ses, Ferdi Tayfur&#8217;un &#8220;Emmio\u011flu&#8221; \u015fark\u0131s\u0131n\u0131 s\u00f6yledi!"},"content":{"rendered":"<p>Ge\u00e7ti\u011fimiz g\u00fcnlerde \u00f6l\u00fcm\u00fcyle t\u00fcm T\u00fcrkiye\u2019yi yasa bo\u011fan merhum Ferdi Tayfur\u2019un cenazesine milyonlar ak\u0131n etti. Sanat camias\u0131ndan da bir\u00e7ok \u00fcnl\u00fc sanat\u00e7\u0131n\u0131n kat\u0131ld\u0131\u011f\u0131 cenaze unutulmaz anlara \u015fahit oldu. Arabesk\u2019in efsane isimlerinden olan Ferdi Tayfur\u2019un anma t\u00f6reninde g\u00f6zya\u015flar\u0131na h\u00e2kim olamayan \u0130brahim Tatl\u0131ses, dostunu bir kez daha and\u0131.<\/p>\n<h3>TATLISES, \u201cARABESK PRENS\u0130N\u0130 KAYBETT\u0130K\u201d<\/h3>\n<p>Ferdi Tayfur\u2019un anma t\u00f6reninde \u0130brahim Tatl\u0131ses sahneye \u00e7\u0131karak dostu hakk\u0131nda s\u00f6ylemlerde bulunurken g\u00f6zya\u015flar\u0131na teslim oldu. Usta sanat\u00e7\u0131 \u0130brahim Tatl\u0131ses, Arabesk\u2019in ustas\u0131 Ferdi Tayfur i\u00e7in \u015fu s\u00f6zleri kullanm\u0131\u015ft\u0131.<\/p>\n<p>&#8220;Arabeskin prensini kaybettik, babas\u0131n\u0131 de\u011fil prensini kaybettik. Mek\u00e2n\u0131 cennet olsun in\u015fallah. T\u00fcrkiye&#8217;nin ba\u015f\u0131 sa\u011f olsun. \u00c7ok ekme\u011fini yedik. Sanat\u00e7\u0131 belli bir saatten sonra halk\u0131n mal\u0131 olur, halk onu sahiplenir&#8221;\u00a0s\u00f6zleriyle dostuna veda etmi\u015fti.<\/p>\n<p><img loading=\"lazy\" decoding=\"async\" class=\"alignnone wp-image-121398\" src=\"https:\/\/www.tgrthaber.com\/mavikadin\/wp-content\/uploads\/ibrahim-tatlises-ferdi-tayfuru-andi-300x169.jpg\" alt=\"ibrahim tatl\u0131ses ferdi tayfuru and\u0131\" width=\"1208\" height=\"680\" title=\"\" srcset=\"https:\/\/www.tgrthaber.com\/mavikadin\/wp-content\/uploads\/ibrahim-tatlises-ferdi-tayfuru-andi-300x169.jpg 300w, https:\/\/www.tgrthaber.com\/mavikadin\/wp-content\/uploads\/ibrahim-tatlises-ferdi-tayfuru-andi-1024x576.jpg 1024w, https:\/\/www.tgrthaber.com\/mavikadin\/wp-content\/uploads\/ibrahim-tatlises-ferdi-tayfuru-andi-768x432.jpg 768w, https:\/\/www.tgrthaber.com\/mavikadin\/wp-content\/uploads\/ibrahim-tatlises-ferdi-tayfuru-andi-1536x864.jpg 1536w, https:\/\/www.tgrthaber.com\/mavikadin\/wp-content\/uploads\/ibrahim-tatlises-ferdi-tayfuru-andi.jpg 1920w\" sizes=\"(max-width: 1208px) 100vw, 1208px\" \/><\/p>\n<hr \/>\n<h3>\u0130BRAH\u0130M TATLISES FERD\u0130 TAYFUR\u2019U ANDI<\/h3>\n<p>\u0130brahim Tatl\u0131ses, arabas\u0131nda seyahat ederken merhum Ferdi Tayfur\u2019u bir kez daha and\u0131. Usta sanat\u00e7\u0131 Ferdi Tayfur\u2019un dillere destan olmu\u015f \u015fark\u0131s\u0131 \u201cEmmio\u011flu\u201d s\u00f6yledi\u011fi anlar\u0131 sosyal medyas\u0131nda payla\u015ft\u0131. \u0130brahim Tatl\u0131ses, \u015fark\u0131y\u0131 s\u00f6ylerken ki duygusal anlar\u0131 \u201c Seni hi\u00e7 unutmayaca\u011f\u0131z\u2026 Unutturmayaca\u011f\u0131z\u2026 Arabeskin prensi\u2026\u201d s\u00f6zleriyle ifade etti. \u0130\u015fte \u0130brahim Tatl\u0131ses\u2019in o anlar\u0131\u2026<\/p>\n<div style=\"width: 640px;\" class=\"wp-video\"><!--[if lt IE 9]><script>document.createElement('video');<\/script><![endif]-->\n<video class=\"wp-video-shortcode\" id=\"video-121396-1\" width=\"640\" height=\"1138\" preload=\"metadata\" controls=\"controls\"><source type=\"video\/mp4\" src=\"https:\/\/www.tgrthaber.com\/mavikadin\/wp-content\/uploads\/ibrahim-tatlises-ferdi-tayfur-emmioglu-sarkisini-soyledi.mp4?_=1\" \/><a href=\"https:\/\/www.tgrthaber.com\/mavikadin\/wp-content\/uploads\/ibrahim-tatlises-ferdi-tayfur-emmioglu-sarkisini-soyledi.mp4\">https:\/\/www.tgrthaber.com\/mavikadin\/wp-content\/uploads\/ibrahim-tatlises-ferdi-tayfur-emmioglu-sarkisini-soyledi.mp4<\/a><\/video><\/div>\n<hr \/>\n<p>&nbsp;<\/p>\n","protected":false},"excerpt":{"rendered":"<p>\u0130brahim Tatl\u0131ses, Ferdi Tayfur\u2019u anma t\u00f6reninde g\u00f6zya\u015flar\u0131n\u0131 tutamayarak duygular\u0131n\u0131 ifade etmi\u015fti. \u0130brahim Tatl\u0131ses eski dostu Ferdi Tayfur\u2019u anmak i\u00e7in \u201cEmmio\u011flu\u201d \u015fark\u0131s\u0131n\u0131 yolculuk ederken \u00e7ald\u0131\u011f\u0131 ve s\u00f6yledi\u011fi anlar\u0131 sosyal medyas\u0131nda payla\u015ft\u0131.<\/p>\n","protected":false},"author":10,"featured_media":0,"comment_status":"closed","ping_status":"closed","sticky":false,"template":"","format":"standard","meta":{"rank_math_lock_modified_date":false,"footnotes":""},"categories":[76],"tags":[8106,4326,8105],"class_list":["post-121396","post","type-post","status-publish","format-standard","hentry","category-magazin","tag-emmioglu","tag-ferdi-tayfur","tag-ibrahim-tatlises-emmioglu"],"_links":{"self":[{"href":"https:\/\/www.tgrthaber.com\/mavikadin\/wp-json\/wp\/v2\/posts\/121396"}],"collection":[{"href":"https:\/\/www.tgrthaber.com\/mavikadin\/wp-json\/wp\/v2\/posts"}],"about":[{"href":"https:\/\/www.tgrthaber.com\/mavikadin\/wp-json\/wp\/v2\/types\/post"}],"author":[{"embeddable":true,"href":"https:\/\/www.tgrthaber.com\/mavikadin\/wp-json\/wp\/v2\/users\/10"}],"replies":[{"embeddable":true,"href":"https:\/\/www.tgrthaber.com\/mavikadin\/wp-json\/wp\/v2\/comments?post=121396"}],"version-history":[{"count":2,"href":"https:\/\/www.tgrthaber.com\/mavikadin\/wp-json\/wp\/v2\/posts\/121396\/revisions"}],"predecessor-version":[{"id":121401,"href":"https:\/\/www.tgrthaber.com\/mavikadin\/wp-json\/wp\/v2\/posts\/121396\/revisions\/121401"}],"wp:attachment":[{"href":"https:\/\/www.tgrthaber.com\/mavikadin\/wp-json\/wp\/v2\/media?parent=121396"}],"wp:term":[{"taxonomy":"category","embeddable":true,"href":"https:\/\/www.tgrthaber.com\/mavikadin\/wp-json\/wp\/v2\/categories?post=121396"},{"taxonomy":"post_tag","embeddable":true,"href":"https:\/\/www.tgrthaber.com\/mavikadin\/wp-json\/wp\/v2\/tags?post=121396"}],"curies":[{"name":"wp","href":"https:\/\/api.w.org\/{rel}","templated":true}]}}