{"id":121406,"date":"2025-01-14T16:52:24","date_gmt":"2025-01-14T13:52:24","guid":{"rendered":"https:\/\/www.tgrthaber.com\/mavikadin\/?p=121406"},"modified":"2025-01-14T16:52:24","modified_gmt":"2025-01-14T13:52:24","slug":"bebeginin-ismine-karar-veremeyen-neslihan-atagulden-karni-burnunda-yeni-pozlar","status":"publish","type":"post","link":"https:\/\/www.tgrthaber.com\/mavikadin\/bebeginin-ismine-karar-veremeyen-neslihan-atagulden-karni-burnunda-yeni-pozlar\/","title":{"rendered":"Bebe\u011finin ismine karar veremeyen Neslihan Atag\u00fcl&#8217;den karn\u0131 burnunda yeni pozlar!"},"content":{"rendered":"<p>2013 y\u0131l\u0131nda Show TV ekranlar\u0131nda verilen &#8216;Fatih Harbiye&#8217; dizisinde beraber rol alarak yollar\u0131 kesi\u015fen \u00fcnl\u00fc oyuncu Neslihan Atag\u00fcl ile oyuncu Kadir Do\u011fulu, sette ba\u015flayan arkada\u015fl\u0131klar\u0131n\u0131 k\u0131sa s\u00fcrede a\u015fka \u00e7evirmi\u015fti.<\/p>\n<p>2016 y\u0131l\u0131nda hayatlar\u0131n\u0131 birle\u015ftirme karar\u0131 alarak\u00a0 mutlu bir evlilik yolculu\u011funa ad\u0131m atan magazinin g\u00f6zde \u00e7ifti Neslihan Atag\u00fcl ile e\u015fi Kadir Do\u011fulu evliliklerini \u00e7ocukla ta\u00e7land\u0131rd\u0131.<\/p>\n<h3>\u00dcNL\u00dc \u00c7\u0130FT ANNE BABALI\u011eA HAZIRLANIYOR! M\u00dcJDEY\u0130 B\u00d6YLE DUYURMU\u015eLARDI&#8230;<\/h3>\n<p>Televizyon ekranlar\u0131nda en son &#8216;Gecenin Ucunda&#8217; dizisinde rol al\u0131p daha sonra uzun s\u00fcredir ekranlarda kendisini g\u00f6stermeyen oyuncu Neslihan Atag\u00fcl, e\u015fi Kadir Do\u011fulu ile sevenlerine m\u00fcjdeyi ge\u00e7ti\u011fimiz yaz ay\u0131nda vermi\u015fti.<\/p>\n<p><img loading=\"lazy\" decoding=\"async\" class=\"alignnone wp-image-111083\" src=\"https:\/\/www.tgrthaber.com\/mavikadin\/wp-content\/uploads\/Neslihan-Atagul-3.jpg\" alt=\"\" width=\"1208\" height=\"680\" title=\"\" srcset=\"https:\/\/www.tgrthaber.com\/mavikadin\/wp-content\/uploads\/Neslihan-Atagul-3.jpg 1600w, https:\/\/www.tgrthaber.com\/mavikadin\/wp-content\/uploads\/Neslihan-Atagul-3-300x169.jpg 300w, https:\/\/www.tgrthaber.com\/mavikadin\/wp-content\/uploads\/Neslihan-Atagul-3-1024x576.jpg 1024w, https:\/\/www.tgrthaber.com\/mavikadin\/wp-content\/uploads\/Neslihan-Atagul-3-768x432.jpg 768w, https:\/\/www.tgrthaber.com\/mavikadin\/wp-content\/uploads\/Neslihan-Atagul-3-1536x864.jpg 1536w\" sizes=\"(max-width: 1208px) 100vw, 1208px\" \/><\/p>\n<hr \/>\n<p>32 ya\u015f\u0131ndaki g\u00fczel oyuncu Neslihan Atag\u00fcl, &#8220;Bir s\u00fcre daha bu &#8216;mutlulu\u011fumuzu&#8217; mahrem tutmak isterdik. Hakk\u0131m\u0131z da buydu a\u00e7\u0131k\u00e7as\u0131&#8230; Velhas\u0131lkelam; Biz mutluyuz, memnunuz ve iyiyiz.&#8221; s\u00f6zleriyle anne olaca\u011f\u0131n\u0131 hayranlar\u0131na duyurmu\u015ftu.<\/p>\n<h3>ERKEK \u00c7OCUK ANNES\u0130 OLACAK NESL\u0130HAN ATAG\u00dcL&#8217;DEN PAYLA\u015eIM<\/h3>\n<p>Anne olmak i\u00e7in g\u00fcn sayan ve \u015fimdilerde hamileli\u011finin 7. ay\u0131nda oldu\u011fu bilinen g\u00fczel anne aday\u0131 Neslihan Atag\u00fcl, \u0130talya&#8217;da kat\u0131ld\u0131\u011f\u0131 bir programda Do\u011fulu ile beraber bebeklerinin cinsiyetlerini a\u00e7\u0131klayarak bir erkek \u00e7ocuk beklediklerini m\u00fcjdelemi\u015fti.<\/p>\n<p>Aktif kulland\u0131\u011f\u0131 sosyal medya hesab\u0131ndan payla\u015f\u0131mlar yapmaya doyamayan oyuncu Neslihan Atag\u00fcl, sosyal medya hesab\u0131nda Kadir Do\u011fulu&#8217;ya a\u015fk\u0131n\u0131 ilan eden payla\u015f\u0131mlar yap\u0131yordu.<\/p>\n<p><img loading=\"lazy\" decoding=\"async\" class=\"alignnone wp-image-85054\" src=\"https:\/\/www.tgrthaber.com\/mavikadin\/wp-content\/uploads\/neslihan-atagul-den-hayranlarina-mujde-bebeginin-cinsiyetini-acikladi.jpg\" alt=\"\" width=\"1208\" height=\"680\" title=\"\" srcset=\"https:\/\/www.tgrthaber.com\/mavikadin\/wp-content\/uploads\/neslihan-atagul-den-hayranlarina-mujde-bebeginin-cinsiyetini-acikladi.jpg 1600w, https:\/\/www.tgrthaber.com\/mavikadin\/wp-content\/uploads\/neslihan-atagul-den-hayranlarina-mujde-bebeginin-cinsiyetini-acikladi-300x169.jpg 300w, https:\/\/www.tgrthaber.com\/mavikadin\/wp-content\/uploads\/neslihan-atagul-den-hayranlarina-mujde-bebeginin-cinsiyetini-acikladi-1024x576.jpg 1024w, https:\/\/www.tgrthaber.com\/mavikadin\/wp-content\/uploads\/neslihan-atagul-den-hayranlarina-mujde-bebeginin-cinsiyetini-acikladi-768x432.jpg 768w, https:\/\/www.tgrthaber.com\/mavikadin\/wp-content\/uploads\/neslihan-atagul-den-hayranlarina-mujde-bebeginin-cinsiyetini-acikladi-1536x864.jpg 1536w\" sizes=\"(max-width: 1208px) 100vw, 1208px\" \/><\/p>\n<hr \/>\n<p>\u00dcnl\u00fc oyuncu Neslihan Atag\u00fcl&#8217;\u00fcn takip\u00e7ileriyle payla\u015ft\u0131\u011f\u0131 g\u00f6nderilerde g\u00fcnl\u00fck kareler de yer al\u0131yordu. Sevilen ikilinin mutlu evliliklerinin hamilelik esnas\u0131nda da ayn\u0131 oranla devam etti\u011fi g\u00f6r\u00fcld\u00fc. Anne ve baba olmak i\u00e7in sab\u0131rs\u0131zland\u0131\u011f\u0131 bilinen \u00fcnl\u00fc \u00e7iftten Neslihan Atag\u00fcl ile Kadir Do\u011fulu, ileride kendisine hat\u0131ralar b\u0131rakmak i\u00e7in bu hamilelik s\u00fcrecine dair karelerini s\u0131k s\u0131k yay\u0131nl\u0131yor.<\/p>\n<p>Bebe\u011fin do\u011fdu\u011funda kime benzeyece\u011fi ise hayranlar\u0131 taraf\u0131ndan ayr\u0131 bir merak konusu iken \u00fcnl\u00fc \u00e7iftin bebeklerine do\u011fduklar\u0131nda hangi ismi koyacaklar\u0131 hala netle\u015fmedi. \u00dcnl\u00fc \u00e7iftin bebeklerine verecekleri ismin netle\u015fmesi halinde bunu da takip\u00e7ileri ile payla\u015fmas\u0131 bekleniyor.<\/p>\n<p><img loading=\"lazy\" decoding=\"async\" class=\"alignnone wp-image-121422\" src=\"https:\/\/www.tgrthaber.com\/mavikadin\/wp-content\/uploads\/2-8.png\" alt=\"\" width=\"1208\" height=\"682\" title=\"\" srcset=\"https:\/\/www.tgrthaber.com\/mavikadin\/wp-content\/uploads\/2-8.png 827w, https:\/\/www.tgrthaber.com\/mavikadin\/wp-content\/uploads\/2-8-300x169.png 300w, https:\/\/www.tgrthaber.com\/mavikadin\/wp-content\/uploads\/2-8-768x434.png 768w\" sizes=\"(max-width: 1208px) 100vw, 1208px\" \/><\/p>\n<hr \/>\n<p>&nbsp;<\/p>\n","protected":false},"excerpt":{"rendered":"<p>Anne olmak i\u00e7in g\u00fcn sayan g\u00fczel oyuncu Neslihan Atag\u00fcl, sosyal medya hesab\u0131ndan karn\u0131 burnunda pozlar payla\u015ft\u0131.<\/p>\n","protected":false},"author":27,"featured_media":121429,"comment_status":"closed","ping_status":"closed","sticky":false,"template":"","format":"standard","meta":{"rank_math_lock_modified_date":false,"footnotes":""},"categories":[76],"tags":[3097,133,3096],"class_list":["post-121406","post","type-post","status-publish","format-standard","has-post-thumbnail","hentry","category-magazin","tag-kadir-dogulu","tag-magazin","tag-neslihan-atagul"],"_links":{"self":[{"href":"https:\/\/www.tgrthaber.com\/mavikadin\/wp-json\/wp\/v2\/posts\/121406"}],"collection":[{"href":"https:\/\/www.tgrthaber.com\/mavikadin\/wp-json\/wp\/v2\/posts"}],"about":[{"href":"https:\/\/www.tgrthaber.com\/mavikadin\/wp-json\/wp\/v2\/types\/post"}],"author":[{"embeddable":true,"href":"https:\/\/www.tgrthaber.com\/mavikadin\/wp-json\/wp\/v2\/users\/27"}],"replies":[{"embeddable":true,"href":"https:\/\/www.tgrthaber.com\/mavikadin\/wp-json\/wp\/v2\/comments?post=121406"}],"version-history":[{"count":1,"href":"https:\/\/www.tgrthaber.com\/mavikadin\/wp-json\/wp\/v2\/posts\/121406\/revisions"}],"predecessor-version":[{"id":121433,"href":"https:\/\/www.tgrthaber.com\/mavikadin\/wp-json\/wp\/v2\/posts\/121406\/revisions\/121433"}],"wp:featuredmedia":[{"embeddable":true,"href":"https:\/\/www.tgrthaber.com\/mavikadin\/wp-json\/wp\/v2\/media\/121429"}],"wp:attachment":[{"href":"https:\/\/www.tgrthaber.com\/mavikadin\/wp-json\/wp\/v2\/media?parent=121406"}],"wp:term":[{"taxonomy":"category","embeddable":true,"href":"https:\/\/www.tgrthaber.com\/mavikadin\/wp-json\/wp\/v2\/categories?post=121406"},{"taxonomy":"post_tag","embeddable":true,"href":"https:\/\/www.tgrthaber.com\/mavikadin\/wp-json\/wp\/v2\/tags?post=121406"}],"curies":[{"name":"wp","href":"https:\/\/api.w.org\/{rel}","templated":true}]}}