{"id":121516,"date":"2025-01-14T20:13:59","date_gmt":"2025-01-14T17:13:59","guid":{"rendered":"https:\/\/www.tgrthaber.com\/mavikadin\/?p=121516"},"modified":"2025-01-14T20:13:59","modified_gmt":"2025-01-14T17:13:59","slug":"burak-deniz-sessizligini-bozdu-ve-su-burcu-yazgi-ile-arasindaki-yas-farki-hakkinda-konustu","status":"publish","type":"post","link":"https:\/\/www.tgrthaber.com\/mavikadin\/burak-deniz-sessizligini-bozdu-ve-su-burcu-yazgi-ile-arasindaki-yas-farki-hakkinda-konustu\/","title":{"rendered":"Burak Deniz sessizli\u011fini bozdu ve Su Burcu Yazg\u0131 ile aras\u0131ndaki ya\u015f fark\u0131 hakk\u0131nda konu\u015ftu!"},"content":{"rendered":"<p>&#8216;Bizim Hikaye&#8217; dizisinde \u00e7ocuk oyuncu olarak yer alan Su Burcu Yazg\u0131 Co\u015fkun&#8217;la Bir Gece Hikayesi yap\u0131m\u0131nda rol arkada\u015f\u0131 olan Burak Deniz, dizinin ilk b\u00f6l\u00fcmlerinde ele\u015ftirilere maruz kalm\u0131\u015ft\u0131. Deniz, ya\u015f fark\u0131 ile ilgili ilk kez konu\u015ftu.<\/p>\n<h3>BURAK DEN\u0130Z SESS\u0130ZL\u0130\u011e\u0130N\u0130 BOZDU VE SU BURCU YAZGI \u0130LE ARASINDAK\u0130 YA\u015e FARKI HAKKINDA KONU\u015eTU<\/h3>\n<p>\u0130kili aras\u0131ndaki ya\u015f fark\u0131n\u0131n s\u0131k s\u0131k g\u00fcndeme geldi\u011fi s\u00fcre\u00e7te, yakalad\u0131klar\u0131 uyum b\u00fcy\u00fck takdir toplam\u0131\u015f ve ya\u015f fark\u0131 tart\u0131\u015fma konusu olmaktan \u00e7\u0131km\u0131\u015ft\u0131. Aralar\u0131nda 13 ya\u015f bulunan Burak Deniz ve Su Burcu Yazg\u0131 Co\u015fkun&#8217;dan, Burak Deniz&#8217;e, daha \u00f6nce \u00e7ocuk oyuncu olan Yazg\u0131 Co\u015fkun\u2019un bu kez partneri olmas\u0131 hakk\u0131nda sorular y\u00f6neltildi. Deniz, o \u00e7ok konu\u015fulan &#8216;ya\u015f fark\u0131&#8217; ile ilgili ilk kez a\u00e7\u0131klama yapt\u0131.<\/p>\n<div style=\"width: 640px;\" class=\"wp-video\"><!--[if lt IE 9]><script>document.createElement('video');<\/script><![endif]-->\n<video class=\"wp-video-shortcode\" id=\"video-121516-1\" width=\"640\" height=\"800\" preload=\"metadata\" controls=\"controls\"><source type=\"video\/mp4\" src=\"https:\/\/www.tgrthaber.com\/mavikadin\/wp-content\/uploads\/burak_deniz.mp4?_=1\" \/><a href=\"https:\/\/www.tgrthaber.com\/mavikadin\/wp-content\/uploads\/burak_deniz.mp4\">https:\/\/www.tgrthaber.com\/mavikadin\/wp-content\/uploads\/burak_deniz.mp4<\/a><\/video><\/div>\n<hr \/>\n<h3>&#8220;SENARYO BUNU GEREKT\u0130R\u0130YOR&#8221;<\/h3>\n<p>Bir Gece Masal\u0131&#8217;n\u0131n sevilen \u00e7ifti Su Burcu Yazg\u0131 Co\u015fkun ve Burak Deniz, sezon ba\u015f\u0131nda aralar\u0131ndaki ya\u015f farkl\u0131l\u0131\u011f\u0131 nedeniyle ele\u015ftirilerin oda\u011f\u0131nda kalm\u0131\u015flard\u0131.\u00a0Aralar\u0131nda 13 ya\u015f fark\u0131 olan ikili, dizide m\u00fckemmel bir ahenk yakalayarak yap\u0131m\u0131, sezonun en \u00e7ok izlenen projelerinden biri haline getirdi.<\/p>\n<p><img loading=\"lazy\" decoding=\"async\" class=\"alignnone size-full wp-image-121522\" src=\"https:\/\/www.tgrthaber.com\/mavikadin\/wp-content\/uploads\/lv-Kurtarildiw.jpg\" alt=\"\" width=\"1208\" height=\"680\" title=\"\" srcset=\"https:\/\/www.tgrthaber.com\/mavikadin\/wp-content\/uploads\/lv-Kurtarildiw.jpg 1208w, https:\/\/www.tgrthaber.com\/mavikadin\/wp-content\/uploads\/lv-Kurtarildiw-300x169.jpg 300w, https:\/\/www.tgrthaber.com\/mavikadin\/wp-content\/uploads\/lv-Kurtarildiw-1024x576.jpg 1024w, https:\/\/www.tgrthaber.com\/mavikadin\/wp-content\/uploads\/lv-Kurtarildiw-768x432.jpg 768w\" sizes=\"(max-width: 1208px) 100vw, 1208px\" \/><\/p>\n<p>Uzun bir s\u00fcre sonra ya\u015f fark\u0131 hakk\u0131nda soru y\u00f6neltilen Burak Deniz, Muhabir Online mikrofonlar\u0131na a\u00e7\u0131klamalarda bulundu. Deniz, &#8220;Senaryo bunu gerektiriyor,&#8221; ifadelerini kulland\u0131.<\/p>\n","protected":false},"excerpt":{"rendered":"<p>Kariyerine, \u00e7ocuk oyuncu olarak ba\u015flayan Su Burcu Yazg\u0131 Co\u015fkun ile ba\u015frol\u00fc payla\u015fan Burak Deniz, aralar\u0131ndaki ya\u015f fark\u0131 hakk\u0131nda konu\u015ftu. Deniz, ele\u015ftirilere cevap vererek; &#8216;b\u00f6yle olmas\u0131 gerekiyor&#8217; dedi.<\/p>\n","protected":false},"author":2,"featured_media":121525,"comment_status":"closed","ping_status":"closed","sticky":false,"template":"","format":"standard","meta":{"rank_math_lock_modified_date":false,"footnotes":""},"categories":[76],"tags":[2523,133,2218,3904,4437],"class_list":["post-121516","post","type-post","status-publish","format-standard","has-post-thumbnail","hentry","category-magazin","tag-burak-deniz","tag-magazin","tag-magazin-haberleri","tag-su-burcu-yazgi-coskun","tag-su-burcu-yazgin"],"_links":{"self":[{"href":"https:\/\/www.tgrthaber.com\/mavikadin\/wp-json\/wp\/v2\/posts\/121516"}],"collection":[{"href":"https:\/\/www.tgrthaber.com\/mavikadin\/wp-json\/wp\/v2\/posts"}],"about":[{"href":"https:\/\/www.tgrthaber.com\/mavikadin\/wp-json\/wp\/v2\/types\/post"}],"author":[{"embeddable":true,"href":"https:\/\/www.tgrthaber.com\/mavikadin\/wp-json\/wp\/v2\/users\/2"}],"replies":[{"embeddable":true,"href":"https:\/\/www.tgrthaber.com\/mavikadin\/wp-json\/wp\/v2\/comments?post=121516"}],"version-history":[{"count":1,"href":"https:\/\/www.tgrthaber.com\/mavikadin\/wp-json\/wp\/v2\/posts\/121516\/revisions"}],"predecessor-version":[{"id":121528,"href":"https:\/\/www.tgrthaber.com\/mavikadin\/wp-json\/wp\/v2\/posts\/121516\/revisions\/121528"}],"wp:featuredmedia":[{"embeddable":true,"href":"https:\/\/www.tgrthaber.com\/mavikadin\/wp-json\/wp\/v2\/media\/121525"}],"wp:attachment":[{"href":"https:\/\/www.tgrthaber.com\/mavikadin\/wp-json\/wp\/v2\/media?parent=121516"}],"wp:term":[{"taxonomy":"category","embeddable":true,"href":"https:\/\/www.tgrthaber.com\/mavikadin\/wp-json\/wp\/v2\/categories?post=121516"},{"taxonomy":"post_tag","embeddable":true,"href":"https:\/\/www.tgrthaber.com\/mavikadin\/wp-json\/wp\/v2\/tags?post=121516"}],"curies":[{"name":"wp","href":"https:\/\/api.w.org\/{rel}","templated":true}]}}