{"id":121520,"date":"2025-01-14T20:18:35","date_gmt":"2025-01-14T17:18:35","guid":{"rendered":"https:\/\/www.tgrthaber.com\/mavikadin\/?p=121520"},"modified":"2025-01-14T20:18:36","modified_gmt":"2025-01-14T17:18:36","slug":"o-ses-turkiyeden-ilk-goruntuler-geldi-sudem-ilayda-sesiyle-herkesi-mest-etti","status":"publish","type":"post","link":"https:\/\/www.tgrthaber.com\/mavikadin\/o-ses-turkiyeden-ilk-goruntuler-geldi-sudem-ilayda-sesiyle-herkesi-mest-etti\/","title":{"rendered":"O Ses T\u00fcrkiye\u2019den ilk g\u00f6r\u00fcnt\u00fcler geldi! Sudem \u0130layda sesiyle herkesi mest etti"},"content":{"rendered":"<p>TV8 ekranlar\u0131n\u0131n ilgiyle takip edilen yar\u0131\u015fma program\u0131 \u201cO Ses T\u00fcrkiye\u201d seyirci ile bulu\u015fmaya g\u00fcn say\u0131yor. Seyircinin b\u00fcy\u00fck bir heyecanla bekledi\u011fi O Ses T\u00fcrkiye program\u0131ndan il g\u00f6r\u00fcnt\u00fcler geldi. Sosyal medyada g\u00fcndem olan o g\u00f6r\u00fcnt\u00fcler izleyiciler taraf\u0131ndan \u00e7ok sevildi. Sudem \u0130layda ad\u0131ndaki yar\u0131\u015fmac\u0131n\u0131n \u015fark\u0131 s\u00f6yledi\u011fi anlar herkesi mest etti. Sudem \u0130layda\u2019n\u0131n performans\u0131na di\u011fer kat\u0131l\u0131mc\u0131lar bak\u0131n nas\u0131l tepki verdi. \u0130\u015fte Sudem \u0130layda\u2019n\u0131n mest eden sesi\u2026<\/p>\n<hr \/>\n<h3>O SES T\u00dcRK\u0130YE\u2019DEN \u0130LK G\u00d6R\u00dcNT\u00dcLER GELD\u0130!<\/h3>\n<p>TV8 ekranlar\u0131n\u0131n yo\u011fun bir ilgiyle takip edilen yar\u0131\u015fmas\u0131 O Ses T\u00fcrkiye program\u0131ndan ilk g\u00f6r\u00fcnt\u00fcler geldi. Seyircinin merakla bekledi\u011fi O Ses T\u00fcrkiye program\u0131 uzun bir aradan sonra ekranlara \u00e7\u0131kmaya g\u00fcn say\u0131yor. Hem j\u00fcri \u00fcyeleriyle hem de ba\u015far\u0131l\u0131 yar\u0131\u015fmac\u0131lar\u0131yla \u015fimdiden g\u00fcndeme bomba gibi oturan O Ses T\u00fcrkiye yar\u0131\u015fmas\u0131, b\u00fcy\u00fck bir heyecanla bekleniyor.<\/p>\n<p><img loading=\"lazy\" decoding=\"async\" class=\"alignnone wp-image-121526\" src=\"https:\/\/www.tgrthaber.com\/mavikadin\/wp-content\/uploads\/Adsiz-tasarim-28-22-1024x576.jpg\" alt=\"O Ses T\u00fcrkiye\u2019den ilk g\u00f6r\u00fcnt\u00fcler geldi! \" width=\"1208\" height=\"680\" title=\"\" srcset=\"https:\/\/www.tgrthaber.com\/mavikadin\/wp-content\/uploads\/Adsiz-tasarim-28-22-1024x576.jpg 1024w, https:\/\/www.tgrthaber.com\/mavikadin\/wp-content\/uploads\/Adsiz-tasarim-28-22-300x169.jpg 300w, https:\/\/www.tgrthaber.com\/mavikadin\/wp-content\/uploads\/Adsiz-tasarim-28-22-768x432.jpg 768w, https:\/\/www.tgrthaber.com\/mavikadin\/wp-content\/uploads\/Adsiz-tasarim-28-22-1536x864.jpg 1536w, https:\/\/www.tgrthaber.com\/mavikadin\/wp-content\/uploads\/Adsiz-tasarim-28-22.jpg 1600w\" sizes=\"(max-width: 1208px) 100vw, 1208px\" \/><\/p>\n<hr \/>\n<p>Seyirci ile bulu\u015fmas\u0131na g\u00fcnler kalan O Ses T\u00fcrkiye yar\u0131\u015fmas\u0131ndan ilk g\u00f6r\u00fcnt\u00fcler geldi. Sosyal medyada g\u00fcndem olan o g\u00f6r\u00fcnt\u00fcler izleyiciler taraf\u0131ndan \u00e7ok sevildi. Video sosyal medya kullan\u0131c\u0131lar\u0131 taraf\u0131ndan milyonlarca kez izlendi. Daha program ba\u015flamadan g\u00fcndem olan yar\u0131\u015fmac\u0131lar\u0131n bu sezon b\u00fcy\u00fck ses getirece\u011fi d\u00fc\u015f\u00fcn\u00fcl\u00fcyor.<\/p>\n<h3>SUDEM \u0130LAYDA SES\u0130YLE HERKES\u0130 MEST ETT\u0130!<\/h3>\n<p>O Ses T\u00fcrkiye yar\u0131\u015fmas\u0131ndan ilk g\u00f6r\u00fcnt\u00fclerin sosyal medyada yay\u0131nlanmas\u0131yla birlikte g\u00f6zler program\u0131n ne zaman ba\u015flayaca\u011f\u0131na \u00e7evrildi. B\u00fcy\u00fck bir heyecanla beklenen O Ses T\u00fcrkiye yar\u0131\u015fmas\u0131 daha ba\u015flamadan sosyal medyay\u0131 sallad\u0131. Sosyal medyada g\u00fcndem olan o g\u00f6r\u00fcnt\u00fcler izleyiciler taraf\u0131ndan milyonlarca kez izlendi.<\/p>\n<div style=\"width: 640px;\" class=\"wp-video\"><!--[if lt IE 9]><script>document.createElement('video');<\/script><![endif]-->\n<video class=\"wp-video-shortcode\" id=\"video-121520-1\" width=\"640\" height=\"360\" preload=\"metadata\" controls=\"controls\"><source type=\"video\/mp4\" src=\"https:\/\/www.tgrthaber.com\/mavikadin\/wp-content\/uploads\/Adsiz-580-x-485-piksel-1600-x-900-piksel-12.mp4?_=1\" \/><a href=\"https:\/\/www.tgrthaber.com\/mavikadin\/wp-content\/uploads\/Adsiz-580-x-485-piksel-1600-x-900-piksel-12.mp4\">https:\/\/www.tgrthaber.com\/mavikadin\/wp-content\/uploads\/Adsiz-580-x-485-piksel-1600-x-900-piksel-12.mp4<\/a><\/video><\/div>\n<p>Sudem \u0130layda ad\u0131ndaki yar\u0131\u015fmac\u0131n\u0131n \u015fark\u0131 s\u00f6yledi\u011fi anlar herkesi mest etti. Sudem \u0130layda\u2019n\u0131n \u015fark\u0131 s\u00f6yledi\u011fi anlar sosyal medyada git gide yay\u0131ld\u0131. O Ses T\u00fcrkiye\u2019nin Ankara\u2019da ger\u00e7ekle\u015fen \u00f6n elemelerine kat\u0131lan Sudem \u0130layda ad\u0131ndaki yar\u0131\u015fmac\u0131n\u0131n \u015fark\u0131 s\u00f6yledi\u011fi s\u0131rada di\u011fer kat\u0131l\u0131mc\u0131lar\u0131n verdi\u011fi tepkiler bir cep telefonu kameras\u0131yla kay\u0131t alt\u0131na al\u0131nd\u0131. Kay\u0131t alt\u0131na al\u0131nan g\u00f6r\u00fcnt\u00fclerin sosyal medyada yay\u0131lmas\u0131yla birlikte Sudem \u0130layda ad\u0131ndaki yar\u0131\u015fmac\u0131n\u0131n \u015fark\u0131 s\u00f6yledi\u011fi anlar sosyal medya kullan\u0131c\u0131lar\u0131 taraf\u0131ndan milyonlarca kez izlendi.<\/p>\n<p><img loading=\"lazy\" decoding=\"async\" class=\"alignnone wp-image-121527\" src=\"https:\/\/www.tgrthaber.com\/mavikadin\/wp-content\/uploads\/Adsiz-tasarim-26-20-1024x576.jpg\" alt=\"O Ses T\u00fcrkiye\u2019den ilk g\u00f6r\u00fcnt\u00fcler geldi! \" width=\"1208\" height=\"680\" title=\"\" srcset=\"https:\/\/www.tgrthaber.com\/mavikadin\/wp-content\/uploads\/Adsiz-tasarim-26-20-1024x576.jpg 1024w, https:\/\/www.tgrthaber.com\/mavikadin\/wp-content\/uploads\/Adsiz-tasarim-26-20-300x169.jpg 300w, https:\/\/www.tgrthaber.com\/mavikadin\/wp-content\/uploads\/Adsiz-tasarim-26-20-768x432.jpg 768w, https:\/\/www.tgrthaber.com\/mavikadin\/wp-content\/uploads\/Adsiz-tasarim-26-20-1536x864.jpg 1536w, https:\/\/www.tgrthaber.com\/mavikadin\/wp-content\/uploads\/Adsiz-tasarim-26-20.jpg 1600w\" sizes=\"(max-width: 1208px) 100vw, 1208px\" \/><\/p>\n<hr \/>\n<h3><strong>O SES T\u00dcRK\u0130YE 2025 YARI\u015eMASININ J\u00dcR\u0130 \u00dcYELER\u0130 K\u0130M?<\/strong><\/h3>\n<p>TV8 ekranlar\u0131n\u0131n b\u00fcy\u00fck bir ilgiyle takip edilen yar\u0131\u015fmas\u0131 O Ses T\u00fcrkiye yar\u0131\u015fmas\u0131nda ge\u00e7ti\u011fimiz sezonlarda birbirinden de\u011ferli sanat\u00e7\u0131lar yer alm\u0131\u015ft\u0131. Hadise y\u0131llar\u0131n tecr\u00fcbesiyle her zamanki gibi ad\u0131ndan s\u00f6z ettirmi\u015f, Athena Grubunun \u00fcyelerinden G\u00f6khan \u00d6zo\u011fuz komik halleriyle herkesi g\u00fcld\u00fcrm\u00fc\u015f, Ebru G\u00fcnde\u015f sesiyle herkesi mest etmi\u015f, Murat Boz ise yak\u0131\u015f\u0131kl\u0131l\u0131\u011f\u0131yla herkesi etkilemi\u015fti.<\/p>\n<p>Ge\u00e7ti\u011fimiz sezonlara damga vuran j\u00fcri \u00fcyeleri aras\u0131nda g\u00fc\u00e7l\u00fc sesiyle Y\u0131ld\u0131z Tilbe, ba\u015far\u0131l\u0131 \u015fark\u0131lar\u0131yla O\u011fuzhan Ko\u00e7, esprileriyle kahkaha att\u0131ran Beyaz\u0131t \u00d6zt\u00fcrk j\u00fcri koltu\u011funda yerini alan isimler aras\u0131ndayd\u0131.<\/p>\n<p><img loading=\"lazy\" decoding=\"async\" class=\"alignnone wp-image-121530\" src=\"https:\/\/www.tgrthaber.com\/mavikadin\/wp-content\/uploads\/Adsiz-tasarim-27-20-1024x576.jpg\" alt=\"O Ses T\u00fcrkiye\u2019den ilk g\u00f6r\u00fcnt\u00fcler geldi! \" width=\"1208\" height=\"680\" title=\"\" srcset=\"https:\/\/www.tgrthaber.com\/mavikadin\/wp-content\/uploads\/Adsiz-tasarim-27-20-1024x576.jpg 1024w, https:\/\/www.tgrthaber.com\/mavikadin\/wp-content\/uploads\/Adsiz-tasarim-27-20-300x169.jpg 300w, https:\/\/www.tgrthaber.com\/mavikadin\/wp-content\/uploads\/Adsiz-tasarim-27-20-768x432.jpg 768w, https:\/\/www.tgrthaber.com\/mavikadin\/wp-content\/uploads\/Adsiz-tasarim-27-20-1536x864.jpg 1536w, https:\/\/www.tgrthaber.com\/mavikadin\/wp-content\/uploads\/Adsiz-tasarim-27-20.jpg 1600w\" sizes=\"(max-width: 1208px) 100vw, 1208px\" \/><\/p>\n<hr \/>\n<p>O Ses T\u00fcrkiye 2025 yar\u0131\u015fmas\u0131n\u0131n yeni j\u00fcri \u00fcyeleri ise birbirinden bomba isimler olarak kar\u015f\u0131m\u0131za \u00e7\u0131k\u0131yor. O Ses T\u00fcrkiye 2025 yar\u0131\u015fmas\u0131n\u0131n j\u00fcri \u00fcyeleri Beyaz\u0131t \u00d6zt\u00fcrk, Melike \u015eahin, G\u00f6khan \u00d6zo\u011fuz ve Hadise\u00a0olarak kar\u015f\u0131m\u0131za \u00e7\u0131k\u0131yor. O Ses T\u00fcrkiye 2025 yar\u0131\u015fmas\u0131nda olduk\u00e7a e\u011flenceli ve rekabetli bir sezonun bizleri bekliyor. Birbirinden ba\u015far\u0131l\u0131 sanat\u00e7\u0131lar\u0131n j\u00fcri koltu\u011funda oturdu\u011fu yar\u0131\u015fma seyirciler taraf\u0131ndan merakla bekleniyor.<\/p>\n<h3><strong>O SES T\u00dcRK\u0130YE NE ZAMAN BA\u015eLAYACAK?<\/strong><\/h3>\n<p>Televizyon ekranlar\u0131n\u0131n e\u011flenceli ve rekabetli sevilen yar\u0131\u015fmalar\u0131 aras\u0131nda yer alan O Ses T\u00fcrkiye geri d\u00f6nd\u00fc. O Ses T\u00fcrkiye 2025 yar\u0131\u015fmas\u0131 i\u00e7in geri say\u0131m ba\u015flad\u0131. Hem izleyicilerin hem de yar\u0131\u015fmac\u0131lar\u0131n heyecan\u0131n\u0131n dorukta oldu\u011fu ve ne zaman yay\u0131nlanaca\u011f\u0131n\u0131n merak edildi\u011fi O Ses T\u00fcrkiye yar\u0131\u015fmas\u0131n\u0131n yay\u0131n tarihi belli oldu.<\/p>\n<p><img loading=\"lazy\" decoding=\"async\" class=\"alignnone wp-image-121529\" src=\"https:\/\/www.tgrthaber.com\/mavikadin\/wp-content\/uploads\/Adsiz-tasarim-23-15-1024x576.jpg\" alt=\"O Ses T\u00fcrkiye\u2019den ilk g\u00f6r\u00fcnt\u00fcler geldi! \" width=\"1208\" height=\"680\" title=\"\" srcset=\"https:\/\/www.tgrthaber.com\/mavikadin\/wp-content\/uploads\/Adsiz-tasarim-23-15-1024x576.jpg 1024w, https:\/\/www.tgrthaber.com\/mavikadin\/wp-content\/uploads\/Adsiz-tasarim-23-15-300x169.jpg 300w, https:\/\/www.tgrthaber.com\/mavikadin\/wp-content\/uploads\/Adsiz-tasarim-23-15-768x432.jpg 768w, https:\/\/www.tgrthaber.com\/mavikadin\/wp-content\/uploads\/Adsiz-tasarim-23-15-1536x864.jpg 1536w, https:\/\/www.tgrthaber.com\/mavikadin\/wp-content\/uploads\/Adsiz-tasarim-23-15.jpg 1600w\" sizes=\"(max-width: 1208px) 100vw, 1208px\" \/><\/p>\n<hr \/>\n<p>Sunucu ve yap\u0131mc\u0131 Acun Il\u0131cal\u0131, O Ses T\u00fcrkiye Y\u0131lba\u015f\u0131 \u00f6zel program\u0131nda yapt\u0131\u011f\u0131 a\u00e7\u0131klamada, yar\u0131\u015fman\u0131n ba\u015flayaca\u011f\u0131 tarihi 25 Ocak 2025 olarak duyurmu\u015ftu. TV8 ekranlar\u0131nda izleyici kar\u015f\u0131s\u0131na \u00e7\u0131kacak olan O Ses T\u00fcrkiye yar\u0131\u015fmas\u0131 25 Ocak tarihinde ilk b\u00f6l\u00fcm\u00fcyle yeni sezona ba\u015flamaya haz\u0131rlan\u0131yor. Seyircinin de merakla bekledi\u011fi yar\u0131\u015fma, izleyici ile bulu\u015fmaya g\u00fcn say\u0131yor.<\/p>\n","protected":false},"excerpt":{"rendered":"<p>TV8 ekranlar\u0131nda izleyici kar\u015f\u0131s\u0131na \u00e7\u0131kmaya haz\u0131rlanan O Ses T\u00fcrkiye program\u0131ndan ilk g\u00f6r\u00fcnt\u00fcler geldi. Sudem \u0130layda ad\u0131ndaki yar\u0131\u015fmac\u0131n\u0131n \u015fark\u0131 s\u00f6yledi\u011fi anlar herkesi mest etti. \u0130\u015fte Sudem \u0130layda\u2019n\u0131n mest eden sesi\u2026 <\/p>\n","protected":false},"author":26,"featured_media":121523,"comment_status":"closed","ping_status":"closed","sticky":false,"template":"","format":"standard","meta":{"rank_math_lock_modified_date":false,"footnotes":""},"categories":[76],"tags":[6532,6534,6533],"class_list":["post-121520","post","type-post","status-publish","format-standard","has-post-thumbnail","hentry","category-magazin","tag-o-ses-turkiye-2025","tag-o-ses-turkiye-2025-jurileri","tag-o-ses-turkiye-2025-ne-zaman-baslayacak"],"_links":{"self":[{"href":"https:\/\/www.tgrthaber.com\/mavikadin\/wp-json\/wp\/v2\/posts\/121520"}],"collection":[{"href":"https:\/\/www.tgrthaber.com\/mavikadin\/wp-json\/wp\/v2\/posts"}],"about":[{"href":"https:\/\/www.tgrthaber.com\/mavikadin\/wp-json\/wp\/v2\/types\/post"}],"author":[{"embeddable":true,"href":"https:\/\/www.tgrthaber.com\/mavikadin\/wp-json\/wp\/v2\/users\/26"}],"replies":[{"embeddable":true,"href":"https:\/\/www.tgrthaber.com\/mavikadin\/wp-json\/wp\/v2\/comments?post=121520"}],"version-history":[{"count":2,"href":"https:\/\/www.tgrthaber.com\/mavikadin\/wp-json\/wp\/v2\/posts\/121520\/revisions"}],"predecessor-version":[{"id":121534,"href":"https:\/\/www.tgrthaber.com\/mavikadin\/wp-json\/wp\/v2\/posts\/121520\/revisions\/121534"}],"wp:featuredmedia":[{"embeddable":true,"href":"https:\/\/www.tgrthaber.com\/mavikadin\/wp-json\/wp\/v2\/media\/121523"}],"wp:attachment":[{"href":"https:\/\/www.tgrthaber.com\/mavikadin\/wp-json\/wp\/v2\/media?parent=121520"}],"wp:term":[{"taxonomy":"category","embeddable":true,"href":"https:\/\/www.tgrthaber.com\/mavikadin\/wp-json\/wp\/v2\/categories?post=121520"},{"taxonomy":"post_tag","embeddable":true,"href":"https:\/\/www.tgrthaber.com\/mavikadin\/wp-json\/wp\/v2\/tags?post=121520"}],"curies":[{"name":"wp","href":"https:\/\/api.w.org\/{rel}","templated":true}]}}