{"id":121541,"date":"2025-01-14T20:57:24","date_gmt":"2025-01-14T17:57:24","guid":{"rendered":"https:\/\/www.tgrthaber.com\/mavikadin\/?p=121541"},"modified":"2025-01-15T08:31:10","modified_gmt":"2025-01-15T05:31:10","slug":"the-day-of-the-jackal-nereden-izlenir-the-day-of-the-jackal-netflix-te-var-mi","status":"publish","type":"post","link":"https:\/\/www.tgrthaber.com\/mavikadin\/the-day-of-the-jackal-nereden-izlenir-the-day-of-the-jackal-netflix-te-var-mi\/","title":{"rendered":"The Day of the Jackal nereden izlenir? The Day of the Jackal Netflix&#8217;te var m\u0131?"},"content":{"rendered":"<p class=\"p1\">Eddie Redmayne\u2019in so\u011fukkanl\u0131 suikast\u00e7\u0131 Jackal karakterini oynad\u0131\u011f\u0131 The Day of the Jackal dizisi, ilk sezonuyla izleyicilerin be\u011fenisini kazanarak 2024\u2019\u00fcn en dikkat \u00e7ekici yap\u0131mlar\u0131ndan biri haline gelmi\u015fti. Frederick Forsyth\u2019in 1972 tarihli \u00fcnl\u00fc roman\u0131ndan ve 1973 yap\u0131m\u0131 klasik filmden uyarlanan dizi, hem hikaye derinli\u011fi hem de prod\u00fcksiyon kalitesiyle b\u00fcy\u00fck \u00f6vg\u00fc toplad\u0131. \u0130lk sezonun yakalad\u0131\u011f\u0131 bu ba\u015far\u0131, dizinin ikinci sezon onay\u0131 almas\u0131n\u0131 da beraberinde getirdi. Yeni sezonla ilgili detaylar ise yava\u015f yava\u015f netle\u015fmeye ba\u015flad\u0131. The Day of the Jackal ikinci sezonunda, ilk sezonun kald\u0131\u011f\u0131 yerden devam edecek ve Jackal\u2019\u0131n karma\u015f\u0131k suikast planlar\u0131na daha derinlemesine bir bak\u0131\u015f sunacak. \u0130zleyiciler, \u2018The Day of the Jackal<span class=\"Apple-converted-space\">\u00a0 <\/span>ka\u00e7 b\u00f6l\u00fcm olacak, hangi platformda yer alacak?\u2019 sorular\u0131n\u0131n cevaplar\u0131n\u0131 ar\u0131yor. \u0130\u015fte merakla beklenen sorular\u0131n cevaplar\u0131\u2026<\/p>\n<h3>THE DAY OF THE JACKAL NEREDEN \u0130ZLEN\u0130R?<\/h3>\n<p class=\"p1\">Eddie Redmayne\u2019in ba\u015frol\u00fcnde oldu\u011fu The Day of the Jackal, ilk sezonuyla b\u00fcy\u00fck be\u011feni toplamas\u0131n\u0131n ard\u0131ndan merakla beklenen ikinci sezonuyla izleyicilerle bulu\u015fmaya haz\u0131rlan\u0131yor. Dizinin yay\u0131n haklar\u0131, ilk sezonda oldu\u011fu gibi yine Sky Originals ve Peacock taraf\u0131ndan elinde bulunduruluyor. Bu iki platform, diziyi k\u00fcresel izleyicilerle bulu\u015ftururken, T\u00fcrkiye\u2019de izlemek isteyenler i\u00e7in SkyShowtime \u00f6nemli bir se\u00e7enek olarak \u00f6ne \u00e7\u0131k\u0131yor.<\/p>\n<p><img loading=\"lazy\" decoding=\"async\" class=\"alignnone wp-image-121542 \" src=\"https:\/\/www.tgrthaber.com\/mavikadin\/wp-content\/uploads\/Ekran-Resmi-2025-01-14-20.52.46.png\" alt=\"\" width=\"992\" height=\"560\" title=\"\" srcset=\"https:\/\/www.tgrthaber.com\/mavikadin\/wp-content\/uploads\/Ekran-Resmi-2025-01-14-20.52.46.png 974w, https:\/\/www.tgrthaber.com\/mavikadin\/wp-content\/uploads\/Ekran-Resmi-2025-01-14-20.52.46-300x169.png 300w, https:\/\/www.tgrthaber.com\/mavikadin\/wp-content\/uploads\/Ekran-Resmi-2025-01-14-20.52.46-768x434.png 768w\" sizes=\"(max-width: 992px) 100vw, 992px\" \/><\/p>\n<hr \/>\n<p class=\"p1\">Yeni sezonun, Nisan 2025\u2019te ba\u015flamas\u0131 planlan\u0131yor ve b\u00f6l\u00fcmlerin haftal\u0131k olarak yay\u0131nlanaca\u011f\u0131 belirtiliyor. Bu y\u00f6ntem, izleyicilerde merak ve heyecan\u0131 diri tutarken, hikayenin temposunu da dinamik bir \u015fekilde s\u00fcrd\u00fcrmeyi hedefliyor. Sky ve Peacock platformlar\u0131, dizinin ilk sezonda yakalad\u0131\u011f\u0131 kaliteyi koruyarak, yeni sezonda da dikkatleri \u00fczerine \u00e7ekmeye devam edecek gibi g\u00f6r\u00fcn\u00fcyor. \u0130kinci sezonun yay\u0131n tarihinin yakla\u015fmas\u0131yla birlikte, hikayenin gidi\u015fat\u0131 ve s\u00fcrprizlerle dolu olay \u00f6rg\u00fcs\u00fc hakk\u0131nda yeni detaylar da ortaya \u00e7\u0131kmaya ba\u015flad\u0131. The Day of the Jackal, izleyicilerine yine gerilim dolu bir sezon vaat ediyor.<\/p>\n<p><img loading=\"lazy\" decoding=\"async\" class=\"alignnone wp-image-121543 size-full\" src=\"https:\/\/www.tgrthaber.com\/mavikadin\/wp-content\/uploads\/Ekran-Resmi-2025-01-14-20.53.00.png\" alt=\"\" width=\"1084\" height=\"694\" title=\"\" srcset=\"https:\/\/www.tgrthaber.com\/mavikadin\/wp-content\/uploads\/Ekran-Resmi-2025-01-14-20.53.00.png 1084w, https:\/\/www.tgrthaber.com\/mavikadin\/wp-content\/uploads\/Ekran-Resmi-2025-01-14-20.53.00-300x192.png 300w, https:\/\/www.tgrthaber.com\/mavikadin\/wp-content\/uploads\/Ekran-Resmi-2025-01-14-20.53.00-1024x656.png 1024w, https:\/\/www.tgrthaber.com\/mavikadin\/wp-content\/uploads\/Ekran-Resmi-2025-01-14-20.53.00-768x492.png 768w\" sizes=\"(max-width: 1084px) 100vw, 1084px\" \/><\/p>\n<hr \/>\n<h3 class=\"p1\"><b>THE DAY OF THE JACKAL 2. SEZON KA\u00c7 B\u00d6L\u00dcM OLACAK?<\/b><\/h3>\n<p class=\"p1\">The Day of the Jackal dizisinin hayranlar\u0131n\u0131 heyecanland\u0131racak yeni bilgiler g\u00fcn y\u00fcz\u00fcne \u00e7\u0131kt\u0131. Yap\u0131mc\u0131lar\u0131n verdi\u011fi bilgilere g\u00f6re, merakla beklenen 2. sezon, toplamda 8 b\u00f6l\u00fcmden olu\u015facak ve her b\u00f6l\u00fcm yakla\u015f\u0131k 60 dakika uzunlu\u011funda olacak. \u0130lk sezonun temposunu ve gerilimini koruyacak olan bu sezon, izleyicilere \u00e7ok daha derinlemesine bir hikaye sunmay\u0131 hedefliyor.<\/p>\n<p><img loading=\"lazy\" decoding=\"async\" class=\"alignnone wp-image-121544 size-full\" src=\"https:\/\/www.tgrthaber.com\/mavikadin\/wp-content\/uploads\/Ekran-Resmi-2025-01-14-20.53.08.png\" alt=\"\" width=\"1094\" height=\"608\" title=\"\" srcset=\"https:\/\/www.tgrthaber.com\/mavikadin\/wp-content\/uploads\/Ekran-Resmi-2025-01-14-20.53.08.png 1094w, https:\/\/www.tgrthaber.com\/mavikadin\/wp-content\/uploads\/Ekran-Resmi-2025-01-14-20.53.08-300x167.png 300w, https:\/\/www.tgrthaber.com\/mavikadin\/wp-content\/uploads\/Ekran-Resmi-2025-01-14-20.53.08-1024x569.png 1024w, https:\/\/www.tgrthaber.com\/mavikadin\/wp-content\/uploads\/Ekran-Resmi-2025-01-14-20.53.08-768x427.png 768w\" sizes=\"(max-width: 1094px) 100vw, 1094px\" \/><\/p>\n<hr \/>\n<p class=\"p1\">Yeni sezonda, karakterlerin i\u00e7 d\u00fcnyalar\u0131 daha detayl\u0131 i\u015flenirken, hikaye \u00f6rg\u00fcs\u00fcn\u00fcn daha karma\u015f\u0131k ve s\u00fcr\u00fckleyici bir hale gelece\u011fi belirtiliyor. Suikast\u00e7\u0131 Jackal\u2019\u0131n so\u011fukkanl\u0131 planlar\u0131 ve zekice hamleleri, izleyicileri yeniden ekrana kilitleyecek. Bu sezon, yaln\u0131zca aksiyon ve gerilim a\u00e7\u0131s\u0131ndan de\u011fil, ayn\u0131 zamanda duygusal ve psikolojik derinlikleriyle de dikkat \u00e7ekecek.<\/p>\n","protected":false},"excerpt":{"rendered":"<p>Eddie Redmayne\u2019in Jackal karakteriyle b\u00fcy\u00fcledi\u011fi The Day of the Jackal, ilk sezonuyla 2024\u2019\u00fcn en dikkat \u00e7eken yap\u0131mlar\u0131 aras\u0131nda yer ald\u0131. Frederick Forsyth\u2019in \u00fcnl\u00fc roman\u0131ndan uyarlanan dizi, g\u00fc\u00e7l\u00fc hikayesi ve etkileyici prod\u00fcksiyonuyla b\u00fcy\u00fck be\u011feni toplarken, ikinci sezon onay\u0131n\u0131 da h\u0131zla ald\u0131. \u015eimdi izleyiciler, yeni sezonla ilgili detaylar\u0131 heyecanla bekliyor. The Day Of The Jackal nereden izlenir? The Day Of The Jackal hangi platformda? \u0130\u015fte merak edilen sorular\u0131n cevaplar\u0131\u2026 <\/p>\n","protected":false},"author":16,"featured_media":121545,"comment_status":"closed","ping_status":"closed","sticky":false,"template":"","format":"standard","meta":{"rank_math_lock_modified_date":false,"footnotes":""},"categories":[602],"tags":[8133,8134],"class_list":["post-121541","post","type-post","status-publish","format-standard","has-post-thumbnail","hentry","category-diziler","tag-the-day-of-jackal-nereden-izlenir","tag-the-day-of-the-jackal-hangi-platformda"],"_links":{"self":[{"href":"https:\/\/www.tgrthaber.com\/mavikadin\/wp-json\/wp\/v2\/posts\/121541"}],"collection":[{"href":"https:\/\/www.tgrthaber.com\/mavikadin\/wp-json\/wp\/v2\/posts"}],"about":[{"href":"https:\/\/www.tgrthaber.com\/mavikadin\/wp-json\/wp\/v2\/types\/post"}],"author":[{"embeddable":true,"href":"https:\/\/www.tgrthaber.com\/mavikadin\/wp-json\/wp\/v2\/users\/16"}],"replies":[{"embeddable":true,"href":"https:\/\/www.tgrthaber.com\/mavikadin\/wp-json\/wp\/v2\/comments?post=121541"}],"version-history":[{"count":5,"href":"https:\/\/www.tgrthaber.com\/mavikadin\/wp-json\/wp\/v2\/posts\/121541\/revisions"}],"predecessor-version":[{"id":121709,"href":"https:\/\/www.tgrthaber.com\/mavikadin\/wp-json\/wp\/v2\/posts\/121541\/revisions\/121709"}],"wp:featuredmedia":[{"embeddable":true,"href":"https:\/\/www.tgrthaber.com\/mavikadin\/wp-json\/wp\/v2\/media\/121545"}],"wp:attachment":[{"href":"https:\/\/www.tgrthaber.com\/mavikadin\/wp-json\/wp\/v2\/media?parent=121541"}],"wp:term":[{"taxonomy":"category","embeddable":true,"href":"https:\/\/www.tgrthaber.com\/mavikadin\/wp-json\/wp\/v2\/categories?post=121541"},{"taxonomy":"post_tag","embeddable":true,"href":"https:\/\/www.tgrthaber.com\/mavikadin\/wp-json\/wp\/v2\/tags?post=121541"}],"curies":[{"name":"wp","href":"https:\/\/api.w.org\/{rel}","templated":true}]}}