{"id":121570,"date":"2025-01-14T22:41:55","date_gmt":"2025-01-14T19:41:55","guid":{"rendered":"https:\/\/www.tgrthaber.com\/mavikadin\/?p=121570"},"modified":"2025-01-14T22:41:55","modified_gmt":"2025-01-14T19:41:55","slug":"dehaya-bomba-transfer-emir-benderlioglu-kunduz-rolu-ile-geliyor","status":"publish","type":"post","link":"https:\/\/www.tgrthaber.com\/mavikadin\/dehaya-bomba-transfer-emir-benderlioglu-kunduz-rolu-ile-geliyor\/","title":{"rendered":"Deha&#8217;ya bomba transfer! Emir Benderlio\u011flu Kunduz rol\u00fc ile geliyor"},"content":{"rendered":"<p>Show TV\u2019nin pazar ak\u015famlar\u0131 izleyiciyle bulu\u015fan ve olduk\u00e7a y\u00fcksek izlenme oranlar\u0131na sahip olan \u201cDeha\u201d dizisinde Kuduz karakterini oynayacak isim netlik kazand\u0131. Diziye Emir Benderlio\u011flu, Kunduz karakteri ile geliyor.<\/p>\n<h3>DEHA&#8217;YA BOMBA TRANSFER<\/h3>\n<p>RT\u00dcK cezas\u0131 nedeniyle yay\u0131nlar\u0131na ara veren \u201cDeha\u201d dizisi, yine heyecan dolu bir b\u00f6l\u00fcmle izleyicilerin kar\u015f\u0131s\u0131na \u00e7\u0131kacak. Umut Aral ve \u00d6zlem G\u00fcnhan\u2019\u0131n y\u00f6netmenli\u011fini \u00fcstlendi\u011fi, Burak Kanbir\u2019in g\u00f6r\u00fcnt\u00fc y\u00f6netmenli\u011fini yapt\u0131\u011f\u0131 yap\u0131m\u0131n kadrosuna Burak Tamdo\u011fan, m\u00fcd\u00fcr karakteriyle kat\u0131l\u0131yor. Dizinin yeni s\u00fcrpriz karakteri Kuduz rol\u00fcn\u00fc \u00fcstlenecek isim de belli oldu.<\/p>\n<p><img loading=\"lazy\" decoding=\"async\" class=\"alignnone size-full wp-image-121571\" src=\"https:\/\/www.tgrthaber.com\/mavikadin\/wp-content\/uploads\/lv-Kurtarildiee.jpg\" alt=\"\" width=\"1208\" height=\"680\" title=\"\" srcset=\"https:\/\/www.tgrthaber.com\/mavikadin\/wp-content\/uploads\/lv-Kurtarildiee.jpg 1208w, https:\/\/www.tgrthaber.com\/mavikadin\/wp-content\/uploads\/lv-Kurtarildiee-300x169.jpg 300w, https:\/\/www.tgrthaber.com\/mavikadin\/wp-content\/uploads\/lv-Kurtarildiee-1024x576.jpg 1024w, https:\/\/www.tgrthaber.com\/mavikadin\/wp-content\/uploads\/lv-Kurtarildiee-768x432.jpg 768w\" sizes=\"(max-width: 1208px) 100vw, 1208px\" \/><\/p>\n<hr \/>\n<h3>EM\u0130R BENDERL\u0130O\u011eLU KUNDUZ ROL\u00dc \u0130LE GEL\u0130YOR<\/h3>\n<p>Ba\u015far\u0131l\u0131 oyuncu Emir Benderlio\u011flu, \u201cDeha\u201dda Kuduz karakteriyle ekran kar\u015f\u0131s\u0131na ge\u00e7ecek. Dizideki dengeyi sarsacak olan Kuduz, hik\u00e2yeye g\u00fc\u00e7l\u00fc bir ba\u015flang\u0131\u00e7 yapmaya haz\u0131rlan\u0131yor.<\/p>\n","protected":false},"excerpt":{"rendered":"<p>Ekranlar\u0131n en sevilen dizilerinden Deha&#8217;ya Emir Benderlio\u011flu geliyor. \u00dcnl\u00fc isim, dizide b\u00fct\u00fcn dengeleri bozacak bir rolle geliyor.<\/p>\n","protected":false},"author":2,"featured_media":121579,"comment_status":"closed","ping_status":"closed","sticky":false,"template":"","format":"standard","meta":{"rank_math_lock_modified_date":false,"footnotes":""},"categories":[602],"tags":[2791,3398,133,2218],"class_list":["post-121570","post","type-post","status-publish","format-standard","has-post-thumbnail","hentry","category-diziler","tag-deha-dizi","tag-deha-dizisi","tag-magazin","tag-magazin-haberleri"],"_links":{"self":[{"href":"https:\/\/www.tgrthaber.com\/mavikadin\/wp-json\/wp\/v2\/posts\/121570"}],"collection":[{"href":"https:\/\/www.tgrthaber.com\/mavikadin\/wp-json\/wp\/v2\/posts"}],"about":[{"href":"https:\/\/www.tgrthaber.com\/mavikadin\/wp-json\/wp\/v2\/types\/post"}],"author":[{"embeddable":true,"href":"https:\/\/www.tgrthaber.com\/mavikadin\/wp-json\/wp\/v2\/users\/2"}],"replies":[{"embeddable":true,"href":"https:\/\/www.tgrthaber.com\/mavikadin\/wp-json\/wp\/v2\/comments?post=121570"}],"version-history":[{"count":1,"href":"https:\/\/www.tgrthaber.com\/mavikadin\/wp-json\/wp\/v2\/posts\/121570\/revisions"}],"predecessor-version":[{"id":121580,"href":"https:\/\/www.tgrthaber.com\/mavikadin\/wp-json\/wp\/v2\/posts\/121570\/revisions\/121580"}],"wp:featuredmedia":[{"embeddable":true,"href":"https:\/\/www.tgrthaber.com\/mavikadin\/wp-json\/wp\/v2\/media\/121579"}],"wp:attachment":[{"href":"https:\/\/www.tgrthaber.com\/mavikadin\/wp-json\/wp\/v2\/media?parent=121570"}],"wp:term":[{"taxonomy":"category","embeddable":true,"href":"https:\/\/www.tgrthaber.com\/mavikadin\/wp-json\/wp\/v2\/categories?post=121570"},{"taxonomy":"post_tag","embeddable":true,"href":"https:\/\/www.tgrthaber.com\/mavikadin\/wp-json\/wp\/v2\/tags?post=121570"}],"curies":[{"name":"wp","href":"https:\/\/api.w.org\/{rel}","templated":true}]}}