{"id":121640,"date":"2025-01-15T01:58:10","date_gmt":"2025-01-14T22:58:10","guid":{"rendered":"https:\/\/www.tgrthaber.com\/mavikadin\/?p=121640"},"modified":"2025-01-15T01:58:49","modified_gmt":"2025-01-14T22:58:49","slug":"hazir-sut-bebeklere-ne-zaman-verilmeli-bebeklerde-pastorize-sut-inek-sutu-ve-keci-sutu-tuketimi","status":"publish","type":"post","link":"https:\/\/www.tgrthaber.com\/mavikadin\/hazir-sut-bebeklere-ne-zaman-verilmeli-bebeklerde-pastorize-sut-inek-sutu-ve-keci-sutu-tuketimi\/","title":{"rendered":"Haz\u0131r s\u00fct bebeklere ne zaman verilir? Bebeklerde past\u00f6rize s\u00fct, inek s\u00fct\u00fc ve ke\u00e7i s\u00fct\u00fc t\u00fcketimi&#8230;"},"content":{"rendered":"<p>Sa\u011fl\u0131kl\u0131 bir b\u00fcy\u00fcme ve geli\u015fme i\u00e7in bebek beslenmesinde olduk\u00e7a \u00f6nemli bir yeri olan s\u00fct t\u00fcketimi; ebeveynlerin \u00f6ncelikli olarak dikkat etmesi gereken bir konudur. Her ne kadar yeni do\u011fan d\u00f6nemi atlat\u0131lm\u0131\u015f olsa da hen\u00fcz tam anlam\u0131yla geli\u015fim g\u00f6steremeyen sindirim sistemleri nedeniyle birtak\u0131m alerjik reaksiyonlarla kar\u015f\u0131la\u015fmamak i\u00e7in do\u011fru ay ve ya\u015fta do\u011fru besinlerin t\u00fcketilmesi \u00f6nemlidir.<\/p>\n<p>Aksi takdirde erken ya\u015fta ba\u015flanan bir s\u00fct t\u00fcketimi bebeklerde birtak\u0131m rahats\u0131zl\u0131klara yol a\u00e7abilir. Ayr\u0131ca bu \u00f6nemli besin kaynaklar\u0131ndan birisi olan s\u00fct t\u00fcketimi konusunda aileler, bebek ya da \u00e7ocuklar\u0131na ne zaman hangi s\u00fct \u00e7e\u015fidini t\u00fcketmeleri gerekti\u011fini bilemeyebiliyor. Bizlerde bu konuda sizlere rehberlik etmek i\u00e7in bebeklerde s\u00fct t\u00fcketimi konusuna dair merak edilenleri ele ald\u0131k.<\/p>\n<p>Peki bebek ve \u00e7ocuklara s\u00fct ne zaman verilmeli, bebekler hangi ya\u015fta hangi s\u00fct \u00e7e\u015fitlerini tercih etmeli? Bebeklerde haz\u0131r s\u00fct (inek s\u00fct\u00fc, ke\u00e7i s\u00fct\u00fc, past\u00f6rize s\u00fct) t\u00fcketimi ile ilgili merak edilenler&#8230;<\/p>\n<h3>BEBEKLERE S\u00dcT NE ZAMAN VER\u0130L\u0130R?<\/h3>\n<p>Uzman \u00f6nerilerine g\u00f6re bebek beslenmesinde ilk alt\u0131 ayda anne s\u00fct\u00fc ile beslenmenin k\u0131ymeti paha bi\u00e7ilemezdir. Bebe\u011fin geli\u015fimi ve b\u00fcy\u00fcmesi i\u00e7in adeta bir velinimet olan anne s\u00fct\u00fc, imkanlar dahilinde ne kadar uzat\u0131labilirse o kadar uzat\u0131lmal\u0131d\u0131r.<\/p>\n<p><img loading=\"lazy\" decoding=\"async\" class=\"wp-image-121649\" src=\"https:\/\/www.tgrthaber.com\/mavikadin\/wp-content\/uploads\/shutterstock_1187290291-a8dd877d6ac248f68b13c42758dd693a.jpg\" alt=\"bebeklere haz\u0131r s\u00fct ne zaman verilir\" width=\"1208\" height=\"806\" title=\"\" srcset=\"https:\/\/www.tgrthaber.com\/mavikadin\/wp-content\/uploads\/shutterstock_1187290291-a8dd877d6ac248f68b13c42758dd693a.jpg 1500w, https:\/\/www.tgrthaber.com\/mavikadin\/wp-content\/uploads\/shutterstock_1187290291-a8dd877d6ac248f68b13c42758dd693a-300x200.jpg 300w, https:\/\/www.tgrthaber.com\/mavikadin\/wp-content\/uploads\/shutterstock_1187290291-a8dd877d6ac248f68b13c42758dd693a-1024x683.jpg 1024w, https:\/\/www.tgrthaber.com\/mavikadin\/wp-content\/uploads\/shutterstock_1187290291-a8dd877d6ac248f68b13c42758dd693a-768x513.jpg 768w\" sizes=\"(max-width: 1208px) 100vw, 1208px\" \/><\/p>\n<hr \/>\n<p>En fazla iki ya\u015fa kadar bebeklerin emzirilmesi ve anne s\u00fct\u00fc al\u0131n\u0131lmas\u0131n\u0131 savunan uzmanlar, bu iki ya\u015f aral\u0131\u011f\u0131ndan sonra zamanla anne s\u00fct\u00fc kalitesini yitirece\u011fi i\u00e7in ek g\u0131da tavsiyelerini \u00f6nermektedir.<\/p>\n<h3>BEBEKLERE PAST\u00d6R\u0130ZE S\u00dcT NE ZAMAN VER\u0130L\u0130R? KA\u00c7 AYLIK BEBEK PAST\u00d6R\u0130ZE S\u00dcT \u0130\u00c7EB\u0130L\u0130R?<\/h3>\n<p>1 ya\u015f d\u00f6neminden sonra bebeklere verilebilecek en sa\u011fl\u0131kl\u0131 s\u00fctlerden birisinin de kesinlikle past\u00f6rize edilmi\u015f olan s\u00fctler oldu\u011fu \u00f6ne s\u00fcr\u00fcl\u00fcyor. Sebebinin ise daha sa\u011fl\u0131kl\u0131 oldu\u011fu d\u00fc\u015f\u00fcn\u00fclerek al\u0131nan \u00e7i\u011f s\u00fctlerin kaynama s\u0131ras\u0131nda faydal\u0131 bile\u015fenlerini kaybetmesinden dolay\u0131 \u00e7i\u011f s\u00fcte g\u00f6re past\u00f6rize s\u00fct daha sa\u011fl\u0131kl\u0131 oluyor.<\/p>\n<p>Dolay\u0131s\u0131yla da 1 ya\u015f\u0131ndan sonra doktor onay\u0131 dahilinde bebekler past\u00f6rize s\u00fct i\u00e7ebilir.<\/p>\n<h3>BEBEKLERE KE\u00c7\u0130 S\u00dcT\u00dc NE ZAMAN VER\u0130L\u0130R? BEBEKLER KA\u00c7INCI AYDA KE\u00c7\u0130 S\u00dcT\u00dc \u0130\u00c7EB\u0130L\u0130R?<\/h3>\n<p>\u0130nek s\u00fct\u00fcne oranla daha bebeklerin daha kolay sindirebildikleri ke\u00e7i s\u00fct\u00fc, i\u00e7erisinde daha az miktarda laktoz bulundurdu\u011fundan alerji riskini de o oranla azalt\u0131yor. Dolay\u0131s\u0131yla inek s\u00fct\u00fcne g\u00f6re daha g\u00fcvenilir bir alternatif haline geliyor.<\/p>\n<p><img loading=\"lazy\" decoding=\"async\" class=\"wp-image-121650\" src=\"https:\/\/www.tgrthaber.com\/mavikadin\/wp-content\/uploads\/555-3.png\" alt=\"Bebekler i\u00e7in en faydal\u0131 s\u00fct hangisi?\" width=\"1208\" height=\"797\" title=\"\" srcset=\"https:\/\/www.tgrthaber.com\/mavikadin\/wp-content\/uploads\/555-3.png 1337w, https:\/\/www.tgrthaber.com\/mavikadin\/wp-content\/uploads\/555-3-300x198.png 300w, https:\/\/www.tgrthaber.com\/mavikadin\/wp-content\/uploads\/555-3-1024x676.png 1024w, https:\/\/www.tgrthaber.com\/mavikadin\/wp-content\/uploads\/555-3-768x507.png 768w\" sizes=\"(max-width: 1208px) 100vw, 1208px\" \/><\/p>\n<hr \/>\n<p>Ke\u00e7i s\u00fct\u00fcnden yap\u0131lan bir yo\u011furt, peynir gibi s\u00fct \u00fcr\u00fcnlerini bebeklerin sekiz ayl\u0131k d\u00f6nemlerinden sonra \u00fc\u00e7 g\u00fcn kural\u0131 ile denemesini ve devam\u0131nda ise alerjik reaksiyon g\u00f6sterip g\u00f6stermedi\u011fini tespit edebilirsiniz.<\/p>\n<p>\u00d6zetle ke\u00e7i s\u00fct\u00fcn\u00fc ya da yo\u011furdunu yakla\u015f\u0131k 8. aydan sonra bebe\u011finizde doktor onay\u0131 ile t\u00fcketebilirsiniz.<\/p>\n<h3>BEBEKLER HANG\u0130 YA\u015eTA HANG\u0130 S\u00dcTLER\u0130 \u0130\u00c7EB\u0130L\u0130R? YA\u015eLARA G\u00d6RE S\u00dcT T\u00dcKET\u0130M\u0130<\/h3>\n<p><strong>0-6 Ay aral\u0131\u011f\u0131nda bebeklerde s\u00fct t\u00fcketimi:<\/strong> Bu evrede bebe\u011fin beslenmesinde elbette ki anne s\u00fct\u00fc almas\u0131 ya da anne s\u00fct\u00fcn\u00fcn yetersiz kald\u0131\u011f\u0131 durumlarda doktorun tavsiye etti\u011fi \u00f6zel bebek form\u00fclleri haricinde bebeklere ba\u015fka s\u00fct i\u00e7irilmemelidir.<\/p>\n<p><strong>6-12 Ay aral\u0131\u011f\u0131nda bebeklerde s\u00fct t\u00fcketimi:<\/strong> Bebeklerin sindirim sistemi hen\u00fcz tam anlam\u0131yla inek s\u00fct\u00fcne elveri\u015fli olmad\u0131\u011f\u0131 i\u00e7in bu evrede de anne s\u00fct\u00fc ya da devam s\u00fct\u00fc tercih edilmelidir.<\/p>\n<p><img loading=\"lazy\" decoding=\"async\" class=\"wp-image-121651\" src=\"https:\/\/www.tgrthaber.com\/mavikadin\/wp-content\/uploads\/30.png\" alt=\"ya\u015flara g\u00f6re s\u00fct t\u00fcketimi\" width=\"1208\" height=\"680\" title=\"\" srcset=\"https:\/\/www.tgrthaber.com\/mavikadin\/wp-content\/uploads\/30.png 1243w, https:\/\/www.tgrthaber.com\/mavikadin\/wp-content\/uploads\/30-300x169.png 300w, https:\/\/www.tgrthaber.com\/mavikadin\/wp-content\/uploads\/30-1024x577.png 1024w, https:\/\/www.tgrthaber.com\/mavikadin\/wp-content\/uploads\/30-768x433.png 768w\" sizes=\"(max-width: 1208px) 100vw, 1208px\" \/><\/p>\n<hr \/>\n<p>\u0130nek s\u00fct\u00fc, sindirimi geli\u015fmeyen bebeklerin ba\u011f\u0131rsaklar\u0131nda tahri\u015fe ve alerjik sorunlara yol a\u00e7abilece\u011fi i\u00e7in tavsiye edilmez.<\/p>\n<p><strong>1 ya\u015f ve sonras\u0131 bebeklerde s\u00fct t\u00fcketimi:<\/strong> Ya\u015f\u0131n\u0131 doldurmu\u015f olan yani 12. aydan sonra bebeklerin sindirim sistemleri inek s\u00fct\u00fcn\u00fc sindirmeye kar\u015f\u0131 daha bir elveri\u015fli hale gelmi\u015ftir. Bu sebepten dolay\u0131, bebeklerde en sa\u011fl\u0131kl\u0131 se\u00e7enek olan tam ya\u011fl\u0131 past\u00f6rize inek s\u00fct\u00fc t\u00fcketimine ba\u015flanabilir.<\/p>\n<p>Siz ebeveyni olarak bebe\u011finizde g\u00fcnl\u00fck olarak 1-2 bardak (200-400 ml) kadar s\u00fct i\u00e7irebilirsiniz, fakat s\u00fct t\u00fcketimi bebe\u011fin di\u011fer g\u0131dalardan alaca\u011f\u0131 besin maddelerinin \u00f6n\u00fcne ge\u00e7meyecek miktar ve \u015fekilde d\u00fczenlenmelidir.<\/p>\n","protected":false},"excerpt":{"rendered":"<p>\u00d6zellikle de 1 ya\u015f sonras\u0131ndaki bebek ve \u00e7ocuklarda s\u00fct t\u00fcketimi, ebeveynler taraf\u0131ndan en \u00e7ok ara\u015ft\u0131r\u0131lan ve merak edilen bir konudur. Peki bebeklerde haz\u0131r s\u00fct t\u00fcketimine ne zaman ba\u015flanmal\u0131? Bebeklerde hangi s\u00fct ka\u00e7\u0131nc\u0131 aydan sonra i\u00e7ilmeli?<\/p>\n","protected":false},"author":27,"featured_media":121652,"comment_status":"closed","ping_status":"closed","sticky":false,"template":"","format":"standard","meta":{"rank_math_lock_modified_date":false,"footnotes":""},"categories":[111],"tags":[8151,8153,140,139,8152],"class_list":["post-121640","post","type-post","status-publish","format-standard","has-post-thumbnail","hentry","category-anne-cocuk","tag-bebeklerde-sut-tuketimi","tag-bebeklere-hazir-sut-ne-zaman-verilir","tag-inek-sutu","tag-keci-sutu","tag-pastorize-sut"],"_links":{"self":[{"href":"https:\/\/www.tgrthaber.com\/mavikadin\/wp-json\/wp\/v2\/posts\/121640"}],"collection":[{"href":"https:\/\/www.tgrthaber.com\/mavikadin\/wp-json\/wp\/v2\/posts"}],"about":[{"href":"https:\/\/www.tgrthaber.com\/mavikadin\/wp-json\/wp\/v2\/types\/post"}],"author":[{"embeddable":true,"href":"https:\/\/www.tgrthaber.com\/mavikadin\/wp-json\/wp\/v2\/users\/27"}],"replies":[{"embeddable":true,"href":"https:\/\/www.tgrthaber.com\/mavikadin\/wp-json\/wp\/v2\/comments?post=121640"}],"version-history":[{"count":4,"href":"https:\/\/www.tgrthaber.com\/mavikadin\/wp-json\/wp\/v2\/posts\/121640\/revisions"}],"predecessor-version":[{"id":121656,"href":"https:\/\/www.tgrthaber.com\/mavikadin\/wp-json\/wp\/v2\/posts\/121640\/revisions\/121656"}],"wp:featuredmedia":[{"embeddable":true,"href":"https:\/\/www.tgrthaber.com\/mavikadin\/wp-json\/wp\/v2\/media\/121652"}],"wp:attachment":[{"href":"https:\/\/www.tgrthaber.com\/mavikadin\/wp-json\/wp\/v2\/media?parent=121640"}],"wp:term":[{"taxonomy":"category","embeddable":true,"href":"https:\/\/www.tgrthaber.com\/mavikadin\/wp-json\/wp\/v2\/categories?post=121640"},{"taxonomy":"post_tag","embeddable":true,"href":"https:\/\/www.tgrthaber.com\/mavikadin\/wp-json\/wp\/v2\/tags?post=121640"}],"curies":[{"name":"wp","href":"https:\/\/api.w.org\/{rel}","templated":true}]}}