{"id":121711,"date":"2025-01-15T09:47:43","date_gmt":"2025-01-15T06:47:43","guid":{"rendered":"https:\/\/www.tgrthaber.com\/mavikadin\/?p=121711"},"modified":"2025-01-15T09:49:04","modified_gmt":"2025-01-15T06:49:04","slug":"hulya-avsar-ayse-barim-tekellesme-olaylarina-dahil-oldu-aciklamalari-pes-dedirtti","status":"publish","type":"post","link":"https:\/\/www.tgrthaber.com\/mavikadin\/hulya-avsar-ayse-barim-tekellesme-olaylarina-dahil-oldu-aciklamalari-pes-dedirtti\/","title":{"rendered":"H\u00fclya Av\u015far Ay\u015fe Bar\u0131m tekelle\u015fme olaylar\u0131na dahil oldu! A\u00e7\u0131klamalar\u0131 pes dedirtti"},"content":{"rendered":"<p>H\u00fclya Av\u015far Ay\u015fe Bar\u0131m ile ba\u015flayan oyunculuk ve menajerlik sekt\u00f6r\u00fcndeki tekelle\u015fme iddialar\u0131na \u00f6yle bir yorum yapt\u0131 ki herkes \u015fok oldu. Adeta tekelle\u015fmeyi savunan c\u00fcmleleriyle tepkilerin oda\u011f\u0131nda oldu. Ayn\u0131 zamanda g\u00fc\u00e7l\u00fc olan\u0131n g\u00fc\u00e7s\u00fcz\u00fc yiyece\u011fini s\u00f6yleyen H\u00fclya Av\u015far hakk\u0131 yenen insanlar\u0131n da bunu normal kar\u015f\u0131lamas\u0131 gerekti\u011fini s\u00f6yledi. Pes dedirten a\u00e7\u0131klamalar sonras\u0131 herkes sosyal medyadan H\u00fclya Av\u015far&#8217;a tepki g\u00f6sterdi.<\/p>\n<h3>H\u00dcLYA AV\u015eAR AY\u015eE BARIM OLAYINDAK\u0130 YORUMUYLA PES DED\u0130RTT\u0130<\/h3>\n<p>H\u00fclya Av\u015far herkesin tepkisini \u00e7eken bir a\u00e7\u0131klama yapt\u0131. Her c\u00fcmlesiyle adeta su\u00e7u \u00f6ven H\u00fclya Av\u015far pes dedirtti. Sekt\u00f6rde g\u00fc\u00e7l\u00fc olan\u0131n g\u00fc\u00e7s\u00fcz\u00fc yiyece\u011fini ve bu durumun \u00e7ok basit bir \u015fey oldu\u011funu s\u00f6yledi. Bu durumu b\u00fcy\u00fcten de hakk\u0131 yenen insanlar oldu\u011fu i\u00e7in ve gereksiz uzat\u0131ld\u0131\u011f\u0131n\u0131 s\u00f6yledi. Herkesin a\u011fz\u0131n\u0131 a\u00e7\u0131k b\u0131rakan ve s\u00f6yledikleri \u00e7ok etik gibi konu\u015fan H\u00fclya Av\u015far her meslekte bu olaylar\u0131n oldu\u011funu ve normal oldu\u011funu s\u00f6yledi.<\/p>\n<p><img loading=\"lazy\" decoding=\"async\" class=\"alignnone size-full wp-image-121729\" src=\"https:\/\/www.tgrthaber.com\/mavikadin\/wp-content\/uploads\/Ekran-goruntusu-2025-01-15-094350.png\" alt=\"\" width=\"1051\" height=\"672\" title=\"\" srcset=\"https:\/\/www.tgrthaber.com\/mavikadin\/wp-content\/uploads\/Ekran-goruntusu-2025-01-15-094350.png 1051w, https:\/\/www.tgrthaber.com\/mavikadin\/wp-content\/uploads\/Ekran-goruntusu-2025-01-15-094350-300x192.png 300w, https:\/\/www.tgrthaber.com\/mavikadin\/wp-content\/uploads\/Ekran-goruntusu-2025-01-15-094350-1024x655.png 1024w, https:\/\/www.tgrthaber.com\/mavikadin\/wp-content\/uploads\/Ekran-goruntusu-2025-01-15-094350-768x491.png 768w\" sizes=\"(max-width: 1051px) 100vw, 1051px\" \/><\/p>\n<hr \/>\n<p>H\u00fclya Av\u015far da bu tekelle\u015fme olaylar\u0131n\u0131n i\u00e7erisinde mi sorusunu da y\u00f6nelten sosyal medya kullan\u0131c\u0131lar\u0131 zaman\u0131nda H\u00fclya Av\u015far&#8217;\u0131n da bu sayede \u00fcnl\u00fc oldu\u011fu yorumlar\u0131n\u0131 yapt\u0131. Duyanlar\u0131n a\u011fz\u0131n\u0131 a\u00e7\u0131k b\u0131rakan ve etik kurallar\u0131n\u0131 hi\u00e7e sayan konu\u015fmas\u0131yla tepkileri \u00e7eken H\u00fclya Av\u015far&#8217;dan yeni bir a\u00e7\u0131klama gelmedi. H\u00fclya Av\u015far \u00e7ok konu\u015fulan ve tepki toplayan konu\u015fmas\u0131nda \u015f\u00f6yle s\u00f6yledi;<\/p>\n<p><img loading=\"lazy\" decoding=\"async\" class=\"alignnone size-full wp-image-121730\" src=\"https:\/\/www.tgrthaber.com\/mavikadin\/wp-content\/uploads\/Ekran-goruntusu-2025-01-15-094401.png\" alt=\"\" width=\"1076\" height=\"639\" title=\"\" srcset=\"https:\/\/www.tgrthaber.com\/mavikadin\/wp-content\/uploads\/Ekran-goruntusu-2025-01-15-094401.png 1076w, https:\/\/www.tgrthaber.com\/mavikadin\/wp-content\/uploads\/Ekran-goruntusu-2025-01-15-094401-300x178.png 300w, https:\/\/www.tgrthaber.com\/mavikadin\/wp-content\/uploads\/Ekran-goruntusu-2025-01-15-094401-1024x608.png 1024w, https:\/\/www.tgrthaber.com\/mavikadin\/wp-content\/uploads\/Ekran-goruntusu-2025-01-15-094401-768x456.png 768w\" sizes=\"(max-width: 1076px) 100vw, 1076px\" \/><\/p>\n<hr \/>\n<p>&#8216;Bu konuda hi\u00e7 \u00f6yle bir \u015fey ya\u015famad\u0131m ama, bana g\u00f6re \u00e7ok b\u00fcy\u00fct\u00fcyorlar olaylar\u0131. G\u00fc\u00e7l\u00fc olan g\u00fc\u00e7s\u00fcz olan\u0131 yiyecek, bu kadar basit. Can\u0131 yananlar\u0131n \u00e7ok fazla kendini ortaya atmalar\u0131ndan dolay\u0131 bu i\u015f bu kadar b\u00fcy\u00fcd\u00fc yani. Kimsenin can\u0131 yanmad\u0131ysa, kimsenin paras\u0131 \u00e7al\u0131nmad\u0131ysa hakk\u0131 yenmi\u015f olabilir her meslekte var bu, kimde yok ki&#8230; Her meslekte bir g\u00fc\u00e7l\u00fc insan vard\u0131r, o etraf\u0131nda her \u015feyini halleder g\u00fc\u00e7s\u00fczler yenilir. G\u00fc\u00e7l\u00fc olacaks\u0131n bu kadar. Ol karde\u015fim yani. &#8216; diye konu\u015ftu.<\/p>\n<p><img loading=\"lazy\" decoding=\"async\" class=\"alignnone size-full wp-image-121731\" src=\"https:\/\/www.tgrthaber.com\/mavikadin\/wp-content\/uploads\/Ekran-goruntusu-2025-01-15-094407.png\" alt=\"\" width=\"1050\" height=\"736\" title=\"\" srcset=\"https:\/\/www.tgrthaber.com\/mavikadin\/wp-content\/uploads\/Ekran-goruntusu-2025-01-15-094407.png 1050w, https:\/\/www.tgrthaber.com\/mavikadin\/wp-content\/uploads\/Ekran-goruntusu-2025-01-15-094407-300x210.png 300w, https:\/\/www.tgrthaber.com\/mavikadin\/wp-content\/uploads\/Ekran-goruntusu-2025-01-15-094407-1024x718.png 1024w, https:\/\/www.tgrthaber.com\/mavikadin\/wp-content\/uploads\/Ekran-goruntusu-2025-01-15-094407-768x538.png 768w\" sizes=\"(max-width: 1050px) 100vw, 1050px\" \/><\/p>\n<hr \/>\n<p>K\u0131sa s\u00fcrede sosyal medyada viral olan konu\u015fmada herkes H\u00fclya Av\u015far&#8217;a yorumlarda teki g\u00f6sterdi. Bu s\u00f6ylediklerini etki ihlali ve ahlaks\u0131zl\u0131k olarak nitelendiren kullan\u0131c\u0131lar b\u00fcy\u00fck \u00f6l\u00e7\u00fcde H\u00fclya Av\u015far&#8217;a tepki g\u00f6sterdi. Baz\u0131 sosyal medya kullan\u0131c\u0131lar\u0131 ise H\u00fclya Av\u015far&#8217;\u0131n da ba\u015fkalar\u0131n\u0131n hakk\u0131n\u0131 yedi\u011fini ve gereksiz yere \u00fcnl\u00fc oldu\u011fu yorumunu yazd\u0131.<\/p>\n<p><img loading=\"lazy\" decoding=\"async\" class=\"alignnone size-full wp-image-121732\" src=\"https:\/\/www.tgrthaber.com\/mavikadin\/wp-content\/uploads\/Ekran-goruntusu-2025-01-15-094415.png\" alt=\"\" width=\"1109\" height=\"684\" title=\"\" srcset=\"https:\/\/www.tgrthaber.com\/mavikadin\/wp-content\/uploads\/Ekran-goruntusu-2025-01-15-094415.png 1109w, https:\/\/www.tgrthaber.com\/mavikadin\/wp-content\/uploads\/Ekran-goruntusu-2025-01-15-094415-300x185.png 300w, https:\/\/www.tgrthaber.com\/mavikadin\/wp-content\/uploads\/Ekran-goruntusu-2025-01-15-094415-1024x632.png 1024w, https:\/\/www.tgrthaber.com\/mavikadin\/wp-content\/uploads\/Ekran-goruntusu-2025-01-15-094415-768x474.png 768w\" sizes=\"(max-width: 1109px) 100vw, 1109px\" \/><\/p>\n<hr \/>\n<p>Oyunculuk ve menajerlik sekt\u00f6r\u00fcndeki tekelle\u015fme iddialar\u0131 devam ederken Serenay Sar\u0131kaya ve Ay\u015fe Bar\u0131m&#8217;a tepkiler \u00e7\u0131\u011f gibi b\u00fcy\u00fcyor. Televizyon ve sinema d\u00fcnyas\u0131nda hep ayn\u0131 isimlerin farkl\u0131 projelerle ekrana gelmesi \u00fczerine tepkiler ba\u015flarken bir \u00a0iddia da Ay\u015fe Bar\u0131m&#8217;\u0131n para kar\u015f\u0131l\u0131\u011f\u0131nda baz\u0131 oyuncular\u0131n \u015fark\u0131c\u0131larla ili\u015fkisi varm\u0131\u015f gibi senaryo yazmas\u0131 da g\u00fcndeme bomba gibi d\u00fc\u015fm\u00fc\u015ft\u00fc. Hakk\u0131 yenen ve bilerek ekranlardan uzak tutulan oyuncular\u0131n tepkilerini payla\u015ft\u0131\u011f\u0131 g\u00fcnlerde H\u00fclya Av\u015far ise s\u00f6yledikleriyle daha fazla tepki \u00e7ekti. Etik olmayan ve\u00a0 meslek de\u011ferlerini yok eden konu\u015fmas\u0131n\u0131 savunan H\u00fclya Av\u015far herkese pes dedirtti.<\/p>\n","protected":false},"excerpt":{"rendered":"<p>H\u00fclya Av\u015far g\u00fcndemdeki tekelle\u015fme iddialar\u0131na ili\u015fkin \u00f6yle bir yorum yapt\u0131 ki herkesin tepkisini \u00e7ekti. Yorumunda b\u00fct\u00fcn etik olmayan davran\u0131\u015flar\u0131 \u00f6ven ve normal gibi g\u00f6steren H\u00fclya Av\u015far sekt\u00f6rdeki baz\u0131 ki\u015filerin hakk\u0131n\u0131n yenebilece\u011fini savundu. <\/p>\n","protected":false},"author":25,"featured_media":121733,"comment_status":"closed","ping_status":"closed","sticky":false,"template":"","format":"standard","meta":{"rank_math_lock_modified_date":false,"footnotes":""},"categories":[76],"tags":[7462,271,2688],"class_list":["post-121711","post","type-post","status-publish","format-standard","has-post-thumbnail","hentry","category-magazin","tag-ayse-barim","tag-hulya-avsar","tag-serenay-sarikaya"],"_links":{"self":[{"href":"https:\/\/www.tgrthaber.com\/mavikadin\/wp-json\/wp\/v2\/posts\/121711"}],"collection":[{"href":"https:\/\/www.tgrthaber.com\/mavikadin\/wp-json\/wp\/v2\/posts"}],"about":[{"href":"https:\/\/www.tgrthaber.com\/mavikadin\/wp-json\/wp\/v2\/types\/post"}],"author":[{"embeddable":true,"href":"https:\/\/www.tgrthaber.com\/mavikadin\/wp-json\/wp\/v2\/users\/25"}],"replies":[{"embeddable":true,"href":"https:\/\/www.tgrthaber.com\/mavikadin\/wp-json\/wp\/v2\/comments?post=121711"}],"version-history":[{"count":1,"href":"https:\/\/www.tgrthaber.com\/mavikadin\/wp-json\/wp\/v2\/posts\/121711\/revisions"}],"predecessor-version":[{"id":121734,"href":"https:\/\/www.tgrthaber.com\/mavikadin\/wp-json\/wp\/v2\/posts\/121711\/revisions\/121734"}],"wp:featuredmedia":[{"embeddable":true,"href":"https:\/\/www.tgrthaber.com\/mavikadin\/wp-json\/wp\/v2\/media\/121733"}],"wp:attachment":[{"href":"https:\/\/www.tgrthaber.com\/mavikadin\/wp-json\/wp\/v2\/media?parent=121711"}],"wp:term":[{"taxonomy":"category","embeddable":true,"href":"https:\/\/www.tgrthaber.com\/mavikadin\/wp-json\/wp\/v2\/categories?post=121711"},{"taxonomy":"post_tag","embeddable":true,"href":"https:\/\/www.tgrthaber.com\/mavikadin\/wp-json\/wp\/v2\/tags?post=121711"}],"curies":[{"name":"wp","href":"https:\/\/api.w.org\/{rel}","templated":true}]}}