{"id":121737,"date":"2025-01-15T10:24:47","date_gmt":"2025-01-15T07:24:47","guid":{"rendered":"https:\/\/www.tgrthaber.com\/mavikadin\/?p=121737"},"modified":"2025-01-15T10:25:21","modified_gmt":"2025-01-15T07:25:21","slug":"reza-zarrab-evleniyor-mu-iddialari-demet-akalinin-kafa-karistiran-paylasimi","status":"publish","type":"post","link":"https:\/\/www.tgrthaber.com\/mavikadin\/reza-zarrab-evleniyor-mu-iddialari-demet-akalinin-kafa-karistiran-paylasimi\/","title":{"rendered":"Reza Zarrab evleniyor mu iddialar\u0131! Demet Akal\u0131n&#8217;\u0131n kafa kar\u0131\u015ft\u0131ran payla\u015f\u0131m\u0131"},"content":{"rendered":"<p>Reza Zarrab evleniyor mu iddialar\u0131 yeniden g\u00fcndemde. Miami&#8217;de evlenece\u011fi s\u00f6ylenen i\u015f adam\u0131 Reza Zarrab&#8217;\u0131n d\u00fc\u011f\u00fcn\u00fcne Demet Akal\u0131n ve ailesi de kat\u0131lacak. Miami&#8217;den tatil foto\u011fraflar\u0131 payla\u015fan Demet Akal\u0131n Reza Zarrab&#8217;\u0131n d\u00fc\u011f\u00fcn\u00fc i\u00e7in Miami&#8217;ye gitti\u011fi s\u00f6yleniyor.<\/p>\n<h3>REZA ZARRAB M\u0130MAM\u0130&#8217;DE EVLEN\u0130YOR!<\/h3>\n<p>Bir d\u00f6nem Ebru G\u00fcnde\u015f ile evli olan ve 11 y\u0131ll\u0131k evlili\u011fini bitirdikten sonra bir\u00e7ok konuda yolsuzluk ve r\u00fc\u015fvet soru\u015fturmalar\u0131na ad\u0131 kar\u0131\u015fan Reza Zarrab Miami&#8217;de evleniyor. Dilara Alt\u0131ntop ile evlenece\u011fi s\u00f6ylenen i\u015f adam\u0131n\u0131n d\u00fc\u011f\u00fcn\u00fcne bir d\u00f6nem yine ad\u0131 yolsuzluk olaylar\u0131na kar\u0131\u015fan Okan Kurt ve e\u015fi Demet Akal\u0131n da kat\u0131l\u0131yor. Demet Akal\u0131n sosyal medya hesab\u0131ndan Miami foto\u011fraflar payla\u015f\u0131rken ikili en yak\u0131n arkada\u015flar\u0131 ve dostlar\u0131 olan Reza Zarrab&#8217;\u0131n d\u00fc\u011f\u00fcn\u00fcne kat\u0131lmak i\u00e7in Miami&#8217;ye gitti\u011fi s\u00f6yleniyor.<\/p>\n<p><img loading=\"lazy\" decoding=\"async\" class=\"alignnone size-full wp-image-121739\" src=\"https:\/\/www.tgrthaber.com\/mavikadin\/wp-content\/uploads\/mavikadin-4-6.jpg\" alt=\"\" width=\"1920\" height=\"1080\" title=\"\" srcset=\"https:\/\/www.tgrthaber.com\/mavikadin\/wp-content\/uploads\/mavikadin-4-6.jpg 1920w, https:\/\/www.tgrthaber.com\/mavikadin\/wp-content\/uploads\/mavikadin-4-6-300x169.jpg 300w, https:\/\/www.tgrthaber.com\/mavikadin\/wp-content\/uploads\/mavikadin-4-6-1024x576.jpg 1024w, https:\/\/www.tgrthaber.com\/mavikadin\/wp-content\/uploads\/mavikadin-4-6-768x432.jpg 768w, https:\/\/www.tgrthaber.com\/mavikadin\/wp-content\/uploads\/mavikadin-4-6-1536x864.jpg 1536w\" sizes=\"(max-width: 1920px) 100vw, 1920px\" \/><\/p>\n<hr \/>\n<p>2021 y\u0131l\u0131nda Ebru G\u00fcnde\u015f ile olan evlili\u011fini sonland\u0131ran i\u015f adam\u0131 Reza Zarrab yine evlilik haberiyle g\u00fcndeme geldi. Ge\u00e7ti\u011fimiz yaz aylar\u0131nda da Dilara Alt\u0131ntop ile evlilik haberleri \u00e7\u0131kan ve bunlar\u0131 yalanlayan i\u015f adam\u0131 Reza Zarrab bu kez hi\u00e7bir a\u00e7\u0131klama yapmad\u0131. Miami&#8217;de bulunan Dilara Alt\u0131ntop ile evlilik haz\u0131rl\u0131\u011f\u0131 yapan Reza Zarrab&#8217;\u0131 yak\u0131n arkada\u015flar\u0131 da yaln\u0131z b\u0131rakmad\u0131. Reza Zarrab hukuk alan\u0131nda y\u00f6netici asistan\u0131 olan sevgilisi Dilara Alt\u0131ntop ile nikah masas\u0131na oturacak.<\/p>\n<p><img loading=\"lazy\" decoding=\"async\" class=\"alignnone size-full wp-image-121740\" src=\"https:\/\/www.tgrthaber.com\/mavikadin\/wp-content\/uploads\/mavikadin-3-5.jpg\" alt=\"\" width=\"1920\" height=\"1080\" title=\"\" srcset=\"https:\/\/www.tgrthaber.com\/mavikadin\/wp-content\/uploads\/mavikadin-3-5.jpg 1920w, https:\/\/www.tgrthaber.com\/mavikadin\/wp-content\/uploads\/mavikadin-3-5-300x169.jpg 300w, https:\/\/www.tgrthaber.com\/mavikadin\/wp-content\/uploads\/mavikadin-3-5-1024x576.jpg 1024w, https:\/\/www.tgrthaber.com\/mavikadin\/wp-content\/uploads\/mavikadin-3-5-768x432.jpg 768w, https:\/\/www.tgrthaber.com\/mavikadin\/wp-content\/uploads\/mavikadin-3-5-1536x864.jpg 1536w\" sizes=\"(max-width: 1920px) 100vw, 1920px\" \/><\/p>\n<hr \/>\n<p>Reza Zarrab&#8217;\u0131n d\u00fc\u011f\u00fcn\u00fcne kat\u0131lacak isimler aras\u0131nda yak\u0131n arkada\u015flar\u0131ndan Okan Kurt ve Demet Akal\u0131n ve Derya Tuna kat\u0131laca\u011f\u0131 s\u00f6yleniyor. \u0130brahim Tatl\u0131ses&#8217;in eski e\u015fi olan Derya Tuna da Miami yolcusu oldu.<\/p>\n<p>Reza Zarrab aylar \u00f6nce hakk\u0131nda \u00e7\u0131kan evlilik haberlerine ise &#8216;Her yaz\u0131lana inanmay\u0131n. Her s\u00f6ylenen lafa kanmay\u0131n&#8217; a\u00e7\u0131klamas\u0131nda bulunmu\u015ftu. A\u00e7\u0131klamas\u0131nda ise \u015f\u00f6yle devam etmi\u015fti; &#8220;Ben s\u0131k\u0131ld\u0131m, onlar s\u0131k\u0131lmad\u0131. Tek foto\u011fraf, iki arkas\u0131 d\u00f6n\u00fck insan&#8230; Gerisini siz tamamlay\u0131n. Ama\u00e7lar\u0131 \u015fu: Ebru han\u0131m biriyle evlenince hemen ben de misilleme yapaca\u011f\u0131m alg\u0131s\u0131 yaratmak. Bu kadar basit!\u201d<\/p>\n<p><img loading=\"lazy\" decoding=\"async\" class=\"alignnone size-full wp-image-121741\" src=\"https:\/\/www.tgrthaber.com\/mavikadin\/wp-content\/uploads\/Ekran-goruntusu-2025-01-15-101848.png\" alt=\"\" width=\"1231\" height=\"686\" title=\"\" srcset=\"https:\/\/www.tgrthaber.com\/mavikadin\/wp-content\/uploads\/Ekran-goruntusu-2025-01-15-101848.png 1231w, https:\/\/www.tgrthaber.com\/mavikadin\/wp-content\/uploads\/Ekran-goruntusu-2025-01-15-101848-300x167.png 300w, https:\/\/www.tgrthaber.com\/mavikadin\/wp-content\/uploads\/Ekran-goruntusu-2025-01-15-101848-1024x571.png 1024w, https:\/\/www.tgrthaber.com\/mavikadin\/wp-content\/uploads\/Ekran-goruntusu-2025-01-15-101848-768x428.png 768w\" sizes=\"(max-width: 1231px) 100vw, 1231px\" \/><\/p>\n<hr \/>\n<p>Ancak \u015fimdi sessizli\u011fini koruyan Reza Zarrab bu s\u00f6ylentileri do\u011frular nitelikte. Demet Akal\u0131n&#8217;\u0131n da e\u015fiyle beraber Miami3ye gitmesi de b\u00fct\u00fcn s\u00f6ylentileri do\u011fruluyor. Bir d\u00f6nem Ebru G\u00fcnde\u015f&#8217;in en yak\u0131n arkada\u015f\u0131 olan Demet Akal\u0131n arkada\u015f\u0131n\u0131n eski e\u015finin d\u00fc\u011f\u00fcn\u00fcne kat\u0131lmak \u00fczere Miami2de bulunuyor. Herkesi \u015fa\u015f\u0131rtan ve \u015fok eden olaylar nas\u0131l devam edecek merak konusu.<\/p>\n","protected":false},"excerpt":{"rendered":"<p>Bir d\u00f6nem ad\u0131 yolsuzluk ve r\u00fc\u015fvet soru\u015fturmalar\u0131na kar\u0131\u015fan Reza Zarrab Miami&#8217;de evleniyor. D\u00fc\u011f\u00fcn\u00fcne ise en yak\u0131n arkada\u015flar\u0131 Okan Kurt ve Demet Akal\u0131n kat\u0131lacak. S\u00f6ylentileri do\u011frulayan payla\u015f\u0131mlar ise Demet Akal\u0131n&#8217;\u0131n sosyal medya hesab\u0131ndan geldi. <\/p>\n","protected":false},"author":25,"featured_media":121742,"comment_status":"closed","ping_status":"closed","sticky":false,"template":"","format":"standard","meta":{"rank_math_lock_modified_date":false,"footnotes":""},"categories":[76],"tags":[130,8074,7038,8073],"class_list":["post-121737","post","type-post","status-publish","format-standard","has-post-thumbnail","hentry","category-magazin","tag-demet-akalin","tag-dilara-altintop","tag-okan-kurt","tag-reza-zarrab"],"_links":{"self":[{"href":"https:\/\/www.tgrthaber.com\/mavikadin\/wp-json\/wp\/v2\/posts\/121737"}],"collection":[{"href":"https:\/\/www.tgrthaber.com\/mavikadin\/wp-json\/wp\/v2\/posts"}],"about":[{"href":"https:\/\/www.tgrthaber.com\/mavikadin\/wp-json\/wp\/v2\/types\/post"}],"author":[{"embeddable":true,"href":"https:\/\/www.tgrthaber.com\/mavikadin\/wp-json\/wp\/v2\/users\/25"}],"replies":[{"embeddable":true,"href":"https:\/\/www.tgrthaber.com\/mavikadin\/wp-json\/wp\/v2\/comments?post=121737"}],"version-history":[{"count":1,"href":"https:\/\/www.tgrthaber.com\/mavikadin\/wp-json\/wp\/v2\/posts\/121737\/revisions"}],"predecessor-version":[{"id":121744,"href":"https:\/\/www.tgrthaber.com\/mavikadin\/wp-json\/wp\/v2\/posts\/121737\/revisions\/121744"}],"wp:featuredmedia":[{"embeddable":true,"href":"https:\/\/www.tgrthaber.com\/mavikadin\/wp-json\/wp\/v2\/media\/121742"}],"wp:attachment":[{"href":"https:\/\/www.tgrthaber.com\/mavikadin\/wp-json\/wp\/v2\/media?parent=121737"}],"wp:term":[{"taxonomy":"category","embeddable":true,"href":"https:\/\/www.tgrthaber.com\/mavikadin\/wp-json\/wp\/v2\/categories?post=121737"},{"taxonomy":"post_tag","embeddable":true,"href":"https:\/\/www.tgrthaber.com\/mavikadin\/wp-json\/wp\/v2\/tags?post=121737"}],"curies":[{"name":"wp","href":"https:\/\/api.w.org\/{rel}","templated":true}]}}