{"id":121754,"date":"2025-01-15T12:11:47","date_gmt":"2025-01-15T09:11:47","guid":{"rendered":"https:\/\/www.tgrthaber.com\/mavikadin\/?p=121754"},"modified":"2025-01-15T12:12:28","modified_gmt":"2025-01-15T09:12:28","slug":"kismetse-olur-semih-kiminle-evlendi-semih-kurtulmus-kac-yasinda","status":"publish","type":"post","link":"https:\/\/www.tgrthaber.com\/mavikadin\/kismetse-olur-semih-kiminle-evlendi-semih-kurtulmus-kac-yasinda\/","title":{"rendered":"K\u0131smetse Olur Semih kiminle evlendi? Semih Kurtulmu\u015f ka\u00e7 ya\u015f\u0131nda?"},"content":{"rendered":"<p>K\u0131smetse Olur program\u0131yla tan\u0131nan Semih Kurtulmu\u015f yeniden g\u00fcndem oldu. Bo\u015fand\u0131\u011f\u0131 y\u00f6n\u00fcnde haberler \u00e7\u0131kan Semih Kurtulmu\u015f kiminle evlendi, ka\u00e7 ya\u015f\u0131nda ve kariyeri nedir merak ediliyordu. \u0130\u015fte K\u0131smetse Olur program\u0131n\u0131n Semih Kurtulmu\u015f&#8217;una dair her \u015fey.<\/p>\n<h3>KISMETSE OLUR SEM\u0130H K\u0130M\u0130NLE EVL\u0130?<\/h3>\n<p>K\u0131smetse Olur program\u0131 ile ad\u0131n\u0131 duyuran ve program\u0131n en yak\u0131\u015f\u0131kl\u0131 isimlerinden oldu\u011fu d\u00fc\u015f\u00fcn\u00fclen Semih Kurtulmu\u015f \u015fimdilerde evlilik ya\u015fant\u0131s\u0131nda sorunlar ya\u015f\u0131yor. Bo\u015fanma haberleriyle g\u00fcndeme gelen Semih Kurtulmu\u015f bir d\u00f6nemin en \u00e7ok izlenen programlar\u0131ndan biri olan K\u0131smetse Olur ile ad\u0131n\u0131 duyurmu\u015ftu. Programda yer alan Hazal ile a\u015fk ya\u015fayan ve sevilen \u00e7iftlerden biri olan Semih daha sonra kendine farkl\u0131 bir yol \u00e7izdi ve 2019 y\u0131l\u0131nda Gizem K\u0131van\u00e7 ile nikah masas\u0131na oturdu. Semih d\u00fc\u011f\u00fcne dair mutlu foto\u011fraflar\u0131n\u0131 da takip\u00e7ileriyle payla\u015fmaktan geri durmam\u0131\u015ft\u0131. Ancak b\u00fcy\u00fck a\u015fk bitti. Sadece 5 y\u0131l dayand\u0131 ve \u015fimdi Semih Kurtulmu\u015f&#8217;un bo\u015fanma haberleri g\u00fcndeme bomba gibi d\u00fc\u015ft\u00fc.<\/p>\n<p><img loading=\"lazy\" decoding=\"async\" class=\"alignnone size-full wp-image-121775\" src=\"https:\/\/www.tgrthaber.com\/mavikadin\/wp-content\/uploads\/mavikadin-6-5.jpg\" alt=\"\" width=\"1920\" height=\"1080\" title=\"\" srcset=\"https:\/\/www.tgrthaber.com\/mavikadin\/wp-content\/uploads\/mavikadin-6-5.jpg 1920w, https:\/\/www.tgrthaber.com\/mavikadin\/wp-content\/uploads\/mavikadin-6-5-300x169.jpg 300w, https:\/\/www.tgrthaber.com\/mavikadin\/wp-content\/uploads\/mavikadin-6-5-1024x576.jpg 1024w, https:\/\/www.tgrthaber.com\/mavikadin\/wp-content\/uploads\/mavikadin-6-5-768x432.jpg 768w, https:\/\/www.tgrthaber.com\/mavikadin\/wp-content\/uploads\/mavikadin-6-5-1536x864.jpg 1536w\" sizes=\"(max-width: 1920px) 100vw, 1920px\" \/><\/p>\n<hr \/>\n<p>Gizem K\u0131van\u00e7 bir story payla\u015ft\u0131 ve e\u015fi Semih Kurtulmu\u015f ile yollar\u0131n\u0131 ay\u0131rd\u0131\u011f\u0131n\u0131 s\u00f6yledi. &#8216;Art\u0131k ay\u0131n a\u00e7\u0131dan bakam\u0131yoruz&#8217; diyen Gizem K\u0131van\u00e7 a\u00e7\u0131klamalar\u0131 da bir hayli \u00e7ok konu\u015fuldu. 2019 y\u0131l\u0131nda d\u00fcnya evine giren \u00e7ift zamanla sosyal medya i\u00e7erikleri \u00fcretmeye ve daha fazla tan\u0131nmaya ba\u015flad\u0131lar. Bir \u00e7ocuklar\u0131 olan \u00e7ift uzun y\u0131llard\u0131r evlili\u011fini mutlulukla s\u00fcrd\u00fcr\u00fcyordu. Ala ad\u0131nda bir k\u0131z \u00e7ocuklar\u0131 olan \u00e7ift art\u0131k anla\u015famad\u0131\u011f\u0131 i\u00e7in bo\u015fanma karar\u0131 ald\u0131. Hala Kurtulmu\u015f soy ismini kullanan Gizem K\u0131van\u00e7 sosyal medyada e\u015fiyle olan t\u00fcm foto\u011fraflar\u0131n\u0131 kald\u0131r\u0131p birbirlerini takipten de \u00e7\u0131kt\u0131lar. Sadece ortak noktalar\u0131 olarak k\u0131zlar\u0131 Ala kald\u0131.<\/p>\n<p><img loading=\"lazy\" decoding=\"async\" class=\"alignnone size-full wp-image-121776\" src=\"https:\/\/www.tgrthaber.com\/mavikadin\/wp-content\/uploads\/mavikadin-7-6.jpg\" alt=\"\" width=\"1920\" height=\"1080\" title=\"\" srcset=\"https:\/\/www.tgrthaber.com\/mavikadin\/wp-content\/uploads\/mavikadin-7-6.jpg 1920w, https:\/\/www.tgrthaber.com\/mavikadin\/wp-content\/uploads\/mavikadin-7-6-300x169.jpg 300w, https:\/\/www.tgrthaber.com\/mavikadin\/wp-content\/uploads\/mavikadin-7-6-1024x576.jpg 1024w, https:\/\/www.tgrthaber.com\/mavikadin\/wp-content\/uploads\/mavikadin-7-6-768x432.jpg 768w, https:\/\/www.tgrthaber.com\/mavikadin\/wp-content\/uploads\/mavikadin-7-6-1536x864.jpg 1536w\" sizes=\"(max-width: 1920px) 100vw, 1920px\" \/><\/p>\n<hr \/>\n<p>Takip\u00e7ilerinin &#8216;Bo\u015fan\u0131yor musunuz?&#8217; sorusuna a\u00e7\u0131klama yapan Gizem K\u0131van\u00e7 iddialara da yan\u0131t verdi. &#8220;Tahminleriniz do\u011fru bir s\u00fcre\u00e7 ge\u00e7iriyoruz. Kolay olmayan bir s\u00fcre\u00e7.&#8221; yazd\u0131 ve payla\u015ft\u0131. K\u0131sa s\u00fcrede yeniden g\u00fcndem olan \u00e7ift a\u015fklar\u0131 ve mutluluklar\u0131yla an\u0131l\u0131rken ne yaz\u0131k ki bu y\u0131l i\u00e7erisinde a\u015fk\u0131 biten \u00fcnl\u00fclerden oldu. Semih Kurtulmu\u015f ise hi\u00e7bir a\u00e7\u0131klama yapmadan normal ya\u015fant\u0131s\u0131na devam etti. Ayn\u0131 zamanda bir erkek giyim koleksiyonu markas\u0131 olan Semih Kurtulmu\u015f i\u015f ya\u015fant\u0131s\u0131na sessizce deva metti.<\/p>\n<h3>SEM\u0130H KURTULMU\u015e KA\u00c7 YA\u015eINDA?<\/h3>\n<p>Semih Kurtulmu\u015f 1992 do\u011fumlu ve kendine ait bir erkek giyim koleksiyon markas\u0131 bulunuyor. \u00c7orlu&#8217;da do\u011fan Semih Kurtulmu\u015f lise mezunu ayn\u0131 zamanda erkek giyim firmas\u0131 da \u00c7orlu&#8217;da bulunuyor. 1.88 boyunda ve Bal\u0131k burcu olan Semih Kurtulmu\u015f kendini K\u0131smetse Olur program\u0131 ile tan\u0131tt\u0131. Daha sonra sosyal medyadan payla\u015f\u0131mlara devam eden ve kendi markas\u0131n\u0131 kuran Semih \u015fimdilerde ise bo\u015fanma haberleriyle g\u00fcndemde.<\/p>\n","protected":false},"excerpt":{"rendered":"<p>Semih Kurtulmu\u015f e\u015fi Gizem&#8217;den bo\u015fan\u0131yor. Uzun zamand\u0131r sessizli\u011fini koruyan \u00e7ift art\u0131k bo\u015fanma karar\u0131n\u0131 a\u00e7\u0131klad\u0131lar. <\/p>\n","protected":false},"author":25,"featured_media":121777,"comment_status":"closed","ping_status":"closed","sticky":false,"template":"","format":"standard","meta":{"rank_math_lock_modified_date":false,"footnotes":""},"categories":[76],"tags":[8171,8047],"class_list":["post-121754","post","type-post","status-publish","format-standard","has-post-thumbnail","hentry","category-magazin","tag-gizem-kivanc","tag-semih-kurtulmus"],"_links":{"self":[{"href":"https:\/\/www.tgrthaber.com\/mavikadin\/wp-json\/wp\/v2\/posts\/121754"}],"collection":[{"href":"https:\/\/www.tgrthaber.com\/mavikadin\/wp-json\/wp\/v2\/posts"}],"about":[{"href":"https:\/\/www.tgrthaber.com\/mavikadin\/wp-json\/wp\/v2\/types\/post"}],"author":[{"embeddable":true,"href":"https:\/\/www.tgrthaber.com\/mavikadin\/wp-json\/wp\/v2\/users\/25"}],"replies":[{"embeddable":true,"href":"https:\/\/www.tgrthaber.com\/mavikadin\/wp-json\/wp\/v2\/comments?post=121754"}],"version-history":[{"count":1,"href":"https:\/\/www.tgrthaber.com\/mavikadin\/wp-json\/wp\/v2\/posts\/121754\/revisions"}],"predecessor-version":[{"id":121778,"href":"https:\/\/www.tgrthaber.com\/mavikadin\/wp-json\/wp\/v2\/posts\/121754\/revisions\/121778"}],"wp:featuredmedia":[{"embeddable":true,"href":"https:\/\/www.tgrthaber.com\/mavikadin\/wp-json\/wp\/v2\/media\/121777"}],"wp:attachment":[{"href":"https:\/\/www.tgrthaber.com\/mavikadin\/wp-json\/wp\/v2\/media?parent=121754"}],"wp:term":[{"taxonomy":"category","embeddable":true,"href":"https:\/\/www.tgrthaber.com\/mavikadin\/wp-json\/wp\/v2\/categories?post=121754"},{"taxonomy":"post_tag","embeddable":true,"href":"https:\/\/www.tgrthaber.com\/mavikadin\/wp-json\/wp\/v2\/tags?post=121754"}],"curies":[{"name":"wp","href":"https:\/\/api.w.org\/{rel}","templated":true}]}}