{"id":121794,"date":"2025-01-15T12:36:03","date_gmt":"2025-01-15T09:36:03","guid":{"rendered":"https:\/\/www.tgrthaber.com\/mavikadin\/?p=121794"},"modified":"2025-01-15T12:51:15","modified_gmt":"2025-01-15T09:51:15","slug":"reza-zarrab-kimdir-kiminle-evlendigi-merak-ediliyor","status":"publish","type":"post","link":"https:\/\/www.tgrthaber.com\/mavikadin\/reza-zarrab-kimdir-kiminle-evlendigi-merak-ediliyor\/","title":{"rendered":"Reza Zarrab kimdir? Kiminle evlendi\u011fi merak ediliyor"},"content":{"rendered":"<p>Reza Zarrab kimdir? Kiminle evlendi\u011fi merak ediliyor. Ebru G\u00fcnde\u015f ile 2010 y\u0131l\u0131nda yapt\u0131\u011f\u0131 evlilikle tan\u0131nan Zarrap\u2019\u0131n Bursal\u0131 Dilara Alt\u0131ntop ile evlendi\u011fi \u00f6ne s\u00fcr\u00fcl\u00fcyor.<\/p>\n<h3>REZA ZARRAB K\u0130MD\u0130R?<\/h3>\n<p>Reza Zarrab 12 Eyl\u00fcl 1983\u2019te Tebriz\u2019de d\u00fcnyaya geldi. T\u00fcrkiye\u2019de ya\u015fad\u0131\u011f\u0131 d\u00f6nemde ad\u0131n\u0131 R\u0131za Sarraf olarak T\u00fcrk\u00e7ele\u015ftiren Zarrap Ebru G\u00fcnde\u015f ile yapt\u0131\u011f\u0131 evlilikle g\u00fcndem olmu\u015ftu.<\/p>\n<p>Dubai\u2019de 1996\u2019da kurulan Nafees Exchange ve Al Salam Center Exchange firmalar\u0131yla finans ve para piyasalar\u0131nda faaliyet g\u00f6sterdi. T\u00fcrkiye\u2019de ya\u015farken \u015fark\u0131 s\u00f6z\u00fc yazarl\u0131\u011f\u0131 da yapan Reza Zarrab Azerbaycanl\u0131 sevgilisi G\u00fcnel Zeynalova i\u00e7in kara sevda \u015fark\u0131lar\u0131 yazarak ad\u0131n\u0131 duyurdu. 2008 y\u0131l\u0131nda T\u00fcrkiye\u2019deki faaliyetlerine kurdu\u011fu Royal Denizcilik A.\u015e firmas\u0131 ile ba\u015flad\u0131.<\/p>\n<p><img loading=\"lazy\" decoding=\"async\" class=\"alignnone wp-image-121802\" src=\"https:\/\/www.tgrthaber.com\/mavikadin\/wp-content\/uploads\/Reza-4_restored.jpeg\" alt=\"\" width=\"1208\" height=\"679\" title=\"\" srcset=\"https:\/\/www.tgrthaber.com\/mavikadin\/wp-content\/uploads\/Reza-4_restored.jpeg 2000w, https:\/\/www.tgrthaber.com\/mavikadin\/wp-content\/uploads\/Reza-4_restored-300x169.jpeg 300w, https:\/\/www.tgrthaber.com\/mavikadin\/wp-content\/uploads\/Reza-4_restored-1024x575.jpeg 1024w, https:\/\/www.tgrthaber.com\/mavikadin\/wp-content\/uploads\/Reza-4_restored-768x432.jpeg 768w, https:\/\/www.tgrthaber.com\/mavikadin\/wp-content\/uploads\/Reza-4_restored-1536x863.jpeg 1536w\" sizes=\"(max-width: 1208px) 100vw, 1208px\" \/><\/p>\n<hr \/>\n<p>Daha sonra demir \u00e7elik ve in\u015faat sekt\u00f6r\u00fcnde yat\u0131r\u0131mlar yapan Reza Zarrab, 2010 y\u0131l\u0131nda karde\u015fi Mohammed Zarrab (Can Sarraf) ile Royal Holding\u2019i kurdu.<br \/>\nM\u00fczi\u011fe olan ilgisi sayesinde Ebru G\u00fcnde\u015f ile 2010 y\u0131l\u0131nda evlenerek herkesi \u015fa\u015f\u0131rtt\u0131. \u0130kilinin bu evlilikten Alara ad\u0131nda k\u0131zlar\u0131 oldu.<\/p>\n<p>Royal Holding&#8217;in alt firmas\u0131 olan Durak D\u00f6viz b\u00fcrosunun sahibi Zarrab \u015fof\u00f6r\u00fc ve yard\u0131mc\u0131s\u0131 Turgut Happani&#8217;nin Atat\u00fcrk Havaliman\u0131\u2019nda ka\u00e7ak\u00e7\u0131l\u0131k su\u00e7lamas\u0131ndan g\u00f6zalt\u0131na al\u0131nd\u0131ktan sonra Safir Alt\u0131n Ticaret Limited adl\u0131 firmay\u0131 kurarak alt\u0131n piyasas\u0131ndaki faaliyetlerini devam ettirdi.<\/p>\n<p>Zarrab, ihracattaki \u00fcst\u00fcn performans\u0131 nedeniyle 2016\u2019da \u00f6d\u00fcle lay\u0131k g\u00f6r\u00fcld\u00fc. \u00d6d\u00fcl\u00fcn\u00fc d\u00f6nemin Ba\u015fbakan Yard\u0131mc\u0131s\u0131 Numan Kurtulmu\u015f ve Ekonomi Bakan\u0131 Nihat Zeybekci&#8217;nin elinden ald\u0131.<\/p>\n<p><img loading=\"lazy\" decoding=\"async\" class=\"alignnone wp-image-121803\" src=\"https:\/\/www.tgrthaber.com\/mavikadin\/wp-content\/uploads\/Reza-3_restored.jpeg\" alt=\"\" width=\"1208\" height=\"679\" title=\"\" srcset=\"https:\/\/www.tgrthaber.com\/mavikadin\/wp-content\/uploads\/Reza-3_restored.jpeg 2000w, https:\/\/www.tgrthaber.com\/mavikadin\/wp-content\/uploads\/Reza-3_restored-300x169.jpeg 300w, https:\/\/www.tgrthaber.com\/mavikadin\/wp-content\/uploads\/Reza-3_restored-1024x575.jpeg 1024w, https:\/\/www.tgrthaber.com\/mavikadin\/wp-content\/uploads\/Reza-3_restored-768x432.jpeg 768w, https:\/\/www.tgrthaber.com\/mavikadin\/wp-content\/uploads\/Reza-3_restored-1536x863.jpeg 1536w\" sizes=\"(max-width: 1208px) 100vw, 1208px\" \/><\/p>\n<hr \/>\n<p>Vatanda\u015fl\u0131k dosyas\u0131 haz\u0131rlanarak Bakanlar Kurulu karar\u0131yla babas\u0131 Hossein (H\u00fcseyin), a\u011fabeyi Mohammad Zarrab (Can Sarraf) &#8220;istisnai ki\u015filer&#8221; s\u0131n\u0131f\u0131ndan faydalanarak May\u0131s-Kas\u0131m 2013 T\u00fcrk vatanda\u015f\u0131 oldu.<\/p>\n<p>Reza Zarrab, uluslararas\u0131 para ve alt\u0131n takas\u00e7\u0131l\u0131\u011f\u0131 ile ilgili haberler y\u00fcz\u00fcnden g\u00fcndemden d\u00fc\u015fmedi.<\/p>\n<h3>REZA ZARRAB SORU\u015eTURMASI<\/h3>\n<p>R\u0131za Sarraf 17 Aral\u0131k 2013\u2019te g\u00f6zalt\u0131na al\u0131nd\u0131. 21 Aral\u0131k tarihinde tutukland\u0131. 28 \u015eubat 2014\u2019te ise tahliye edildi.<\/p>\n<p>Amerika Birle\u015fik Devletleri&#8217;nin Miami kentinde 19 Mart 2016&#8217;da banka doland\u0131r\u0131c\u0131l\u0131\u011f\u0131 ve kara para aklaman\u0131n yan\u0131 s\u0131ra ABD&#8217;nin \u0130ran&#8217;a y\u00f6nelik ambargosunu delmek su\u00e7lamalar\u0131 ile g\u00f6z alt\u0131na al\u0131nm\u0131\u015f ve mahkeme karar\u0131yla 75 y\u0131la kadar hapis istemiyle tutukland\u0131.<\/p>\n<p><img loading=\"lazy\" decoding=\"async\" class=\"alignnone wp-image-121805\" src=\"https:\/\/www.tgrthaber.com\/mavikadin\/wp-content\/uploads\/Reza-5_restored.jpeg\" alt=\"\" width=\"1208\" height=\"679\" title=\"\" srcset=\"https:\/\/www.tgrthaber.com\/mavikadin\/wp-content\/uploads\/Reza-5_restored.jpeg 2000w, https:\/\/www.tgrthaber.com\/mavikadin\/wp-content\/uploads\/Reza-5_restored-300x169.jpeg 300w, https:\/\/www.tgrthaber.com\/mavikadin\/wp-content\/uploads\/Reza-5_restored-1024x575.jpeg 1024w, https:\/\/www.tgrthaber.com\/mavikadin\/wp-content\/uploads\/Reza-5_restored-768x432.jpeg 768w, https:\/\/www.tgrthaber.com\/mavikadin\/wp-content\/uploads\/Reza-5_restored-1536x863.jpeg 1536w\" sizes=\"(max-width: 1208px) 100vw, 1208px\" \/><\/p>\n<hr \/>\n<p>Reza Zarrab\u2019\u0131n avukat\u0131 Benjamin Brafman, Manhattan B\u00f6lge Mahkemesi\u2019ne yapt\u0131\u011f\u0131 50 milyon dolarl\u0131k kefalet ba\u015fvurusuna, New York G\u00fcney B\u00f6lge Ba\u015fsavc\u0131s\u0131 Preet Bharara, Reza Zarrab\u2019\u0131n ka\u00e7ma riski olmas\u0131 nedeniyle 17 Aral\u0131k fezlekesini delil g\u00f6stererek itirazda bulundu.<\/p>\n<h3>REZA ZARRAB EVLEN\u0130YOR MU?<\/h3>\n<p>Reza Zarrab\u2019\u0131n Bursal\u0131 Dilara Alt\u0131ntop ile evlendi\u011fi iddialar\u0131 g\u00fcndem oldu. Zarrab, evlendi\u011fi iddialar\u0131n\u0131n ard\u0131ndan sosyal medya hesab\u0131ndan a\u00e7\u0131klamada bulunarak; &#8220;Her yaz\u0131lana inanmay\u0131n. Her s\u00f6ylenen lafa kanmay\u0131n. Ben s\u0131k\u0131ld\u0131m onlar s\u0131k\u0131lmad\u0131. Tek foto\u011fraf 2 arkas\u0131 d\u00f6n\u00fck insan. Ba\u015fka yok, gerisini siz tamamlay\u0131n. A\u00e7\u0131k s\u00f6ylemek gerekirse dertleri \u015fu! Ebru han\u0131m biriyle evlenince hemen ben de misilleme yapaca\u011f\u0131m, ko\u015fa ko\u015fa birini buldum alg\u0131s\u0131 yarat\u0131lmak isteniyor&#8230;&#8221; ifadelerini kullanm\u0131\u015ft\u0131.<\/p>\n","protected":false},"excerpt":{"rendered":"<p>Reza Zarrap kimdir? merak konusu oldu. Dilara Alt\u0131ntop ile evlenece\u011fi iddias\u0131yla g\u00fcndeme gelen Zarrap ara\u015ft\u0131r\u0131lmaya ba\u015fland\u0131.<\/p>\n","protected":false},"author":5,"featured_media":121806,"comment_status":"closed","ping_status":"closed","sticky":false,"template":"","format":"standard","meta":{"rank_math_lock_modified_date":false,"footnotes":""},"categories":[491],"tags":[8073,8172],"class_list":["post-121794","post","type-post","status-publish","format-standard","has-post-thumbnail","hentry","category-biyografi","tag-reza-zarrab","tag-riza-sarraf"],"_links":{"self":[{"href":"https:\/\/www.tgrthaber.com\/mavikadin\/wp-json\/wp\/v2\/posts\/121794"}],"collection":[{"href":"https:\/\/www.tgrthaber.com\/mavikadin\/wp-json\/wp\/v2\/posts"}],"about":[{"href":"https:\/\/www.tgrthaber.com\/mavikadin\/wp-json\/wp\/v2\/types\/post"}],"author":[{"embeddable":true,"href":"https:\/\/www.tgrthaber.com\/mavikadin\/wp-json\/wp\/v2\/users\/5"}],"replies":[{"embeddable":true,"href":"https:\/\/www.tgrthaber.com\/mavikadin\/wp-json\/wp\/v2\/comments?post=121794"}],"version-history":[{"count":5,"href":"https:\/\/www.tgrthaber.com\/mavikadin\/wp-json\/wp\/v2\/posts\/121794\/revisions"}],"predecessor-version":[{"id":121809,"href":"https:\/\/www.tgrthaber.com\/mavikadin\/wp-json\/wp\/v2\/posts\/121794\/revisions\/121809"}],"wp:featuredmedia":[{"embeddable":true,"href":"https:\/\/www.tgrthaber.com\/mavikadin\/wp-json\/wp\/v2\/media\/121806"}],"wp:attachment":[{"href":"https:\/\/www.tgrthaber.com\/mavikadin\/wp-json\/wp\/v2\/media?parent=121794"}],"wp:term":[{"taxonomy":"category","embeddable":true,"href":"https:\/\/www.tgrthaber.com\/mavikadin\/wp-json\/wp\/v2\/categories?post=121794"},{"taxonomy":"post_tag","embeddable":true,"href":"https:\/\/www.tgrthaber.com\/mavikadin\/wp-json\/wp\/v2\/tags?post=121794"}],"curies":[{"name":"wp","href":"https:\/\/api.w.org\/{rel}","templated":true}]}}