{"id":121855,"date":"2025-01-15T14:22:55","date_gmt":"2025-01-15T11:22:55","guid":{"rendered":"https:\/\/www.tgrthaber.com\/mavikadin\/?p=121855"},"modified":"2025-01-15T14:39:47","modified_gmt":"2025-01-15T11:39:47","slug":"bahar-dizisinin-son-bolumunde-kadin-oyuncularin-giydigi-kombin-fiyatlari","status":"publish","type":"post","link":"https:\/\/www.tgrthaber.com\/mavikadin\/bahar-dizisinin-son-bolumunde-kadin-oyuncularin-giydigi-kombin-fiyatlari\/","title":{"rendered":"Bahar dizisinin son b\u00f6l\u00fcm\u00fcnde kad\u0131n oyuncular\u0131n giydi\u011fi kombin fiyatlar\u0131"},"content":{"rendered":"<p>Bahar dizisinin 31 b\u00f6l\u00fcm\u00fcnde izleyenler ekran ba\u015f\u0131nda g\u00fcld\u00fc. Timur ve Efsun aras\u0131nda ya\u015fan\u0131lan olaylar zincirine Bahar\u2019\u0131nda eklenmesiyle durum daha da karma\u015f\u0131k hale geldi. Timur, Efsun ile ilgili olaylar\u0131n ortaya \u00e7\u0131kmamas\u0131 i\u00e7in b\u00fct\u00fcn su\u00e7u Bahar\u2019a atmas\u0131yla olaylar i\u00e7inden \u00e7\u0131k\u0131lmaz bir hal ald\u0131. T\u00fcm bu geli\u015fmeler ya\u015fan\u0131rken, Efsun k\u0131na gecesi olay\u0131n\u0131 ortaya \u00e7\u0131kar\u0131r. Y\u0131lba\u015f\u0131nda ve k\u0131na gecesinde Demet Evgar\u2019\u0131n giydi\u011fi k\u0131yafetler dizi izleyenler taraf\u0131ndan merak ediliyor.<\/p>\n<h3>BAHAR D\u0130Z\u0130S\u0130 31 B\u00d6L\u00dcM KOMB\u0130NLER\u0130<\/h3>\n<p>Her Sal\u0131 ak\u015fam\u0131 saat 20:00\u2019da ekranlara gelen Bahar dizisi, yeni b\u00f6l\u00fcmleriyle reyting rekorlar\u0131 k\u0131rmaya devam ediyor. Dizinin son b\u00f6l\u00fcm\u00fcnde kad\u0131n oyuncular\u0131n giydi\u011fi k\u0131yafet ve markalar \u015funlard\u0131r:<\/p>\n<p><img loading=\"lazy\" decoding=\"async\" class=\"alignnone wp-image-121856\" src=\"https:\/\/www.tgrthaber.com\/mavikadin\/wp-content\/uploads\/Bahar-dizisinde-Caglanin-giydigi-takim-300x169.jpg\" alt=\"Bahar dizisinde \u00c7a\u011fla\u2019n\u0131n giydi\u011fi tak\u0131m\" width=\"1208\" height=\"680\" title=\"\" srcset=\"https:\/\/www.tgrthaber.com\/mavikadin\/wp-content\/uploads\/Bahar-dizisinde-Caglanin-giydigi-takim-300x169.jpg 300w, https:\/\/www.tgrthaber.com\/mavikadin\/wp-content\/uploads\/Bahar-dizisinde-Caglanin-giydigi-takim-1024x576.jpg 1024w, https:\/\/www.tgrthaber.com\/mavikadin\/wp-content\/uploads\/Bahar-dizisinde-Caglanin-giydigi-takim-768x432.jpg 768w, https:\/\/www.tgrthaber.com\/mavikadin\/wp-content\/uploads\/Bahar-dizisinde-Caglanin-giydigi-takim-1536x864.jpg 1536w, https:\/\/www.tgrthaber.com\/mavikadin\/wp-content\/uploads\/Bahar-dizisinde-Caglanin-giydigi-takim.jpg 1920w\" sizes=\"(max-width: 1208px) 100vw, 1208px\" \/><\/p>\n<hr \/>\n<p><strong>Bahar dizisinde \u00c7a\u011fla\u2019n\u0131n giydi\u011fi tak\u0131m<\/strong><\/p>\n<ul>\n<li>ADL &#8211; Ekose Bordo Garnili Ekose Ceket &#8211; 2999.95 TL<\/li>\n<\/ul>\n<p><img loading=\"lazy\" decoding=\"async\" class=\"alignnone wp-image-121857\" src=\"https:\/\/www.tgrthaber.com\/mavikadin\/wp-content\/uploads\/Baharin-kina-gecesinde-giydigi-elbise-300x169.jpg\" alt=\"Bahar\u2019\u0131n k\u0131na gecesinde giydi\u011fi elbise\" width=\"1208\" height=\"680\" title=\"\" srcset=\"https:\/\/www.tgrthaber.com\/mavikadin\/wp-content\/uploads\/Baharin-kina-gecesinde-giydigi-elbise-300x169.jpg 300w, https:\/\/www.tgrthaber.com\/mavikadin\/wp-content\/uploads\/Baharin-kina-gecesinde-giydigi-elbise-1024x576.jpg 1024w, https:\/\/www.tgrthaber.com\/mavikadin\/wp-content\/uploads\/Baharin-kina-gecesinde-giydigi-elbise-768x432.jpg 768w, https:\/\/www.tgrthaber.com\/mavikadin\/wp-content\/uploads\/Baharin-kina-gecesinde-giydigi-elbise-1536x864.jpg 1536w, https:\/\/www.tgrthaber.com\/mavikadin\/wp-content\/uploads\/Baharin-kina-gecesinde-giydigi-elbise.jpg 1920w\" sizes=\"(max-width: 1208px) 100vw, 1208px\" \/><\/p>\n<hr \/>\n<p><strong>Bahar\u2019\u0131n k\u0131na gecesinde giydi\u011fi elbise<\/strong><\/p>\n<ul>\n<li>Zara &#8211; ZW Collect\u0131on kadife fiyonklu elbise &#8211; 990,00 TL<\/li>\n<\/ul>\n<p><img loading=\"lazy\" decoding=\"async\" class=\"alignnone wp-image-121858\" src=\"https:\/\/www.tgrthaber.com\/mavikadin\/wp-content\/uploads\/Bahar-dizisinde-Caglanin-giydigi-isiltili-elbise-300x169.jpg\" alt=\"Bahar dizisinde \u00c7a\u011fla\u2019n\u0131n giydi\u011fi \u0131\u015f\u0131lt\u0131l\u0131 elbise\" width=\"1208\" height=\"680\" title=\"\" srcset=\"https:\/\/www.tgrthaber.com\/mavikadin\/wp-content\/uploads\/Bahar-dizisinde-Caglanin-giydigi-isiltili-elbise-300x169.jpg 300w, https:\/\/www.tgrthaber.com\/mavikadin\/wp-content\/uploads\/Bahar-dizisinde-Caglanin-giydigi-isiltili-elbise-1024x576.jpg 1024w, https:\/\/www.tgrthaber.com\/mavikadin\/wp-content\/uploads\/Bahar-dizisinde-Caglanin-giydigi-isiltili-elbise-768x432.jpg 768w, https:\/\/www.tgrthaber.com\/mavikadin\/wp-content\/uploads\/Bahar-dizisinde-Caglanin-giydigi-isiltili-elbise-1536x864.jpg 1536w, https:\/\/www.tgrthaber.com\/mavikadin\/wp-content\/uploads\/Bahar-dizisinde-Caglanin-giydigi-isiltili-elbise.jpg 1920w\" sizes=\"(max-width: 1208px) 100vw, 1208px\" \/><\/p>\n<hr \/>\n<p><strong>Bahar dizisinde \u00c7a\u011fla\u2019n\u0131n giydi\u011fi \u0131\u015f\u0131lt\u0131l\u0131 elbise<\/strong><\/p>\n<ul>\n<li>Yasemin Karag\u00fclle &#8211; ALEXA DRESS &#8211; 8,550.00TL<\/li>\n<\/ul>\n<p><img loading=\"lazy\" decoding=\"async\" class=\"alignnone wp-image-121859\" src=\"https:\/\/www.tgrthaber.com\/mavikadin\/wp-content\/uploads\/Bahar-dizisinde-Renginin-giydigi-vatkali-yelek-300x169.jpg\" alt=\"Bahar dizisinde Rengin\u2019in giydi\u011fi vatkal\u0131 yelek\" width=\"1208\" height=\"680\" title=\"\" srcset=\"https:\/\/www.tgrthaber.com\/mavikadin\/wp-content\/uploads\/Bahar-dizisinde-Renginin-giydigi-vatkali-yelek-300x169.jpg 300w, https:\/\/www.tgrthaber.com\/mavikadin\/wp-content\/uploads\/Bahar-dizisinde-Renginin-giydigi-vatkali-yelek-1024x576.jpg 1024w, https:\/\/www.tgrthaber.com\/mavikadin\/wp-content\/uploads\/Bahar-dizisinde-Renginin-giydigi-vatkali-yelek-768x432.jpg 768w, https:\/\/www.tgrthaber.com\/mavikadin\/wp-content\/uploads\/Bahar-dizisinde-Renginin-giydigi-vatkali-yelek-1536x864.jpg 1536w, https:\/\/www.tgrthaber.com\/mavikadin\/wp-content\/uploads\/Bahar-dizisinde-Renginin-giydigi-vatkali-yelek.jpg 1920w\" sizes=\"(max-width: 1208px) 100vw, 1208px\" \/><\/p>\n<hr \/>\n<p><strong>Bahar dizisinde Rengin\u2019in giydi\u011fi vatkal\u0131 yelek<\/strong><\/p>\n<ul>\n<li>\u0130pekyol \u2013 D\u00fc\u011fmeli Triko Yelek &#8211; 1.299,50 \u20ba<\/li>\n<\/ul>\n<p><img loading=\"lazy\" decoding=\"async\" class=\"alignnone wp-image-121860\" src=\"https:\/\/www.tgrthaber.com\/mavikadin\/wp-content\/uploads\/Bahar-dizisinde-Baharin-yilbasi-bolumunde-giydigi-kirmizi-elbise-300x169.jpg\" alt=\"Bahar dizisinde Bahar\u2019\u0131n y\u0131lba\u015f\u0131 b\u00f6l\u00fcm\u00fcnde giydi\u011fi k\u0131rm\u0131z\u0131 elbise\" width=\"1208\" height=\"680\" title=\"\" srcset=\"https:\/\/www.tgrthaber.com\/mavikadin\/wp-content\/uploads\/Bahar-dizisinde-Baharin-yilbasi-bolumunde-giydigi-kirmizi-elbise-300x169.jpg 300w, https:\/\/www.tgrthaber.com\/mavikadin\/wp-content\/uploads\/Bahar-dizisinde-Baharin-yilbasi-bolumunde-giydigi-kirmizi-elbise-1024x576.jpg 1024w, https:\/\/www.tgrthaber.com\/mavikadin\/wp-content\/uploads\/Bahar-dizisinde-Baharin-yilbasi-bolumunde-giydigi-kirmizi-elbise-768x432.jpg 768w, https:\/\/www.tgrthaber.com\/mavikadin\/wp-content\/uploads\/Bahar-dizisinde-Baharin-yilbasi-bolumunde-giydigi-kirmizi-elbise-1536x864.jpg 1536w, https:\/\/www.tgrthaber.com\/mavikadin\/wp-content\/uploads\/Bahar-dizisinde-Baharin-yilbasi-bolumunde-giydigi-kirmizi-elbise.jpg 1920w\" sizes=\"(max-width: 1208px) 100vw, 1208px\" \/><\/p>\n<hr \/>\n<p><strong>Bahar dizisinde Bahar\u2019\u0131n y\u0131lba\u015f\u0131 b\u00f6l\u00fcm\u00fcnde giydi\u011fi k\u0131rm\u0131z\u0131 elbise<\/strong><\/p>\n<ul>\n<li>Gigiis &#8211; LAURA &#8211; K\u0131rm\u0131z\u0131 Balenli Y\u0131rtma\u00e7l\u0131 Elbise &#8211; 19,590.00TL<\/li>\n<\/ul>\n","protected":false},"excerpt":{"rendered":"<p>Bahar dizisi sevilen karakteriyle ve hik\u00e2yesiyle Sal\u0131 ak\u015famlar\u0131n\u0131n en \u00e7ok izlenen yap\u0131mlar\u0131 aras\u0131nda yerini al\u0131yor. Bahar dizisindeki kad\u0131n oyuncular\u0131n giydi\u011fi k\u0131yafetler herkes taraf\u0131ndan merak ediliyor. <\/p>\n","protected":false},"author":10,"featured_media":121861,"comment_status":"closed","ping_status":"closed","sticky":false,"template":"","format":"standard","meta":{"rank_math_lock_modified_date":false,"footnotes":""},"categories":[1305],"tags":[2452,8185,8184],"class_list":["post-121855","post","type-post","status-publish","format-standard","has-post-thumbnail","hentry","category-moda","tag-bahar-dizisi","tag-bahar-dizisi-kombin-fiyatlari","tag-bahar-dizisi-kombinleri"],"_links":{"self":[{"href":"https:\/\/www.tgrthaber.com\/mavikadin\/wp-json\/wp\/v2\/posts\/121855"}],"collection":[{"href":"https:\/\/www.tgrthaber.com\/mavikadin\/wp-json\/wp\/v2\/posts"}],"about":[{"href":"https:\/\/www.tgrthaber.com\/mavikadin\/wp-json\/wp\/v2\/types\/post"}],"author":[{"embeddable":true,"href":"https:\/\/www.tgrthaber.com\/mavikadin\/wp-json\/wp\/v2\/users\/10"}],"replies":[{"embeddable":true,"href":"https:\/\/www.tgrthaber.com\/mavikadin\/wp-json\/wp\/v2\/comments?post=121855"}],"version-history":[{"count":1,"href":"https:\/\/www.tgrthaber.com\/mavikadin\/wp-json\/wp\/v2\/posts\/121855\/revisions"}],"predecessor-version":[{"id":121862,"href":"https:\/\/www.tgrthaber.com\/mavikadin\/wp-json\/wp\/v2\/posts\/121855\/revisions\/121862"}],"wp:featuredmedia":[{"embeddable":true,"href":"https:\/\/www.tgrthaber.com\/mavikadin\/wp-json\/wp\/v2\/media\/121861"}],"wp:attachment":[{"href":"https:\/\/www.tgrthaber.com\/mavikadin\/wp-json\/wp\/v2\/media?parent=121855"}],"wp:term":[{"taxonomy":"category","embeddable":true,"href":"https:\/\/www.tgrthaber.com\/mavikadin\/wp-json\/wp\/v2\/categories?post=121855"},{"taxonomy":"post_tag","embeddable":true,"href":"https:\/\/www.tgrthaber.com\/mavikadin\/wp-json\/wp\/v2\/tags?post=121855"}],"curies":[{"name":"wp","href":"https:\/\/api.w.org\/{rel}","templated":true}]}}