{"id":121876,"date":"2025-01-15T15:50:07","date_gmt":"2025-01-15T12:50:07","guid":{"rendered":"https:\/\/www.tgrthaber.com\/mavikadin\/?p=121876"},"modified":"2025-01-15T15:50:07","modified_gmt":"2025-01-15T12:50:07","slug":"bebekler-ne-zaman-peynir-yiyebilir-6-aylik-bebek-hangi-peyniri-yiyebilir","status":"publish","type":"post","link":"https:\/\/www.tgrthaber.com\/mavikadin\/bebekler-ne-zaman-peynir-yiyebilir-6-aylik-bebek-hangi-peyniri-yiyebilir\/","title":{"rendered":"Bebekler ne zaman peynir yiyebilir? 6 ayl\u0131k bebek hangi peyniri yiyebilir?"},"content":{"rendered":"<p>Ek g\u0131da d\u00f6nemine yeni yeni ge\u00e7en bebeklerde sa\u011fl\u0131kl\u0131 bir beslenme program\u0131 ger\u00e7ekle\u015ftirebilmek ad\u0131na do\u011fru besin tercihi aray\u0131\u015f\u0131nda olan annelerin en \u00e7ok ara\u015ft\u0131rd\u0131\u011f\u0131 konulardan birisi de kemik geli\u015fimi i\u00e7in \u00e7ok \u00f6nemli olan peynir t\u00fcketimidir.<\/p>\n<p>Sa\u011fl\u0131kl\u0131 b\u00fcy\u00fcme ve geli\u015fim d\u00f6nemi i\u00e7in bebek beslenmesinde muhakkak yer verilmesi gereken s\u00fct \u00fcr\u00fcnlerinden peynirin ilk alt\u0131 ayl\u0131k d\u00f6nemden sonra bebe\u011fe verilip verilmeyece\u011fi, verilebilecekse hangi t\u00fcrden nas\u0131l bir peynir yedirilmesi gerekti\u011fi konusunda sizlere rehberlik edecek \u00f6nerileri ara\u015ft\u0131rd\u0131k.<\/p>\n<p>Peki bebekler ne zaman peynir yemeye ba\u015flamal\u0131? 6 ayl\u0131k bebe\u011fin yiyebilece\u011fi peynir hangisi? Bebeklerde peynir t\u00fcketimi&#8230;.<\/p>\n<h3>BEBEKLER NE ZAMAN PEYN\u0130R Y\u0130YEB\u0130L\u0130R?<\/h3>\n<p>Kalsiyum, protein ve sa\u011fl\u0131kl\u0131 ya\u011f kayna\u011f\u0131 olan peynirler, \u00e7o\u011funlukla ek g\u0131daya ba\u015flad\u0131ktan sonra 6. ay itibari ile bebeklerde denenmeye ba\u015flanabilir.<\/p>\n<p><img loading=\"lazy\" decoding=\"async\" class=\"alignnone wp-image-121893\" src=\"https:\/\/www.tgrthaber.com\/mavikadin\/wp-content\/uploads\/gs-1.png\" alt=\"\" width=\"1208\" height=\"666\" title=\"\" srcset=\"https:\/\/www.tgrthaber.com\/mavikadin\/wp-content\/uploads\/gs-1.png 916w, https:\/\/www.tgrthaber.com\/mavikadin\/wp-content\/uploads\/gs-1-300x165.png 300w, https:\/\/www.tgrthaber.com\/mavikadin\/wp-content\/uploads\/gs-1-768x423.png 768w\" sizes=\"(max-width: 1208px) 100vw, 1208px\" \/><\/p>\n<hr \/>\n<p>Ancak her ek besinde oldu\u011fu gibi peynir t\u00fcketiminde de dikkatli olmakta fayda var. Her bebe\u011fin sindirim sistemi kendine has \u00e7al\u0131\u015ft\u0131\u011f\u0131ndan ve ayn\u0131 \u015fekilde ilerlemedi\u011finden olabildi\u011fince az miktarlarda denemeler yap\u0131lmal\u0131d\u0131r.<\/p>\n<h3>6 AYLIK BEBEK PEYN\u0130R NASIL Y\u0130YEB\u0130L\u0130R? 6 AYLIK BEBEKLER \u0130\u00c7\u0130N PEYN\u0130R SE\u00c7\u0130M\u0130<\/h3>\n<p>\u00d6zellikle de peynir g\u0131das\u0131 ile ilk kez tan\u0131\u015facak olan minik gurmelerde tercih edilecek ilk peynir se\u00e7imi \u00f6nemlidir. Bebe\u011fin sindirim sistemini zorla\u015ft\u0131rmayan ve hazm\u0131 kolay olan bir peynir t\u00fcr\u00fc ile i\u015fe ba\u015flamak en iyisidir. Bu nedenle alt\u0131 ayl\u0131k bebeklerde tercih edilebilecek ilk peynirde dikkat edilmesi gereken \u00f6ncelikli kriter; peynirin az tuzlu ve past\u00f6rize edilmi\u015f olmas\u0131d\u0131r.<\/p>\n<p>Ek g\u0131da d\u00f6nemine ge\u00e7en bebeklere peynir verilece\u011fi zaman ilk a\u015famada peyniri kahvalt\u0131da t\u00fcketece\u011fi di\u011fer g\u0131dalarla kar\u0131\u015ft\u0131rarak bulama\u00e7 halinde verebilece\u011finiz gibi p\u00fcre gibi de tercih edebilirsiniz.<\/p>\n<h3>BEBEKLERE HANG\u0130 PEYN\u0130R NE ZAMAN VER\u0130L\u0130R? AYLARA G\u00d6RE PEYN\u0130R TERC\u0130H\u0130:<\/h3>\n<p>\u0130lk alt\u0131 ayl\u0131k d\u00f6nemden sonra bebe\u011finize verebilece\u011finiz beyaz peynirin past\u00f6rize s\u00fctten elde edilmi\u015f olmas\u0131na ve bebekler i\u00e7in d\u00fc\u015f\u00fck oranl\u0131 tuz i\u00e7ermesine dikkat etmelisiniz. Aksi takdirde tuz i\u00e7eri\u011fi y\u00fcksek olan peynirler, bebeklerin b\u00f6brek sa\u011fl\u0131\u011f\u0131n\u0131 olumsuz etkileyebilmektedir.<\/p>\n<p><img loading=\"lazy\" decoding=\"async\" class=\"alignnone wp-image-81282\" src=\"https:\/\/www.tgrthaber.com\/mavikadin\/wp-content\/uploads\/2024\/09\/ruyada-peynir-gormek-ne-anlama-gelir-ruyada-peynir-yemek-peynir-almak-tabiri-nedir.jpg\" alt=\"\" width=\"1208\" height=\"680\" title=\"\" srcset=\"https:\/\/www.tgrthaber.com\/mavikadin\/wp-content\/uploads\/2024\/09\/ruyada-peynir-gormek-ne-anlama-gelir-ruyada-peynir-yemek-peynir-almak-tabiri-nedir.jpg 1600w, https:\/\/www.tgrthaber.com\/mavikadin\/wp-content\/uploads\/2024\/09\/ruyada-peynir-gormek-ne-anlama-gelir-ruyada-peynir-yemek-peynir-almak-tabiri-nedir-300x169.jpg 300w, https:\/\/www.tgrthaber.com\/mavikadin\/wp-content\/uploads\/2024\/09\/ruyada-peynir-gormek-ne-anlama-gelir-ruyada-peynir-yemek-peynir-almak-tabiri-nedir-1024x576.jpg 1024w, https:\/\/www.tgrthaber.com\/mavikadin\/wp-content\/uploads\/2024\/09\/ruyada-peynir-gormek-ne-anlama-gelir-ruyada-peynir-yemek-peynir-almak-tabiri-nedir-768x432.jpg 768w, https:\/\/www.tgrthaber.com\/mavikadin\/wp-content\/uploads\/2024\/09\/ruyada-peynir-gormek-ne-anlama-gelir-ruyada-peynir-yemek-peynir-almak-tabiri-nedir-1536x864.jpg 1536w, https:\/\/www.tgrthaber.com\/mavikadin\/wp-content\/uploads\/2024\/09\/ruyada-peynir-gormek-ne-anlama-gelir-ruyada-peynir-yemek-peynir-almak-tabiri-nedir-533x300.jpg 533w, https:\/\/www.tgrthaber.com\/mavikadin\/wp-content\/uploads\/2024\/09\/ruyada-peynir-gormek-ne-anlama-gelir-ruyada-peynir-yemek-peynir-almak-tabiri-nedir-600x338.jpg 600w, https:\/\/www.tgrthaber.com\/mavikadin\/wp-content\/uploads\/2024\/09\/ruyada-peynir-gormek-ne-anlama-gelir-ruyada-peynir-yemek-peynir-almak-tabiri-nedir-30x16.jpg 30w, https:\/\/www.tgrthaber.com\/mavikadin\/wp-content\/uploads\/2024\/09\/ruyada-peynir-gormek-ne-anlama-gelir-ruyada-peynir-yemek-peynir-almak-tabiri-nedir-18x10.jpg 18w\" sizes=\"(max-width: 1208px) 100vw, 1208px\" \/><\/p>\n<hr \/>\n<p>Peynir tuzlu ise bile birka\u00e7 saat suda bekleterek fazla tuzunu al\u0131p peynirde israftan ka\u00e7\u0131nabilirsiniz.<\/p>\n<h3>LABNE PEYN\u0130R:<\/h3>\n<p>T\u0131pk\u0131 beyaz peynirde oldu\u011fu gibi olduk\u00e7a yumu\u015fak ve kremams\u0131 bir yap\u0131ya sahip olan labne peynirleri de ilk alt\u0131 aydan sonra bebe\u011finizin kahvalt\u0131lar\u0131nda tercih edebilirsiniz. Bebeklerin kolayl\u0131kla yutabilece\u011fi bu kremams\u0131 labne peynirler hafif bir tada sahip oldu\u011fundan bebekler taraf\u0131ndan olduk\u00e7a lezzetli kar\u015f\u0131lanacakt\u0131r. Dolay\u0131s\u0131yla sebze p\u00fcresi ya da kahvalt\u0131 \u00f6\u011f\u00fcnlerinde de rahatl\u0131kla t\u00fcketebilirsiniz.<\/p>\n<h3>TAZE KA\u015eAR PEYN\u0130R\u0130:<\/h3>\n<p>9. aydan itibaren bebe\u011finize verebilece\u011finiz ka\u015far peynir di\u011ferlerine oranla daha tuzludur. Ancak az tuzlu taze ka\u015far peynirini bebe\u011finizde t\u00fcketebilirsiniz.<\/p>\n<p>Sert bir yap\u0131s\u0131 oldu\u011fundan rendelenmi\u015f bir halde ya da incecik dilimler halinde bebe\u011finize verebilirsiniz.<\/p>\n<h3>LOR PEYN\u0130R\u0130:<\/h3>\n<p>Yine ek g\u0131da beslenmesinde anneler taraf\u0131ndan s\u0131k\u00e7a tercih edilen lor peyniri de i\u00e7erisinde d\u00fc\u015f\u00fck tuz oran\u0131 i\u00e7ermesi sebebiyle bebe\u011finizin kahvalt\u0131lar\u0131nda g\u00f6n\u00fcl rahatl\u0131\u011f\u0131yla tercih edebilirsiniz. Sebze p\u00fcresinde ya da kahvalt\u0131lar\u0131n aras\u0131na katmak iyi bir fikir olabilir.<\/p>\n<h3>R\u0130COTTO YA DA MASCARPONE PEYN\u0130R\u0130:<\/h3>\n<p>G\u00fcndelik ya\u015fant\u0131 i\u00e7erisinde s\u0131k tercih edilmemekle beraber \u00e7e\u015fitlilik arayan anneler bebeklerinde 9. aydan sonra Ricotta veya Mascarpone peynirini tercih edebilir.<\/p>\n<p><img loading=\"lazy\" decoding=\"async\" class=\"alignnone wp-image-121894\" src=\"https:\/\/www.tgrthaber.com\/mavikadin\/wp-content\/uploads\/ricotta-peyniri-nasil-yapilir-ve-nasil-kullanilir-95606432-b5b1-4eb7-9934-c6c7630456d9.jpg\" alt=\"\" width=\"1208\" height=\"906\" title=\"\" srcset=\"https:\/\/www.tgrthaber.com\/mavikadin\/wp-content\/uploads\/ricotta-peyniri-nasil-yapilir-ve-nasil-kullanilir-95606432-b5b1-4eb7-9934-c6c7630456d9.jpg 800w, https:\/\/www.tgrthaber.com\/mavikadin\/wp-content\/uploads\/ricotta-peyniri-nasil-yapilir-ve-nasil-kullanilir-95606432-b5b1-4eb7-9934-c6c7630456d9-300x225.jpg 300w, https:\/\/www.tgrthaber.com\/mavikadin\/wp-content\/uploads\/ricotta-peyniri-nasil-yapilir-ve-nasil-kullanilir-95606432-b5b1-4eb7-9934-c6c7630456d9-768x576.jpg 768w\" sizes=\"(max-width: 1208px) 100vw, 1208px\" \/><\/p>\n<hr \/>\n<p>Kremams\u0131 ve yumu\u015fak bir yap\u0131da olan bu peynirlerde az miktarda tuz i\u00e7erir. Meyve p\u00fcrelerinin i\u00e7ine ilave edilerek lezzetli bir aroma elde edilebilir.<\/p>\n<h3>BEBEKLERDE TERC\u0130H ED\u0130LMEMES\u0130 GEREKEN PEYN\u0130R \u00c7E\u015e\u0130TLER\u0130 \u0130SE \u015eUNLARDIR;<\/h3>\n<p>Ham s\u00fctten yap\u0131larak past\u00f6rize edilmeyen peynirler, mavi k\u00fcfl\u00fc peynir, rokfor ya da gorgonzola t\u00fcr\u00fcnden peynirler, tuz i\u00e7eri\u011fi fazla olan peynirler, \u00e7i\u011f s\u00fct bulunduran peynirler, i\u015flenmi\u015f peynirler bebeklere t\u00fcketilmesi uygun g\u00f6r\u00fclmeyen sa\u011fl\u0131ks\u0131z peynir \u00e7e\u015fitleri aras\u0131nda de\u011ferlendirilmektedir.<\/p>\n","protected":false},"excerpt":{"rendered":"<p>Ek g\u0131daya ba\u015flang\u0131\u00e7 d\u00f6neminde ilk alt\u0131 ayl\u0131k d\u00f6nemden sonra bebeklerde hangi t\u00fcr peynirlerin t\u00fcketilebilece\u011fini sizlere ara\u015ft\u0131rd\u0131k. 6 ayl\u0131k bebek nas\u0131l bir peynir yiyebilir? Aylara g\u00f6re peynir \u00e7e\u015fitleri&#8230;<\/p>\n","protected":false},"author":27,"featured_media":121890,"comment_status":"closed","ping_status":"closed","sticky":false,"template":"","format":"standard","meta":{"rank_math_lock_modified_date":false,"footnotes":""},"categories":[111],"tags":[8192,8193,8191,1689],"class_list":["post-121876","post","type-post","status-publish","format-standard","has-post-thumbnail","hentry","category-anne-cocuk","tag-bebekler-icin-en-saglikli-peynir","tag-bebekler-ne-zaman-peynir-yiyebilir","tag-bebeklerde-peynir","tag-peynir"],"_links":{"self":[{"href":"https:\/\/www.tgrthaber.com\/mavikadin\/wp-json\/wp\/v2\/posts\/121876"}],"collection":[{"href":"https:\/\/www.tgrthaber.com\/mavikadin\/wp-json\/wp\/v2\/posts"}],"about":[{"href":"https:\/\/www.tgrthaber.com\/mavikadin\/wp-json\/wp\/v2\/types\/post"}],"author":[{"embeddable":true,"href":"https:\/\/www.tgrthaber.com\/mavikadin\/wp-json\/wp\/v2\/users\/27"}],"replies":[{"embeddable":true,"href":"https:\/\/www.tgrthaber.com\/mavikadin\/wp-json\/wp\/v2\/comments?post=121876"}],"version-history":[{"count":2,"href":"https:\/\/www.tgrthaber.com\/mavikadin\/wp-json\/wp\/v2\/posts\/121876\/revisions"}],"predecessor-version":[{"id":121896,"href":"https:\/\/www.tgrthaber.com\/mavikadin\/wp-json\/wp\/v2\/posts\/121876\/revisions\/121896"}],"wp:featuredmedia":[{"embeddable":true,"href":"https:\/\/www.tgrthaber.com\/mavikadin\/wp-json\/wp\/v2\/media\/121890"}],"wp:attachment":[{"href":"https:\/\/www.tgrthaber.com\/mavikadin\/wp-json\/wp\/v2\/media?parent=121876"}],"wp:term":[{"taxonomy":"category","embeddable":true,"href":"https:\/\/www.tgrthaber.com\/mavikadin\/wp-json\/wp\/v2\/categories?post=121876"},{"taxonomy":"post_tag","embeddable":true,"href":"https:\/\/www.tgrthaber.com\/mavikadin\/wp-json\/wp\/v2\/tags?post=121876"}],"curies":[{"name":"wp","href":"https:\/\/api.w.org\/{rel}","templated":true}]}}