{"id":121923,"date":"2025-01-15T17:28:05","date_gmt":"2025-01-15T14:28:05","guid":{"rendered":"https:\/\/www.tgrthaber.com\/mavikadin\/?p=121923"},"modified":"2025-01-15T17:28:05","modified_gmt":"2025-01-15T14:28:05","slug":"kis-soguklarina-karsi-saclarinizi-koruyun-saclara-kis-bakimi-yapmanin-7-yolu","status":"publish","type":"post","link":"https:\/\/www.tgrthaber.com\/mavikadin\/kis-soguklarina-karsi-saclarinizi-koruyun-saclara-kis-bakimi-yapmanin-7-yolu\/","title":{"rendered":"K\u0131\u015f so\u011fuklar\u0131na kar\u015f\u0131 sa\u00e7lar\u0131n\u0131z\u0131 koruyun! Sa\u00e7lara k\u0131\u015f bak\u0131m\u0131 yapman\u0131n 7 yolu"},"content":{"rendered":"<p>K\u0131\u015f mevsimi, sa\u00e7lar\u0131m\u0131z\u0131n en \u00e7ok y\u0131prand\u0131\u011f\u0131 d\u00f6nemlerden biri. So\u011fuk hava, r\u00fczg\u00e2r ve nem dengesizlikleri sa\u00e7lar\u0131m\u0131z\u0131 olumsuz etkileyebilir. Do\u011fru bak\u0131m ve koruma y\u00f6ntemleriyle sa\u00e7lar\u0131n\u0131z\u0131 k\u0131\u015f\u0131n da sa\u011fl\u0131kl\u0131 tutabilirsiniz. Sa\u00e7lar\u0131n\u0131za d\u00fczenli olarak nemlendirici maskeler uygulayarak ve s\u0131k s\u0131k kesim yaparak u\u00e7lar\u0131 koruyabilirsiniz. \u0130\u015fte sa\u00e7lara k\u0131\u015f bak\u0131m\u0131 yapman\u0131n 7 yolu<\/p>\n<h3>SA\u00c7LARA KI\u015e BAKIMI YAPMANIN PRAT\u0130K YOLLARI<\/h3>\n<p>K\u0131\u015f aylar\u0131nda sa\u00e7lar\u0131n\u0131z\u0131 korumak ve bak\u0131m\u0131n\u0131 sa\u011flamak i\u00e7in a\u015fa\u011f\u0131daki 7 pratik yolu deneyebilirsiniz:<\/p>\n<p><img loading=\"lazy\" decoding=\"async\" class=\"alignnone wp-image-121949\" src=\"https:\/\/www.tgrthaber.com\/mavikadin\/wp-content\/uploads\/saclara-kis-bakimi-300x169.jpg\" alt=\"sa\u00e7lara k\u0131\u015f bak\u0131m\u0131\" width=\"1208\" height=\"680\" title=\"\" srcset=\"https:\/\/www.tgrthaber.com\/mavikadin\/wp-content\/uploads\/saclara-kis-bakimi-300x169.jpg 300w, https:\/\/www.tgrthaber.com\/mavikadin\/wp-content\/uploads\/saclara-kis-bakimi-1024x576.jpg 1024w, https:\/\/www.tgrthaber.com\/mavikadin\/wp-content\/uploads\/saclara-kis-bakimi-768x432.jpg 768w, https:\/\/www.tgrthaber.com\/mavikadin\/wp-content\/uploads\/saclara-kis-bakimi-1536x864.jpg 1536w, https:\/\/www.tgrthaber.com\/mavikadin\/wp-content\/uploads\/saclara-kis-bakimi.jpg 1920w\" sizes=\"(max-width: 1208px) 100vw, 1208px\" \/><\/p>\n<hr \/>\n<h3>1- NEMLEND\u0130RME<\/h3>\n<p>K\u0131\u015f aylar\u0131nda sa\u00e7lar\u0131n\u0131z\u0131n nemini korumak i\u00e7in do\u011fru \u00fcr\u00fcnleri kullanmak \u00e7ok \u00f6nemli. So\u011fuk ve kuru hava sa\u00e7 tellerinizin kurumas\u0131na ve y\u0131pranmas\u0131na neden olabilir. Bu durumu engellemek i\u00e7in g\u00fcnl\u00fck sa\u00e7 bak\u0131m rutininize nemlendirici \u015fampuan ve sa\u00e7 kremi ekleyebilirsiniz. Sa\u00e7 tipinize uygun \u00fcr\u00fcnleri se\u00e7erek, sa\u00e7lar\u0131n\u0131za derinlemesine n\u00fcfuz eden bir nemlendirme sa\u011flayarak sa\u011fl\u0131kl\u0131, parlak ve canl\u0131 sa\u00e7lara kavu\u015fabilirsiniz.<\/p>\n<p><img loading=\"lazy\" decoding=\"async\" class=\"alignnone wp-image-121950\" src=\"https:\/\/www.tgrthaber.com\/mavikadin\/wp-content\/uploads\/saclara-kis-bakimi-1-300x169.jpg\" alt=\"sa\u00e7lara k\u0131\u015f bak\u0131m\u0131 1\" width=\"1208\" height=\"680\" title=\"\" srcset=\"https:\/\/www.tgrthaber.com\/mavikadin\/wp-content\/uploads\/saclara-kis-bakimi-1-300x169.jpg 300w, https:\/\/www.tgrthaber.com\/mavikadin\/wp-content\/uploads\/saclara-kis-bakimi-1-1024x576.jpg 1024w, https:\/\/www.tgrthaber.com\/mavikadin\/wp-content\/uploads\/saclara-kis-bakimi-1-768x432.jpg 768w, https:\/\/www.tgrthaber.com\/mavikadin\/wp-content\/uploads\/saclara-kis-bakimi-1-1536x864.jpg 1536w, https:\/\/www.tgrthaber.com\/mavikadin\/wp-content\/uploads\/saclara-kis-bakimi-1.jpg 1920w\" sizes=\"(max-width: 1208px) 100vw, 1208px\" \/><\/p>\n<hr \/>\n<h3>2- SA\u00c7 YA\u011eLARI<\/h3>\n<p>Sa\u00e7 bak\u0131m\u0131nda do\u011fal ya\u011flar\u0131n \u00f6nemi olduk\u00e7a b\u00fcy\u00fckt\u00fcr. Argan ya\u011f\u0131, hindistancevizi ya\u011f\u0131 veya jojoba ya\u011f\u0131 gibi do\u011fal ya\u011flar, sa\u00e7lar\u0131 besler ve nem dengesini korur. Haftada bir kez sa\u00e7 diplerinize masaj yaparak do\u011fal ya\u011flardan birini uygulayabilirsiniz. Do\u011fal ya\u011flar sa\u00e7lar\u0131 beslerken ayn\u0131 zamanda sa\u00e7 derisini de g\u00fc\u00e7lendirir ve sa\u00e7\u0131n daha h\u0131zl\u0131 uzamas\u0131na destek olur.<\/p>\n<p>Sa\u00e7lar\u0131n\u0131za d\u00fczenli olarak do\u011fal ya\u011f bak\u0131m\u0131 yaparak, onlar\u0131n ihtiyac\u0131 olan nemi ve besinleri sa\u011flayabilirsiniz. Bu k\u00fc\u00e7\u00fck ama etkili ad\u0131m, sa\u00e7lar\u0131n\u0131z\u0131n canlanmas\u0131na ve g\u00fczelle\u015fmesine katk\u0131da bulunacakt\u0131r.<\/p>\n<p><img loading=\"lazy\" decoding=\"async\" class=\"alignnone wp-image-121953\" src=\"https:\/\/www.tgrthaber.com\/mavikadin\/wp-content\/uploads\/saclara-kis-bakimi-2-300x169.jpg\" alt=\"sa\u00e7lara k\u0131\u015f bak\u0131m\u0131 2\" width=\"1208\" height=\"680\" title=\"\" srcset=\"https:\/\/www.tgrthaber.com\/mavikadin\/wp-content\/uploads\/saclara-kis-bakimi-2-300x169.jpg 300w, https:\/\/www.tgrthaber.com\/mavikadin\/wp-content\/uploads\/saclara-kis-bakimi-2-1024x576.jpg 1024w, https:\/\/www.tgrthaber.com\/mavikadin\/wp-content\/uploads\/saclara-kis-bakimi-2-768x432.jpg 768w, https:\/\/www.tgrthaber.com\/mavikadin\/wp-content\/uploads\/saclara-kis-bakimi-2-1536x864.jpg 1536w, https:\/\/www.tgrthaber.com\/mavikadin\/wp-content\/uploads\/saclara-kis-bakimi-2.jpg 1920w\" sizes=\"(max-width: 1208px) 100vw, 1208px\" \/><\/p>\n<hr \/>\n<h3>3- ISIDAN KORUMA<\/h3>\n<p>Sa\u00e7 bak\u0131m\u0131 ve sa\u011fl\u0131\u011f\u0131 i\u00e7in \u00f6nemli bir ipucu, sa\u00e7 kurutma makinesi, ma\u015fa veya f\u00f6n gibi \u0131s\u0131yla \u015fekillendirme ara\u00e7lar\u0131n\u0131 m\u00fcmk\u00fcn oldu\u011funca az kullanmakt\u0131r. Bu t\u00fcr aletler sa\u00e7lar\u0131 kurutarak ve \u015fekil vererek zaman kazand\u0131rsa da uzun vadede sa\u00e7lar\u0131n y\u0131pranmas\u0131na ve zarar g\u00f6rmesine neden olabilirler.<\/p>\n<p><img loading=\"lazy\" decoding=\"async\" class=\"alignnone wp-image-121959\" src=\"https:\/\/www.tgrthaber.com\/mavikadin\/wp-content\/uploads\/saclara-kis-bakimim-3-300x169.jpg\" alt=\"sa\u00e7lara k\u0131\u015f bak\u0131m\u0131m 3\" width=\"1208\" height=\"680\" title=\"\" srcset=\"https:\/\/www.tgrthaber.com\/mavikadin\/wp-content\/uploads\/saclara-kis-bakimim-3-300x169.jpg 300w, https:\/\/www.tgrthaber.com\/mavikadin\/wp-content\/uploads\/saclara-kis-bakimim-3-1024x576.jpg 1024w, https:\/\/www.tgrthaber.com\/mavikadin\/wp-content\/uploads\/saclara-kis-bakimim-3-768x432.jpg 768w, https:\/\/www.tgrthaber.com\/mavikadin\/wp-content\/uploads\/saclara-kis-bakimim-3-1536x864.jpg 1536w, https:\/\/www.tgrthaber.com\/mavikadin\/wp-content\/uploads\/saclara-kis-bakimim-3.jpg 1920w\" sizes=\"(max-width: 1208px) 100vw, 1208px\" \/><\/p>\n<hr \/>\n<h3>4- D\u00dcZENL\u0130 KES\u0130M<\/h3>\n<p>Sa\u00e7lar\u0131n\u0131z\u0131n sa\u011fl\u0131kl\u0131 ve bak\u0131ml\u0131 g\u00f6r\u00fcnmesi i\u00e7in d\u00fczenli kesim yapman\u0131n \u00f6nemini asla hafife almamal\u0131s\u0131n\u0131z. Sa\u00e7 u\u00e7lar\u0131ndaki k\u0131r\u0131klar sadece sa\u00e7lar\u0131n\u0131z\u0131 cans\u0131z g\u00f6stermekle kalmaz, sa\u00e7\u0131n\u0131z\u0131n uzamas\u0131n\u0131 da engeller. D\u00fczenli olarak kuaf\u00f6re gitmek, sa\u00e7lar\u0131n\u0131z\u0131n daha dolgun, canl\u0131 ve parlak olmas\u0131n\u0131 sa\u011flar.<\/p>\n<p><img loading=\"lazy\" decoding=\"async\" class=\"alignnone wp-image-121964\" src=\"https:\/\/www.tgrthaber.com\/mavikadin\/wp-content\/uploads\/saclara-kis-bakimi-4-300x169.jpg\" alt=\"sa\u00e7lara k\u0131\u015f bak\u0131m\u0131 4\" width=\"1208\" height=\"680\" title=\"\" srcset=\"https:\/\/www.tgrthaber.com\/mavikadin\/wp-content\/uploads\/saclara-kis-bakimi-4-300x169.jpg 300w, https:\/\/www.tgrthaber.com\/mavikadin\/wp-content\/uploads\/saclara-kis-bakimi-4-1024x576.jpg 1024w, https:\/\/www.tgrthaber.com\/mavikadin\/wp-content\/uploads\/saclara-kis-bakimi-4-768x432.jpg 768w, https:\/\/www.tgrthaber.com\/mavikadin\/wp-content\/uploads\/saclara-kis-bakimi-4-1536x864.jpg 1536w, https:\/\/www.tgrthaber.com\/mavikadin\/wp-content\/uploads\/saclara-kis-bakimi-4.jpg 1920w\" sizes=\"(max-width: 1208px) 100vw, 1208px\" \/><\/p>\n<hr \/>\n<h3>5- \u015eAPKA KULLANIMI<\/h3>\n<p>K\u0131\u015f aylar\u0131nda d\u0131\u015far\u0131 \u00e7\u0131kmak i\u00e7in haz\u0131rland\u0131\u011f\u0131n\u0131zda sa\u00e7lar\u0131n\u0131za \u00f6zel bir \u00f6nem g\u00f6stermek, sa\u011fl\u0131kl\u0131 ve g\u00fc\u00e7l\u00fc kalmas\u0131n\u0131 sa\u011flar. So\u011fuk hava ve r\u00fczg\u00e2r\u0131n sa\u00e7lar\u0131n\u0131za verebilece\u011fi zararlar\u0131 \u00f6nlemek i\u00e7in mutlaka \u015fapka veya bere gibi ba\u015fl\u0131klar kullan\u0131labilir. Koruyucu k\u0131yafetleri uzun s\u00fcre takmak terleme sonucu nemin sa\u00e7a zarar vermesine neden olabilir. Bu y\u00fczden d\u00fczenli aral\u0131klarla \u015fapkan\u0131z\u0131 \u00e7\u0131kararak sa\u00e7lar\u0131n\u0131za dinlenme f\u0131rsat\u0131 vermelisiniz.<\/p>\n<p><img loading=\"lazy\" decoding=\"async\" class=\"alignnone wp-image-121969\" src=\"https:\/\/www.tgrthaber.com\/mavikadin\/wp-content\/uploads\/saclara-kis-bakimi-5-300x169.jpg\" alt=\"sa\u00e7lara k\u0131\u015f bak\u0131m\u0131 5\" width=\"1208\" height=\"680\" title=\"\" srcset=\"https:\/\/www.tgrthaber.com\/mavikadin\/wp-content\/uploads\/saclara-kis-bakimi-5-300x169.jpg 300w, https:\/\/www.tgrthaber.com\/mavikadin\/wp-content\/uploads\/saclara-kis-bakimi-5-1024x576.jpg 1024w, https:\/\/www.tgrthaber.com\/mavikadin\/wp-content\/uploads\/saclara-kis-bakimi-5-768x432.jpg 768w, https:\/\/www.tgrthaber.com\/mavikadin\/wp-content\/uploads\/saclara-kis-bakimi-5-1536x864.jpg 1536w, https:\/\/www.tgrthaber.com\/mavikadin\/wp-content\/uploads\/saclara-kis-bakimi-5.jpg 1920w\" sizes=\"(max-width: 1208px) 100vw, 1208px\" \/><\/p>\n<hr \/>\n<h3>6- SA\u00c7 MASKES\u0130 KULLANIN<\/h3>\n<p>Haftada en az bir kez sa\u00e7lar\u0131n\u0131za nem maskesi yaparak sa\u00e7 tellerinizin ihtiyac\u0131 olan nemi kazand\u0131rabilirsiniz. Bu sayede sa\u00e7lar\u0131n\u0131z elektriklenmez, daha kolay taran\u0131r ve so\u011fuk hava ko\u015fullar\u0131na kar\u015f\u0131 daha dayan\u0131kl\u0131 olur. Nem maskeleri ayn\u0131 zamanda sa\u00e7lar\u0131n yumu\u015fakl\u0131k kazanmas\u0131na ve canlanmas\u0131n\u0131 da destekler.<\/p>\n<p><img loading=\"lazy\" decoding=\"async\" class=\"alignnone wp-image-121972\" src=\"https:\/\/www.tgrthaber.com\/mavikadin\/wp-content\/uploads\/saclara-kis-bakimi-6-300x169.jpg\" alt=\"sa\u00e7lara k\u0131\u015f bak\u0131m\u0131 6\" width=\"1208\" height=\"680\" title=\"\" srcset=\"https:\/\/www.tgrthaber.com\/mavikadin\/wp-content\/uploads\/saclara-kis-bakimi-6-300x169.jpg 300w, https:\/\/www.tgrthaber.com\/mavikadin\/wp-content\/uploads\/saclara-kis-bakimi-6-1024x576.jpg 1024w, https:\/\/www.tgrthaber.com\/mavikadin\/wp-content\/uploads\/saclara-kis-bakimi-6-768x432.jpg 768w, https:\/\/www.tgrthaber.com\/mavikadin\/wp-content\/uploads\/saclara-kis-bakimi-6-1536x864.jpg 1536w, https:\/\/www.tgrthaber.com\/mavikadin\/wp-content\/uploads\/saclara-kis-bakimi-6.jpg 1920w\" sizes=\"(max-width: 1208px) 100vw, 1208px\" \/><\/p>\n<hr \/>\n<h3>7- SA\u00c7LARI SICAK SUYLA YIKAMAYIN<\/h3>\n<p>K\u0131\u015f aylar\u0131nda s\u0131cak bir du\u015fun cazibesi bir hayli y\u00fcksek olsa da, sa\u00e7lar\u0131n\u0131z i\u00e7in pek sa\u011fl\u0131kl\u0131 olmayabilir. S\u0131cak su, sa\u00e7taki do\u011fal nemin dengesini bozarak k\u0131r\u0131lmalara zemin haz\u0131rlayabilir. Sa\u00e7lar\u0131n\u0131z\u0131 korumak ad\u0131na du\u015f al\u0131rken \u0131l\u0131k su tercih etmek daha do\u011fru bir ad\u0131m olabilir. Du\u015fun sonunda ise cesaretinizi toplay\u0131p so\u011fuk suyla sa\u00e7lar\u0131n\u0131z\u0131 durulad\u0131\u011f\u0131n\u0131zda, sa\u00e7 tellerinizin daha g\u00fc\u00e7l\u00fc ve sa\u011fl\u0131kl\u0131 kal\u0131r.<\/p>\n","protected":false},"excerpt":{"rendered":"<p>So\u011fuk hava, r\u00fczg\u00e2r ve kapal\u0131 ortamlardaki \u0131s\u0131tma sistemleri sa\u00e7lar\u0131n\u0131z\u0131 kurutabilir ve zarar verebilir. Bunun \u00f6n\u00fcne ge\u00e7mek i\u00e7in nemlendirici \u015fampuan ve sa\u00e7 kremleri tercih edebilirsiniz. Peki, sa\u00e7lara k\u0131\u015f bak\u0131m\u0131 nas\u0131l yap\u0131l\u0131r?<\/p>\n","protected":false},"author":10,"featured_media":121924,"comment_status":"closed","ping_status":"closed","sticky":false,"template":"","format":"standard","meta":{"rank_math_lock_modified_date":false,"footnotes":""},"categories":[166],"tags":[8208,2832],"class_list":["post-121923","post","type-post","status-publish","format-standard","has-post-thumbnail","hentry","category-sac-bakimi-sac-uzatma","tag-kis-aylarinda-sac-bakimi","tag-sac-bakimi"],"_links":{"self":[{"href":"https:\/\/www.tgrthaber.com\/mavikadin\/wp-json\/wp\/v2\/posts\/121923"}],"collection":[{"href":"https:\/\/www.tgrthaber.com\/mavikadin\/wp-json\/wp\/v2\/posts"}],"about":[{"href":"https:\/\/www.tgrthaber.com\/mavikadin\/wp-json\/wp\/v2\/types\/post"}],"author":[{"embeddable":true,"href":"https:\/\/www.tgrthaber.com\/mavikadin\/wp-json\/wp\/v2\/users\/10"}],"replies":[{"embeddable":true,"href":"https:\/\/www.tgrthaber.com\/mavikadin\/wp-json\/wp\/v2\/comments?post=121923"}],"version-history":[{"count":2,"href":"https:\/\/www.tgrthaber.com\/mavikadin\/wp-json\/wp\/v2\/posts\/121923\/revisions"}],"predecessor-version":[{"id":121974,"href":"https:\/\/www.tgrthaber.com\/mavikadin\/wp-json\/wp\/v2\/posts\/121923\/revisions\/121974"}],"wp:featuredmedia":[{"embeddable":true,"href":"https:\/\/www.tgrthaber.com\/mavikadin\/wp-json\/wp\/v2\/media\/121924"}],"wp:attachment":[{"href":"https:\/\/www.tgrthaber.com\/mavikadin\/wp-json\/wp\/v2\/media?parent=121923"}],"wp:term":[{"taxonomy":"category","embeddable":true,"href":"https:\/\/www.tgrthaber.com\/mavikadin\/wp-json\/wp\/v2\/categories?post=121923"},{"taxonomy":"post_tag","embeddable":true,"href":"https:\/\/www.tgrthaber.com\/mavikadin\/wp-json\/wp\/v2\/tags?post=121923"}],"curies":[{"name":"wp","href":"https:\/\/api.w.org\/{rel}","templated":true}]}}