{"id":121948,"date":"2025-01-15T17:27:07","date_gmt":"2025-01-15T14:27:07","guid":{"rendered":"https:\/\/www.tgrthaber.com\/mavikadin\/?p=121948"},"modified":"2025-01-15T17:27:07","modified_gmt":"2025-01-15T14:27:07","slug":"wednesday-dizisinin-konusu-nedir-wednesday-hikayesi-gercek-mi","status":"publish","type":"post","link":"https:\/\/www.tgrthaber.com\/mavikadin\/wednesday-dizisinin-konusu-nedir-wednesday-hikayesi-gercek-mi\/","title":{"rendered":"Wednesday dizisinin konusu nedir? Wednesday hikayesi ger\u00e7ek mi?"},"content":{"rendered":"<p>Netflix platformunun k\u0131sa s\u00fcrede pop\u00fcler haline gelen, yay\u0131nland\u0131\u011f\u0131 ilk sezonuyla d\u00fcnya \u00e7ap\u0131nda izlenme rekorlar\u0131na imza atan dizisi Wednesday, 2. sezonuyla izleyici kar\u015f\u0131s\u0131na \u00e7\u0131kmaya haz\u0131rlan\u0131yor. Wednesday hayranlar\u0131n\u0131n da sab\u0131rs\u0131zl\u0131kla bekledi\u011fi 2. sezon izleyiciler taraf\u0131ndan merak ediliyor. Ayn\u0131 zamanda dizinin konusu ve hikayenin ger\u00e7ek olup olmad\u0131\u011f\u0131 da seyirci taraf\u0131ndan merak edilenler aras\u0131nda yer al\u0131yor. Peki, Wednesday dizisinin konusu nedir? Wednesday hikayesi ger\u00e7ek mi? Wednesday ile ilgili merak edilenleri sizin i\u00e7in ara\u015ft\u0131rd\u0131k. \u0130\u015fte Wednesday hakk\u0131nda merak edilenler\u2026<\/p>\n<hr \/>\n<h3>WEDNESDAY D\u0130Z\u0130S\u0130N\u0130N KONUSU NED\u0130R?<\/h3>\n<p>Netflix dijital platformunda yay\u0131nlanan ve yay\u0131nland\u0131\u011f\u0131 ilk hafta izlenme rekorlar\u0131na imza atan dizisi Wednesday, 341,2 milyon saat ile Netflix\u2019te bir haftada en \u00e7ok izlenen \u0130ngilizce dizi rekorunu k\u0131rm\u0131\u015ft\u0131. \u0130lk sezonuyla b\u00fcy\u00fck bir ba\u015far\u0131ya imza atan Wednesday dizisi, 2. sezonuyla da kas\u0131p kavurmaya geliyor. \u00c7ok yak\u0131nda 2. Sezonuyla Netflix ekranlar\u0131nda izleyici kar\u015f\u0131s\u0131na \u00e7\u0131kacak olan Wednesday dizisi hem g\u00fc\u00e7l\u00fc konusu hem de ba\u015far\u0131l\u0131 oyuncu kadrosuyla dikkatleri \u00fczerine \u00e7ekiyor.<\/p>\n<p><img loading=\"lazy\" decoding=\"async\" class=\"alignnone wp-image-121954\" src=\"https:\/\/www.tgrthaber.com\/mavikadin\/wp-content\/uploads\/Wednesday-2-1-1024x576.jpg\" alt=\"Wednesday hikayesi ger\u00e7ek mi? \" width=\"1208\" height=\"680\" title=\"\" srcset=\"https:\/\/www.tgrthaber.com\/mavikadin\/wp-content\/uploads\/Wednesday-2-1-1024x576.jpg 1024w, https:\/\/www.tgrthaber.com\/mavikadin\/wp-content\/uploads\/Wednesday-2-1-300x169.jpg 300w, https:\/\/www.tgrthaber.com\/mavikadin\/wp-content\/uploads\/Wednesday-2-1-768x432.jpg 768w, https:\/\/www.tgrthaber.com\/mavikadin\/wp-content\/uploads\/Wednesday-2-1-1536x864.jpg 1536w, https:\/\/www.tgrthaber.com\/mavikadin\/wp-content\/uploads\/Wednesday-2-1.jpg 1600w\" sizes=\"(max-width: 1208px) 100vw, 1208px\" \/><\/p>\n<hr \/>\n<p>Wednesday dizisindeki Wednesday karakteri, bir yandan okul hayat\u0131n\u0131 devam ettirmeye \u00e7al\u0131\u015f\u0131rken di\u011fer yandan ise pop\u00fcler ailesini yak\u0131ndan ilgilendiren gizemli cinayetlerle u\u011fra\u015fmak zorunda kal\u0131yor. Wednesday dizisi, Wednesday Addams\u2019\u0131n Nevermore Akademisi\u2019ndeki \u00f6\u011frencilik zamanlar\u0131nda ge\u00e7en do\u011fa\u00fcst\u00fc gizemlerle dolu bir dedektif hikayesini konu al\u0131yor. Gizemli cinayetlerin pe\u015fine d\u00fc\u015fen Wednesday, \u00f6ng\u00f6r\u00fc yetene\u011fini geli\u015ftirmeye \u00e7al\u0131\u015f\u0131rken ayn\u0131 zamanda kasabada deh\u015fet sa\u00e7an kanl\u0131 bir cinayeti de \u00f6nlemeye \u00e7al\u0131\u015fmaktad\u0131r. Bunun yan\u0131nda Wednesday, ailesinin 25 y\u0131l \u00f6nce kar\u0131\u015ft\u0131\u011f\u0131 do\u011fa\u00fcst\u00fc bir gizemi de a\u00e7\u0131\u011fa \u00e7\u0131karmaktad\u0131r.<\/p>\n<p><img loading=\"lazy\" decoding=\"async\" class=\"alignnone wp-image-121956\" src=\"https:\/\/www.tgrthaber.com\/mavikadin\/wp-content\/uploads\/Wednesday-5-1-1024x576.jpg\" alt=\"Wednesday hikayesi ger\u00e7ek mi? \" width=\"1208\" height=\"680\" title=\"\" srcset=\"https:\/\/www.tgrthaber.com\/mavikadin\/wp-content\/uploads\/Wednesday-5-1-1024x576.jpg 1024w, https:\/\/www.tgrthaber.com\/mavikadin\/wp-content\/uploads\/Wednesday-5-1-300x169.jpg 300w, https:\/\/www.tgrthaber.com\/mavikadin\/wp-content\/uploads\/Wednesday-5-1-768x432.jpg 768w, https:\/\/www.tgrthaber.com\/mavikadin\/wp-content\/uploads\/Wednesday-5-1-1536x864.jpg 1536w, https:\/\/www.tgrthaber.com\/mavikadin\/wp-content\/uploads\/Wednesday-5-1.jpg 1600w\" sizes=\"(max-width: 1208px) 100vw, 1208px\" \/><\/p>\n<hr \/>\n<h3>WEDNESDAY 2. SEZONDA NELER OLACAK?<\/h3>\n<p>Do\u011fa\u00fcst\u00fc gizemlerle dolu bir dedektif hikayesini konu alan dizide, Wednesday Addams karakteri \u00f6n plana \u00e7\u0131k\u0131yor. Wednesday dizisinin 2. sezonu da ilk sezonu kadar b\u00fcy\u00fck bir ilgiyle kar\u015f\u0131lanaca\u011fa benziyor. 2. Sezon \u00e7ekimleri tamamlanan dizinin yeni sezonunda neler olaca\u011f\u0131 da merak edilenler aras\u0131nda yer al\u0131yor. Dizinin yeni sezonunda hikayenin daha da derinle\u015fece\u011fi ve izleyicilere farkl\u0131 deneyimler sunaca\u011f\u0131 konu\u015fuluyor. Bununla birlikte ilk sezon \u00e7\u00f6z\u00fclemeyen gizemli olaylar\u0131n, yeni sezonda kar\u015f\u0131l\u0131k bulaca\u011f\u0131 s\u00f6yleniyor.<\/p>\n<p><img loading=\"lazy\" decoding=\"async\" class=\"alignnone wp-image-121955\" src=\"https:\/\/www.tgrthaber.com\/mavikadin\/wp-content\/uploads\/Wednesday-6-1-1024x576.jpg\" alt=\"Wednesday hikayesi ger\u00e7ek mi? \" width=\"1208\" height=\"680\" title=\"\" srcset=\"https:\/\/www.tgrthaber.com\/mavikadin\/wp-content\/uploads\/Wednesday-6-1-1024x576.jpg 1024w, https:\/\/www.tgrthaber.com\/mavikadin\/wp-content\/uploads\/Wednesday-6-1-300x169.jpg 300w, https:\/\/www.tgrthaber.com\/mavikadin\/wp-content\/uploads\/Wednesday-6-1-768x432.jpg 768w, https:\/\/www.tgrthaber.com\/mavikadin\/wp-content\/uploads\/Wednesday-6-1-1536x864.jpg 1536w, https:\/\/www.tgrthaber.com\/mavikadin\/wp-content\/uploads\/Wednesday-6-1.jpg 1600w\" sizes=\"(max-width: 1208px) 100vw, 1208px\" \/><\/p>\n<hr \/>\n<p>Nevermore Akademisi\u2019nde ger\u00e7ekle\u015fen gizemli olaylar\u0131n yan\u0131 s\u0131ra, yeni sezona Wednesday Addams\u2019\u0131n karanl\u0131k s\u0131rlar\u0131 \u00e7\u00f6zmek i\u00e7in g\u00f6sterece\u011fi \u00e7abada damga vuracak gibi g\u00f6z\u00fck\u00fcyor. Yeni sezon Wednesday Addams\u2019\u0131n aile \u00fcyelerinin daha \u00f6n planda olaca\u011f\u0131 bir sezon olacak. B\u00f6ylece seyirciler Addams ailesinin dinamiklerini ve gizemli d\u00fcnyas\u0131n\u0131 daha yak\u0131ndan tan\u0131ma f\u0131rsat\u0131 yakalayacak. Ayr\u0131ca yeni sezon, duygusal y\u00f6nlerin daha a\u011f\u0131r basaca\u011f\u0131 ve Wednesday\u2019in ki\u015fisel yolculu\u011funun \u00f6n planda oldu\u011fu bir sezon olacak.<\/p>\n<p><img loading=\"lazy\" decoding=\"async\" class=\"alignnone wp-image-121968\" src=\"https:\/\/www.tgrthaber.com\/mavikadin\/wp-content\/uploads\/Wednesday-2-2-1024x576.jpg\" alt=\"Wednesday hikayesi ger\u00e7ek mi? \" width=\"1208\" height=\"680\" title=\"\" srcset=\"https:\/\/www.tgrthaber.com\/mavikadin\/wp-content\/uploads\/Wednesday-2-2-1024x576.jpg 1024w, https:\/\/www.tgrthaber.com\/mavikadin\/wp-content\/uploads\/Wednesday-2-2-300x169.jpg 300w, https:\/\/www.tgrthaber.com\/mavikadin\/wp-content\/uploads\/Wednesday-2-2-768x432.jpg 768w, https:\/\/www.tgrthaber.com\/mavikadin\/wp-content\/uploads\/Wednesday-2-2-1536x864.jpg 1536w, https:\/\/www.tgrthaber.com\/mavikadin\/wp-content\/uploads\/Wednesday-2-2.jpg 1600w\" sizes=\"(max-width: 1208px) 100vw, 1208px\" \/><\/p>\n<hr \/>\n<h3>WEDNESDAY 2. SEZONDA HANG\u0130 OYUNCULAR VAR?<\/h3>\n<p>\u0130lk sezonuyla b\u00fcy\u00fck bir yank\u0131 uyand\u0131ran Wednesday dizisinin, 2. sezonu izleyiciler taraf\u0131ndan merakla bekleniyor. \u0130zleyiciler 2. sezonda hangi oyuncular dizide yer alaca\u011f\u0131n\u0131 da merak ediyor.<\/p>\n<p><img loading=\"lazy\" decoding=\"async\" class=\"alignnone wp-image-121957\" src=\"https:\/\/www.tgrthaber.com\/mavikadin\/wp-content\/uploads\/Wednesday-4-1-1024x576.jpg\" alt=\"Wednesday hikayesi ger\u00e7ek mi? \" width=\"1208\" height=\"680\" title=\"\" srcset=\"https:\/\/www.tgrthaber.com\/mavikadin\/wp-content\/uploads\/Wednesday-4-1-1024x576.jpg 1024w, https:\/\/www.tgrthaber.com\/mavikadin\/wp-content\/uploads\/Wednesday-4-1-300x169.jpg 300w, https:\/\/www.tgrthaber.com\/mavikadin\/wp-content\/uploads\/Wednesday-4-1-768x432.jpg 768w, https:\/\/www.tgrthaber.com\/mavikadin\/wp-content\/uploads\/Wednesday-4-1-1536x864.jpg 1536w, https:\/\/www.tgrthaber.com\/mavikadin\/wp-content\/uploads\/Wednesday-4-1.jpg 1600w\" sizes=\"(max-width: 1208px) 100vw, 1208px\" \/><\/p>\n<hr \/>\n<p>Wednesday dizisinin 2. Sezonunda Jenna Ortega, Emma Myers, Percy Hynes White, Hunter Doohan, Christina Ricci, Gwendoline Christie, Luis Guzm\u00e1n ve Catherine Zeta-Jones gibi isimler yer al\u0131yor. Ayn\u0131 zamanda yeni karakterlerinde diziye dahil olaca\u011f\u0131 s\u00f6yleniyor.<\/p>\n<h3>WEDNESDAY H\u0130KAYES\u0130 GER\u00c7EK M\u0130?<\/h3>\n<p>Wednesday dizisinin ba\u015frol oyuncusu Wednesday Addams karakteri, Amerikal\u0131 \u00e7izgi romanc\u0131 Charles Addams taraf\u0131ndan olu\u015fturulan kurgusal bir karikat\u00fcrd\u00fcr. Addams Ailesi\u2019nin k\u0131zlar\u0131 olan Wednesday karakteri son 60 y\u0131lda farkl\u0131 Addams Ailesi uygulamalar\u0131nda 7 farkl\u0131 aktris taraf\u0131ndan canland\u0131r\u0131lm\u0131\u015ft\u0131r.<\/p>\n<p><img loading=\"lazy\" decoding=\"async\" class=\"alignnone wp-image-121965\" src=\"https:\/\/www.tgrthaber.com\/mavikadin\/wp-content\/uploads\/Wednesday-1-2-1024x576.jpg\" alt=\"Wednesday hikayesi ger\u00e7ek mi? \" width=\"1208\" height=\"680\" title=\"\" srcset=\"https:\/\/www.tgrthaber.com\/mavikadin\/wp-content\/uploads\/Wednesday-1-2-1024x576.jpg 1024w, https:\/\/www.tgrthaber.com\/mavikadin\/wp-content\/uploads\/Wednesday-1-2-300x169.jpg 300w, https:\/\/www.tgrthaber.com\/mavikadin\/wp-content\/uploads\/Wednesday-1-2-768x432.jpg 768w, https:\/\/www.tgrthaber.com\/mavikadin\/wp-content\/uploads\/Wednesday-1-2-1536x864.jpg 1536w, https:\/\/www.tgrthaber.com\/mavikadin\/wp-content\/uploads\/Wednesday-1-2.jpg 1600w\" sizes=\"(max-width: 1208px) 100vw, 1208px\" \/><\/p>\n<hr \/>\n<p>Addams Ailesi ge\u00e7mi\u015ften bug\u00fcne bir\u00e7ok projede yer alm\u0131\u015f ve en son Netflix ekranlar\u0131nda izleyici kar\u015f\u0131s\u0131na \u00e7\u0131kan \u201cWednesday\u201d projesiyle kendini tekrar g\u00f6stermi\u015ftir. Addams Ailesi, karikat\u00fcrist Charles Addams taraf\u0131ndan kurgulanm\u0131\u015f bir ailedir. \u0130lk ba\u015flarda 1938\u2019li y\u0131llardan itibaren 50 y\u0131ll\u0131k bir s\u00fcre boyunca yay\u0131nlanan 150 ilgisiz tek panel karikat\u00fcr serisinden olu\u015fmaktad\u0131r. Addams Ailesi, ge\u00e7mi\u015ften bug\u00fcne dizi, film, video oyunlar\u0131, \u00e7izgi romanlar, m\u00fczikal ve ticari \u00fcr\u00fcnler gibi bir\u00e7ok medya kurulu\u015funa uyarlanm\u0131\u015ft\u0131r.<\/p>\n","protected":false},"excerpt":{"rendered":"<p>Yay\u0131nland\u0131\u011f\u0131 d\u00f6neme damga vuran ve t\u00fcm d\u00fcnya taraf\u0131ndan yo\u011fun bir ilgiyle takip edilen Wednesday dizisinin konusu merak ediliyor. Wednesday hikayesinin ger\u00e7ek olup olmad\u0131\u011f\u0131 ile alakal\u0131 sorularda en \u00e7ok merak edilenler aras\u0131nda. Peki, Wednesday dizisinin konusu nedir? Wednesday hikayesi ger\u00e7ek mi? <\/p>\n","protected":false},"author":26,"featured_media":121952,"comment_status":"closed","ping_status":"closed","sticky":false,"template":"","format":"standard","meta":{"rank_math_lock_modified_date":false,"footnotes":""},"categories":[602],"tags":[8149,7688,8207],"class_list":["post-121948","post","type-post","status-publish","format-standard","has-post-thumbnail","hentry","category-diziler","tag-wednesday","tag-wednesday-2-sezon","tag-wednesday-konusu"],"_links":{"self":[{"href":"https:\/\/www.tgrthaber.com\/mavikadin\/wp-json\/wp\/v2\/posts\/121948"}],"collection":[{"href":"https:\/\/www.tgrthaber.com\/mavikadin\/wp-json\/wp\/v2\/posts"}],"about":[{"href":"https:\/\/www.tgrthaber.com\/mavikadin\/wp-json\/wp\/v2\/types\/post"}],"author":[{"embeddable":true,"href":"https:\/\/www.tgrthaber.com\/mavikadin\/wp-json\/wp\/v2\/users\/26"}],"replies":[{"embeddable":true,"href":"https:\/\/www.tgrthaber.com\/mavikadin\/wp-json\/wp\/v2\/comments?post=121948"}],"version-history":[{"count":1,"href":"https:\/\/www.tgrthaber.com\/mavikadin\/wp-json\/wp\/v2\/posts\/121948\/revisions"}],"predecessor-version":[{"id":121971,"href":"https:\/\/www.tgrthaber.com\/mavikadin\/wp-json\/wp\/v2\/posts\/121948\/revisions\/121971"}],"wp:featuredmedia":[{"embeddable":true,"href":"https:\/\/www.tgrthaber.com\/mavikadin\/wp-json\/wp\/v2\/media\/121952"}],"wp:attachment":[{"href":"https:\/\/www.tgrthaber.com\/mavikadin\/wp-json\/wp\/v2\/media?parent=121948"}],"wp:term":[{"taxonomy":"category","embeddable":true,"href":"https:\/\/www.tgrthaber.com\/mavikadin\/wp-json\/wp\/v2\/categories?post=121948"},{"taxonomy":"post_tag","embeddable":true,"href":"https:\/\/www.tgrthaber.com\/mavikadin\/wp-json\/wp\/v2\/tags?post=121948"}],"curies":[{"name":"wp","href":"https:\/\/api.w.org\/{rel}","templated":true}]}}