{"id":121970,"date":"2025-01-15T18:17:48","date_gmt":"2025-01-15T15:17:48","guid":{"rendered":"https:\/\/www.tgrthaber.com\/mavikadin\/?p=121970"},"modified":"2025-01-15T18:19:33","modified_gmt":"2025-01-15T15:19:33","slug":"badem-yagi-sac-cikarir-mi-sac-gurlestirmede-en-cok-sac-cikaran-yag","status":"publish","type":"post","link":"https:\/\/www.tgrthaber.com\/mavikadin\/badem-yagi-sac-cikarir-mi-sac-gurlestirmede-en-cok-sac-cikaran-yag\/","title":{"rendered":"Badem ya\u011f\u0131 sa\u00e7 \u00e7\u0131kar\u0131r m\u0131? Sa\u00e7 g\u00fcrle\u015ftirmek i\u00e7in en etkili do\u011fal y\u00f6ntem&#8230;"},"content":{"rendered":"<p>G\u00fcndelik ya\u015fant\u0131m\u0131z i\u00e7erisinde diyetisyenlerin &#8216;sa\u011fl\u0131kl\u0131 at\u0131\u015ft\u0131rmal\u0131k&#8217; ad\u0131na \u00f6nerdi\u011fi besin kaynaklar\u0131ndan biri olan badem, birtak\u0131m i\u015flemlerden ge\u00e7irilmesi sonucunda ortaya \u00e7\u0131kar\u0131lan ya\u011f\u0131 ile gerek cilt sa\u011fl\u0131\u011f\u0131nda gerek de sa\u00e7 sa\u011fl\u0131\u011f\u0131nda olduk\u00e7a \u00f6nemli bir rol oynar.<\/p>\n<p>\u0130\u00e7erisindeki y\u00fcksek de\u011ferdeki protein \u00f6zelli\u011finin yan\u0131 s\u0131ra Omega 3 ya\u011f asitleri, mineraller ve E vitamini bak\u0131m\u0131ndan da adeta bir velinimet olan badem ya\u011f\u0131 \u00f6zellikle de sa\u011fl\u0131kl\u0131 ve canl\u0131 sa\u00e7lar i\u00e7in olmazsa olmazd\u0131r.<\/p>\n<p>Sa\u00e7 bak\u0131m\u0131nda tercih edilmesi \u00f6nemle \u00f6nerilen badem ya\u011f\u0131n\u0131n toplum i\u00e7erisinde bilinen en yayg\u0131n faydalar\u0131ndan birisi de sa\u00e7 g\u00fcrle\u015ftirmeye y\u00f6nelik sa\u011flad\u0131\u011f\u0131 destektir. Peki badem ya\u011f\u0131 ger\u00e7ekten sa\u00e7 \u00e7\u0131kar\u0131yor mu? Badem ya\u011f\u0131n\u0131n sa\u00e7 g\u00fcrle\u015ftirmedeki etkisi&#8230;<\/p>\n<h3>BADEM YA\u011eI SA\u00c7I G\u00dcRLE\u015eT\u0130R\u0130R M\u0130?<\/h3>\n<p>Hi\u00e7bir besin kayna\u011f\u0131 ya da \u00fcr\u00fcn, sa\u00e7 \u00e7\u0131karma konusunda tek ba\u015f\u0131na etkili de\u011fil iken elbette ki badem ya\u011f\u0131 da her ne kadar \u00e7ok k\u0131ymetli olan bile\u015fenleri tek bir b\u00fcnyede toplasa da sa\u00e7 g\u00fcrle\u015ftirmede tek ba\u015f\u0131na \u00e7\u00f6z\u00fcm olmamaktad\u0131r. Sadece badem ya\u011f\u0131 s\u00fcrerek sa\u00e7 g\u00fcrle\u015ftirme yap\u0131lamayaca\u011f\u0131 rahatl\u0131kla s\u00f6ylenebilse de badem ya\u011f\u0131n\u0131n sa\u00e7 sa\u011fl\u0131\u011f\u0131 \u00fczerindeki olumlu etkileri de bilinen bir ger\u00e7ektir.<\/p>\n<p><img loading=\"lazy\" decoding=\"async\" class=\"wp-image-121978\" src=\"https:\/\/www.tgrthaber.com\/mavikadin\/wp-content\/uploads\/ZsnLcFpr.jpg\" alt=\"Badem ya\u011f\u0131 sa\u00e7 \u00e7\u0131kar\u0131r m\u0131?\" width=\"1208\" height=\"677\" title=\"\" srcset=\"https:\/\/www.tgrthaber.com\/mavikadin\/wp-content\/uploads\/ZsnLcFpr.jpg 1060w, https:\/\/www.tgrthaber.com\/mavikadin\/wp-content\/uploads\/ZsnLcFpr-300x168.jpg 300w, https:\/\/www.tgrthaber.com\/mavikadin\/wp-content\/uploads\/ZsnLcFpr-1024x574.jpg 1024w, https:\/\/www.tgrthaber.com\/mavikadin\/wp-content\/uploads\/ZsnLcFpr-768x430.jpg 768w\" sizes=\"(max-width: 1208px) 100vw, 1208px\" \/><\/p>\n<hr \/>\n<p>Sa\u00e7 bak\u0131m rutinine eklendi\u011finde zamanla sa\u00e7 tellerini besleyip, g\u00fc\u00e7lendirerek sa\u00e7lar\u0131n daha sa\u011fl\u0131kl\u0131, canl\u0131 ve g\u00fcr g\u00f6r\u00fcn\u00fcm\u00fcne yard\u0131mc\u0131 oldu\u011fu s\u00f6ylenebilir. Dolay\u0131s\u0131yla da belirli miktarda tatl\u0131 badem ya\u011f\u0131n\u0131 sa\u00e7 bak\u0131m rutininize ekleyerek; sa\u00e7 k\u00f6klerinin sa\u011fl\u0131kl\u0131 bir \u015fekilde beslenmesine yard\u0131mc\u0131 olabilir ve sa\u00e7 d\u00f6k\u00fclme riskini minimum seviyeye indirgeyebilirsiniz.<\/p>\n<p>Sa\u00e7lara her g\u00fcn d\u00fczenli bir \u015fekilde uygulanan tatl\u0131 badem ya\u011flar\u0131 ile sa\u00e7 sa\u011fl\u0131\u011f\u0131n\u0131z\u0131 destekleyebilir, sa\u00e7lar\u0131n\u0131z\u0131n hacmini artt\u0131rarak daha g\u00fcr bir g\u00f6r\u00fcn\u00fcm almas\u0131n\u0131 sa\u011flayabilirsiniz.<\/p>\n<h3>BADEM YA\u011eININ SA\u00c7 SA\u00c7LARA FAYDALARI:<\/h3>\n<p>K\u0131saca bahsedecek olursak tatl\u0131 badem ya\u011f\u0131n\u0131n sa\u00e7 sa\u011fl\u0131\u011f\u0131 \u00fczerinde son derece olumlu etkileri bulunur. Bu ba\u015fl\u0131klar\u0131 ise \u015fu \u015fekilde s\u0131ralayabiliriz;<\/p>\n<h3>SA\u00c7 D\u00d6K\u00dcLMES\u0130N\u0130 AZALTARAK SA\u00c7 \u00c7IKARMA:<\/h3>\n<p>\u00c7e\u015fitli sebeplerden kaynaklanarak g\u00f6r\u00fclebilecek olan sa\u00e7 d\u00f6k\u00fclmelerin \u00f6n\u00fcne ge\u00e7ece\u011fi i\u00e7in dolay\u0131s\u0131yla da sa\u00e7lar daha kalabal\u0131k durarak g\u00fcr bir g\u00f6r\u00fcn\u00fcm elde edecektir.<\/p>\n<p><img loading=\"lazy\" decoding=\"async\" class=\"alignnone wp-image-42661\" src=\"https:\/\/www.tgrthaber.com\/mavikadin\/wp-content\/uploads\/2024\/09\/sems-aslan-sac-cikarma-gurlestirme-sac-dokulmesini-onleyen-kur.jpg\" alt=\"\" width=\"1208\" height=\"634\" title=\"\" srcset=\"https:\/\/www.tgrthaber.com\/mavikadin\/wp-content\/uploads\/2024\/09\/sems-aslan-sac-cikarma-gurlestirme-sac-dokulmesini-onleyen-kur.jpg 640w, https:\/\/www.tgrthaber.com\/mavikadin\/wp-content\/uploads\/2024\/09\/sems-aslan-sac-cikarma-gurlestirme-sac-dokulmesini-onleyen-kur-300x158.jpg 300w, https:\/\/www.tgrthaber.com\/mavikadin\/wp-content\/uploads\/2024\/09\/sems-aslan-sac-cikarma-gurlestirme-sac-dokulmesini-onleyen-kur-571x300.jpg 571w, https:\/\/www.tgrthaber.com\/mavikadin\/wp-content\/uploads\/2024\/09\/sems-aslan-sac-cikarma-gurlestirme-sac-dokulmesini-onleyen-kur-600x315.jpg 600w, https:\/\/www.tgrthaber.com\/mavikadin\/wp-content\/uploads\/2024\/09\/sems-aslan-sac-cikarma-gurlestirme-sac-dokulmesini-onleyen-kur-30x16.jpg 30w, https:\/\/www.tgrthaber.com\/mavikadin\/wp-content\/uploads\/2024\/09\/sems-aslan-sac-cikarma-gurlestirme-sac-dokulmesini-onleyen-kur-19x10.jpg 19w\" sizes=\"(max-width: 1208px) 100vw, 1208px\" \/><\/p>\n<hr \/>\n<p>\u00d6zellikle de sa\u00e7 k\u00f6kleri zay\u0131f olan ki\u015filerde daha yayg\u0131n rastlanan sa\u00e7 d\u00f6k\u00fclmelerinde tatl\u0131 badem ya\u011f\u0131 sa\u00e7\u0131 besler ve sa\u00e7lar\u0131n daha kal\u0131n ve dolgun \u00e7\u0131kmas\u0131n\u0131 sa\u011flar.<\/p>\n<h3>SA\u00c7 K\u00d6KLER\u0130N\u0130 G\u00dc\u00c7LEND\u0130R\u0130R<\/h3>\n<p>\u0130\u00e7erisindeki E vitamini, magnezyum ve \u00e7inko gibi mineraller ile g\u00fc\u00e7l\u00fc bir sa\u00e7 k\u00f6k\u00fcne zemin haz\u0131rlar.\u00a0 Sa\u011fl\u0131kl\u0131 sa\u00e7 k\u00f6kleri ise sa\u00e7\u0131n daha \u00e7abuk bir s\u00fcrede uzamas\u0131n\u0131 ve g\u00fcrle\u015fmesine katk\u0131 sa\u011flar. Ayr\u0131ca, badem ya\u011f\u0131n sa\u00e7\u0131n d\u0131\u015f etkenlere daha diren\u00e7li olmas\u0131na da\u00a0 destek olur.<\/p>\n<h3>HACM\u0130 ARTTIRARAK SA\u00c7LARI G\u00dcR G\u00d6STER\u0130R<\/h3>\n<p>D\u00fczenli bir sa\u00e7 bak\u0131m\u0131 rutinine eklenen tatl\u0131 badem ya\u011f\u0131 sa\u00e7 telleri \u00fczerinde yumu\u015fakl\u0131k sa\u011flayarak kuru olan sa\u00e7lar\u0131n nemlenmesini sa\u011flay\u0131p daha parlak ve canl\u0131 g\u00f6r\u00fcnmesini sa\u011flar. B\u00f6ylelikle badem ya\u011f\u0131 ile sa\u00e7lar daha g\u00fcr ve dolgun bir g\u00f6r\u00fcn\u00fcmde olacakt\u0131r.<\/p>\n<p><img loading=\"lazy\" decoding=\"async\" class=\"alignnone wp-image-121949\" src=\"https:\/\/www.tgrthaber.com\/mavikadin\/wp-content\/uploads\/saclara-kis-bakimi.jpg\" alt=\"sa\u00e7lara k\u0131\u015f bak\u0131m\u0131\" width=\"1208\" height=\"680\" title=\"\" srcset=\"https:\/\/www.tgrthaber.com\/mavikadin\/wp-content\/uploads\/saclara-kis-bakimi.jpg 1920w, https:\/\/www.tgrthaber.com\/mavikadin\/wp-content\/uploads\/saclara-kis-bakimi-300x169.jpg 300w, https:\/\/www.tgrthaber.com\/mavikadin\/wp-content\/uploads\/saclara-kis-bakimi-1024x576.jpg 1024w, https:\/\/www.tgrthaber.com\/mavikadin\/wp-content\/uploads\/saclara-kis-bakimi-768x432.jpg 768w, https:\/\/www.tgrthaber.com\/mavikadin\/wp-content\/uploads\/saclara-kis-bakimi-1536x864.jpg 1536w\" sizes=\"(max-width: 1208px) 100vw, 1208px\" \/><\/p>\n<hr \/>\n<p>\u00d6zellikle de ince telli sa\u00e7lara sahip olan kad\u0131nlar i\u00e7in \u00e7ok daha g\u00f6zle g\u00f6r\u00fcl\u00fcr faydalar\u0131 bulunmaktad\u0131r.<\/p>\n<h3>SA\u00c7LARI BESLEYEN BADEM YA\u011eI MASKES\u0130 TAR\u0130F\u0130<\/h3>\n<p><strong>MALZEMELER:<\/strong> 2 yemek ka\u015f\u0131\u011f\u0131 Hindistan cevizi ya\u011f\u0131, 2 yemek ka\u015f\u0131\u011f\u0131 zeytinya\u011f\u0131, 1 yemek ka\u015f\u0131\u011f\u0131 tatl\u0131 badem ya\u011f\u0131 ya da Hint ya\u011f\u0131, iste\u011fe g\u00f6re 1 kaps\u00fcl B vitamini.<\/p>\n<h3>BADEM YA\u011eI MASKES\u0130N\u0130N YAPILI\u015eI:<\/h3>\n<p>Yukar\u0131da bahsedilen malzemeleri bir kapta kar\u0131\u015ft\u0131r\u0131p m\u00fcmk\u00fcnse \u0131l\u0131k olan bir sa\u00e7 \u00fczerine uygulayarak sa\u00e7\u0131n\u0131zda bir m\u00fcddet bekletin. Misal; gece yatmadan \u00f6nce kar\u0131\u015f\u0131m\u0131 sa\u00e7\u0131n\u0131za s\u00fcr\u00fcp \u00fczerine havlu ya da bir po\u015fet takabilirsiniz. Sabah uyan\u0131nca sa\u00e7lar\u0131n\u0131z\u0131 y\u0131kayarak haftada en az 2 kez bu i\u015flemi tekrarlayabilirsiniz.<\/p>\n","protected":false},"excerpt":{"rendered":"<p>Sa\u00e7 g\u00fcrle\u015ftirme konusunda olumlu etkileri bulunan badem ya\u011f\u0131n\u0131n d\u00fczenli uyguland\u0131\u011f\u0131nda sa\u00e7lar \u00fczerinde meydana gelen de\u011fi\u015fimleri sizlere s\u0131ralad\u0131k. Peki badem ya\u011f\u0131 sa\u00e7 \u00e7\u0131kar\u0131r m\u0131? Sa\u00e7 g\u00fcrle\u015ftirmek i\u00e7in en etkili ya\u011f hangisi?<\/p>\n","protected":false},"author":27,"featured_media":121981,"comment_status":"closed","ping_status":"closed","sticky":false,"template":"","format":"standard","meta":{"rank_math_lock_modified_date":false,"footnotes":""},"categories":[166],"tags":[8212,8209,8211,2832,8210],"class_list":["post-121970","post","type-post","status-publish","format-standard","has-post-thumbnail","hentry","category-sac-bakimi-sac-uzatma","tag-badem-yagi","tag-badem-yagi-saci-gurlestirir-mi","tag-badem-yaginin-saca-faydalari","tag-sac-bakimi","tag-sac-gurlestirme"],"_links":{"self":[{"href":"https:\/\/www.tgrthaber.com\/mavikadin\/wp-json\/wp\/v2\/posts\/121970"}],"collection":[{"href":"https:\/\/www.tgrthaber.com\/mavikadin\/wp-json\/wp\/v2\/posts"}],"about":[{"href":"https:\/\/www.tgrthaber.com\/mavikadin\/wp-json\/wp\/v2\/types\/post"}],"author":[{"embeddable":true,"href":"https:\/\/www.tgrthaber.com\/mavikadin\/wp-json\/wp\/v2\/users\/27"}],"replies":[{"embeddable":true,"href":"https:\/\/www.tgrthaber.com\/mavikadin\/wp-json\/wp\/v2\/comments?post=121970"}],"version-history":[{"count":5,"href":"https:\/\/www.tgrthaber.com\/mavikadin\/wp-json\/wp\/v2\/posts\/121970\/revisions"}],"predecessor-version":[{"id":121988,"href":"https:\/\/www.tgrthaber.com\/mavikadin\/wp-json\/wp\/v2\/posts\/121970\/revisions\/121988"}],"wp:featuredmedia":[{"embeddable":true,"href":"https:\/\/www.tgrthaber.com\/mavikadin\/wp-json\/wp\/v2\/media\/121981"}],"wp:attachment":[{"href":"https:\/\/www.tgrthaber.com\/mavikadin\/wp-json\/wp\/v2\/media?parent=121970"}],"wp:term":[{"taxonomy":"category","embeddable":true,"href":"https:\/\/www.tgrthaber.com\/mavikadin\/wp-json\/wp\/v2\/categories?post=121970"},{"taxonomy":"post_tag","embeddable":true,"href":"https:\/\/www.tgrthaber.com\/mavikadin\/wp-json\/wp\/v2\/tags?post=121970"}],"curies":[{"name":"wp","href":"https:\/\/api.w.org\/{rel}","templated":true}]}}