{"id":121993,"date":"2025-01-15T18:29:13","date_gmt":"2025-01-15T15:29:13","guid":{"rendered":"https:\/\/www.tgrthaber.com\/mavikadin\/?p=121993"},"modified":"2025-01-15T18:29:13","modified_gmt":"2025-01-15T15:29:13","slug":"deha-dizisi-ferman-kimdir-ogulcan-arman-uslu-hakkinda-tum-detaylar","status":"publish","type":"post","link":"https:\/\/www.tgrthaber.com\/mavikadin\/deha-dizisi-ferman-kimdir-ogulcan-arman-uslu-hakkinda-tum-detaylar\/","title":{"rendered":"Deha dizisi Ferman kimdir? O\u011fulcan Arman Uslu hakk\u0131nda t\u00fcm detaylar"},"content":{"rendered":"<p>Show TV\u2019nin b\u00fcy\u00fck ilgi g\u00f6ren yap\u0131m\u0131 Deha, g\u00fc\u00e7l\u00fc hikayesi ve etkileyici karakterleriyle izleyicileri her hafta ekran ba\u015f\u0131na kilitlemeyi ba\u015far\u0131yor. Dizide Ferman karakteri, hikayeye derinlik ve \u00e7at\u0131\u015fma katan \u00f6nemli bir fig\u00fcr olarak \u00f6ne \u00e7\u0131k\u0131yor. Peki, Ferman kimdir? Bu karaktere hayat veren ba\u015far\u0131l\u0131 oyuncu O\u011fulcan Arman Uslu kimdir? \u0130\u015fte detaylar!<\/p>\n<h3>DEHA D\u0130Z\u0130S\u0130 FERMAN K\u0130MD\u0130R?<\/h3>\n<p>Deha dizisinde Ferman, \u0130skender ve G\u00fclce\u2019nin ilk o\u011flu, Devran\u2019\u0131n ise en b\u00fcy\u00fck a\u011fabeyidir. Babas\u0131 \u0130skender Karan\u2019\u0131n ailesini terk etti\u011fi d\u00f6nemde hen\u00fcz 10 ya\u015f\u0131nda olan Ferman, bu olay\u0131n a\u011f\u0131rl\u0131\u011f\u0131n\u0131 ve sorumlulu\u011funu derinden hisseden bir \u00e7ocuktur. Erken ya\u015fta olgunla\u015fmak zorunda kalan, ak\u0131ll\u0131 ve sa\u011fduyulu bir karakter olan Ferman, aile i\u00e7inde Devran\u2019a g\u00f6sterilen ilgiyi ve onun karizmatik yap\u0131s\u0131n\u0131 k\u0131skan\u0131r. Ferman\u2019\u0131n bu k\u0131skan\u00e7l\u0131\u011f\u0131, hikayede \u00f6nemli \u00e7at\u0131\u015fmalardan birini olu\u015fturur.<\/p>\n<p><img loading=\"lazy\" decoding=\"async\" class=\"alignnone size-full wp-image-121996\" src=\"https:\/\/www.tgrthaber.com\/mavikadin\/wp-content\/uploads\/Yeni-Proje-1-20.jpg\" alt=\"\" width=\"1208\" height=\"680\" title=\"\" srcset=\"https:\/\/www.tgrthaber.com\/mavikadin\/wp-content\/uploads\/Yeni-Proje-1-20.jpg 1208w, https:\/\/www.tgrthaber.com\/mavikadin\/wp-content\/uploads\/Yeni-Proje-1-20-300x169.jpg 300w, https:\/\/www.tgrthaber.com\/mavikadin\/wp-content\/uploads\/Yeni-Proje-1-20-1024x576.jpg 1024w, https:\/\/www.tgrthaber.com\/mavikadin\/wp-content\/uploads\/Yeni-Proje-1-20-768x432.jpg 768w\" sizes=\"(max-width: 1208px) 100vw, 1208px\" \/><\/p>\n<hr \/>\n<h3>DEHA D\u0130Z\u0130S\u0130 DEVRAN&#8217;IN KARDE\u015eLER\u0130 K\u0130M?<\/h3>\n<p>Ferman\u2019\u0131n ailesindeki roller ve ili\u015fkiler olduk\u00e7a karma\u015f\u0131k. \u0130\u015fte Devran\u2019\u0131n karde\u015fleri:<\/p>\n<p>\u0130skender Karan (Babas\u0131)<\/p>\n<p>G\u00fclce G\u00f6rg\u00fcl\u00fc (Annesi)<\/p>\n<p>Ferman Karan (A\u011fabeyi)<\/p>\n<p>Yaman Karan (A\u011fabeyi)<\/p>\n<p>Cesur Karan (\u00dcvey Karde\u015fi)<\/p>\n<p>Boran Karan (\u00d6len Karde\u015fi)<\/p>\n<p>Ceylan Karan (Karde\u015fi)<\/p>\n<p><img loading=\"lazy\" decoding=\"async\" class=\"alignnone size-full wp-image-121997\" src=\"https:\/\/www.tgrthaber.com\/mavikadin\/wp-content\/uploads\/Yeni-Proje-2-19.jpg\" alt=\"\" width=\"1208\" height=\"680\" title=\"\" srcset=\"https:\/\/www.tgrthaber.com\/mavikadin\/wp-content\/uploads\/Yeni-Proje-2-19.jpg 1208w, https:\/\/www.tgrthaber.com\/mavikadin\/wp-content\/uploads\/Yeni-Proje-2-19-300x169.jpg 300w, https:\/\/www.tgrthaber.com\/mavikadin\/wp-content\/uploads\/Yeni-Proje-2-19-1024x576.jpg 1024w, https:\/\/www.tgrthaber.com\/mavikadin\/wp-content\/uploads\/Yeni-Proje-2-19-768x432.jpg 768w\" sizes=\"(max-width: 1208px) 100vw, 1208px\" \/><\/p>\n<hr \/>\n<h3>O\u011eULCAN ARMAN USLU K\u0130MD\u0130R?<\/h3>\n<p>Ferman karakterine hayat veren O\u011fulcan Arman Uslu, yetenekli ve ba\u015far\u0131l\u0131 bir oyuncu. Ankara do\u011fumlu olan Uslu, Ankara \u00dcniversitesi Dil ve Tarih Co\u011frafya Fak\u00fcltesi\u2019nden mezun olmu\u015ftur. Ankara Devlet Tiyatrosu ve Bursa Nil\u00fcfer Belediyesi Kent Tiyatrosu gibi \u00f6nemli sahnelerde performans sergileyen oyuncu, tiyatrodan ekranlara uzanan ba\u015far\u0131l\u0131 bir kariyere sahiptir.<\/p>\n<p>O\u011fulcan Arman Uslu&#8217;nun yer ald\u0131\u011f\u0131 projeler:<\/p>\n<p>\u00dc\u00e7 Bin Y\u0131ll\u0131k Bekleyi\u015f<\/p>\n<p>\u0130stanbul Bah\u00e7esi<\/p>\n<p>Bezness (Yeni Alman Sinemas\u0131 En \u0130yi Oyuncu \u00d6d\u00fcl\u00fc)<\/p>\n<p>Ayr\u0131ca Kara A\u011fa\u00e7 Destan\u0131 dizisinde Mero karakteriyle dikkat \u00e7eken Uslu, Ya \u00c7ok Seversen, Tozluyaka ve S\u00f6z Senettir gibi pop\u00fcler yap\u0131mlarda da rol ald\u0131.<\/p>\n<p><img loading=\"lazy\" decoding=\"async\" class=\"alignnone size-full wp-image-121998\" src=\"https:\/\/www.tgrthaber.com\/mavikadin\/wp-content\/uploads\/Yeni-Proje-73.jpg\" alt=\"\" width=\"1208\" height=\"680\" title=\"\" srcset=\"https:\/\/www.tgrthaber.com\/mavikadin\/wp-content\/uploads\/Yeni-Proje-73.jpg 1208w, https:\/\/www.tgrthaber.com\/mavikadin\/wp-content\/uploads\/Yeni-Proje-73-300x169.jpg 300w, https:\/\/www.tgrthaber.com\/mavikadin\/wp-content\/uploads\/Yeni-Proje-73-1024x576.jpg 1024w, https:\/\/www.tgrthaber.com\/mavikadin\/wp-content\/uploads\/Yeni-Proje-73-768x432.jpg 768w\" sizes=\"(max-width: 1208px) 100vw, 1208px\" \/><\/p>\n<hr \/>\n<h3>DEHA D\u0130Z\u0130S\u0130 OYUNCULARI<\/h3>\n<p>Deha\u2019n\u0131n y\u0131ld\u0131zlarla dolu oyuncu kadrosunda \u015fu isimler yer al\u0131yor:<\/p>\n<ul>\n<li>Aras Bulut \u0130ynemli<\/li>\n<li>U\u011fur Polat<\/li>\n<li>Taner \u00d6lmez<\/li>\n<li>Onur Saylak<\/li>\n<li>Melis Sezen<\/li>\n<li>Ahsen Ero\u011flu<\/li>\n<li>Seda Akman<\/li>\n<li>Zuhal Gencer<\/li>\n<li>Umutcan \u00dctebay<\/li>\n<li>O\u011fulcan Arman Uslu<\/li>\n<\/ul>\n<p><img loading=\"lazy\" decoding=\"async\" class=\"alignnone size-full wp-image-121999\" src=\"https:\/\/www.tgrthaber.com\/mavikadin\/wp-content\/uploads\/Yeni-Proje-3-16.jpg\" alt=\"\" width=\"1208\" height=\"680\" title=\"\" srcset=\"https:\/\/www.tgrthaber.com\/mavikadin\/wp-content\/uploads\/Yeni-Proje-3-16.jpg 1208w, https:\/\/www.tgrthaber.com\/mavikadin\/wp-content\/uploads\/Yeni-Proje-3-16-300x169.jpg 300w, https:\/\/www.tgrthaber.com\/mavikadin\/wp-content\/uploads\/Yeni-Proje-3-16-1024x576.jpg 1024w, https:\/\/www.tgrthaber.com\/mavikadin\/wp-content\/uploads\/Yeni-Proje-3-16-768x432.jpg 768w\" sizes=\"(max-width: 1208px) 100vw, 1208px\" \/><\/p>\n<hr \/>\n<h3>DEHA D\u0130Z\u0130S\u0130 HANG\u0130 G\u00dcN YAYINLANIYOR?<\/h3>\n<p>Her hafta Pazar ak\u015famlar\u0131 saat 20.00\u2019de Show TV ekranlar\u0131nda yay\u0131nlanan Deha, etkileyici hikayesi ve ba\u015far\u0131l\u0131 oyunculuklar\u0131yla izleyicilerin ilgisini canl\u0131 tutmay\u0131 ba\u015far\u0131yor.<\/p>\n","protected":false},"excerpt":{"rendered":"<p>Deha dizisinin Ferman\u2019\u0131 kimdir? \u0130skender ve G\u00fclce\u2019nin o\u011flu, Devran\u2019\u0131n a\u011fabeyi Ferman\u2019\u0131 ve Ferman karakterini oynayan O\u011fulcan Arman Uslu hakk\u0131nda t\u00fcm detaylar haberimizde&#8230;<\/p>\n","protected":false},"author":4,"featured_media":121995,"comment_status":"closed","ping_status":"closed","sticky":false,"template":"","format":"standard","meta":{"rank_math_lock_modified_date":false,"footnotes":""},"categories":[491],"tags":[1308,8219,8220],"class_list":["post-121993","post","type-post","status-publish","format-standard","has-post-thumbnail","hentry","category-biyografi","tag-ferman","tag-ferman-kimdir","tag-ogulcan-arman-uslu"],"_links":{"self":[{"href":"https:\/\/www.tgrthaber.com\/mavikadin\/wp-json\/wp\/v2\/posts\/121993"}],"collection":[{"href":"https:\/\/www.tgrthaber.com\/mavikadin\/wp-json\/wp\/v2\/posts"}],"about":[{"href":"https:\/\/www.tgrthaber.com\/mavikadin\/wp-json\/wp\/v2\/types\/post"}],"author":[{"embeddable":true,"href":"https:\/\/www.tgrthaber.com\/mavikadin\/wp-json\/wp\/v2\/users\/4"}],"replies":[{"embeddable":true,"href":"https:\/\/www.tgrthaber.com\/mavikadin\/wp-json\/wp\/v2\/comments?post=121993"}],"version-history":[{"count":2,"href":"https:\/\/www.tgrthaber.com\/mavikadin\/wp-json\/wp\/v2\/posts\/121993\/revisions"}],"predecessor-version":[{"id":122001,"href":"https:\/\/www.tgrthaber.com\/mavikadin\/wp-json\/wp\/v2\/posts\/121993\/revisions\/122001"}],"wp:featuredmedia":[{"embeddable":true,"href":"https:\/\/www.tgrthaber.com\/mavikadin\/wp-json\/wp\/v2\/media\/121995"}],"wp:attachment":[{"href":"https:\/\/www.tgrthaber.com\/mavikadin\/wp-json\/wp\/v2\/media?parent=121993"}],"wp:term":[{"taxonomy":"category","embeddable":true,"href":"https:\/\/www.tgrthaber.com\/mavikadin\/wp-json\/wp\/v2\/categories?post=121993"},{"taxonomy":"post_tag","embeddable":true,"href":"https:\/\/www.tgrthaber.com\/mavikadin\/wp-json\/wp\/v2\/tags?post=121993"}],"curies":[{"name":"wp","href":"https:\/\/api.w.org\/{rel}","templated":true}]}}