{"id":122011,"date":"2025-01-15T19:00:54","date_gmt":"2025-01-15T16:00:54","guid":{"rendered":"https:\/\/www.tgrthaber.com\/mavikadin\/?p=122011"},"modified":"2025-01-15T19:00:54","modified_gmt":"2025-01-15T16:00:54","slug":"kunduz-karakteri-ile-deha-dizisine-katilan-emir-benderlioglu-kakkinda-merak-edilenler","status":"publish","type":"post","link":"https:\/\/www.tgrthaber.com\/mavikadin\/kunduz-karakteri-ile-deha-dizisine-katilan-emir-benderlioglu-kakkinda-merak-edilenler\/","title":{"rendered":"Kunduz karakteri ile Deha dizisine kat\u0131lan Emir Benderlio\u011flu kakk\u0131nda merak edilenler"},"content":{"rendered":"<p>Show TV\u2019nin sevilen dizisi Deha, izleyicileri heyecan dolu bir maceraya s\u00fcr\u00fcklemeye devam ediyor. Pazar ak\u015famlar\u0131 yay\u0131nlanan ve y\u00fcksek reyting oranlar\u0131yla dikkat \u00e7eken dizinin kadrosuna, T\u00fcrk televizyonunun ba\u015far\u0131l\u0131 isimlerinden Emir Benderlio\u011flu kat\u0131ld\u0131. \u00dcnl\u00fc oyuncu, Deha&#8217;da Kunduz rol\u00fcyle izleyici kar\u015f\u0131s\u0131na \u00e7\u0131k\u0131yor.<\/p>\n<h3>DEHA D\u0130Z\u0130S\u0130NE KUNDUZ KARAKTER\u0130YLE DAH\u0130L OLDU<\/h3>\n<p>Bir s\u00fcre RT\u00dcK cezas\u0131 nedeniyle yay\u0131nlar\u0131na ara veren Deha, yeni b\u00f6l\u00fcm\u00fcyle ekranlara iddial\u0131 bir d\u00f6n\u00fc\u015f yapmaya haz\u0131rlan\u0131yor. Umut Aral ve \u00d6zlem G\u00fcnhan\u2019\u0131n y\u00f6netmenli\u011fini \u00fcstlendi\u011fi dizinin g\u00f6r\u00fcnt\u00fc y\u00f6netmenli\u011fini Burak Kanbir \u00fcstleniyor. Kadrosuna g\u00fc\u00e7l\u00fc isimleri dahil etmeye devam eden yap\u0131mda, Burak Tamdo\u011fan da m\u00fcd\u00fcr karakteriyle dikkat \u00e7ekiyor.<\/p>\n<p><img loading=\"lazy\" decoding=\"async\" class=\"alignnone size-full wp-image-122012\" src=\"https:\/\/www.tgrthaber.com\/mavikadin\/wp-content\/uploads\/lv-Kurtarildiee-1.jpg\" alt=\"\" width=\"1208\" height=\"680\" title=\"\" srcset=\"https:\/\/www.tgrthaber.com\/mavikadin\/wp-content\/uploads\/lv-Kurtarildiee-1.jpg 1208w, https:\/\/www.tgrthaber.com\/mavikadin\/wp-content\/uploads\/lv-Kurtarildiee-1-300x169.jpg 300w, https:\/\/www.tgrthaber.com\/mavikadin\/wp-content\/uploads\/lv-Kurtarildiee-1-1024x576.jpg 1024w, https:\/\/www.tgrthaber.com\/mavikadin\/wp-content\/uploads\/lv-Kurtarildiee-1-768x432.jpg 768w\" sizes=\"(max-width: 1208px) 100vw, 1208px\" \/><\/p>\n<hr \/>\n<p>Ancak as\u0131l heyecan, Kunduz karakteriyle diziye kat\u0131lan Emir Benderlio\u011flu\u2019nun performans\u0131 etraf\u0131nda \u015fekilleniyor. Kunduz, dizideki dengeleri alt \u00fcst edecek bir giri\u015f yaparak hik\u00e2yeye yeni bir soluk getirecek.<\/p>\n<h3>EM\u0130R BENDERL\u0130O\u011eLU K\u0130MD\u0130R?<\/h3>\n<p>28 Ekim 1979\u2019da Ankara\u2019da d\u00fcnyaya gelen Emir Benderlio\u011flu, sanat ve tasar\u0131m d\u00fcnyas\u0131nda k\u00f6kl\u00fc bir ge\u00e7mi\u015fe sahip. Hacettepe \u00dcniversitesi G\u00fczel Sanatlar Fak\u00fcltesi\u2019nden mezun olan oyuncu, kariyerine \u00f6nce heykel ard\u0131ndan grafik tasar\u0131m\u0131 alan\u0131nda devam etti.<\/p>\n<p><img loading=\"lazy\" decoding=\"async\" class=\"alignnone size-full wp-image-122013\" src=\"https:\/\/www.tgrthaber.com\/mavikadin\/wp-content\/uploads\/ds-Kurtarildi-3-1.jpg\" alt=\"\" width=\"1900\" height=\"1080\" title=\"\" srcset=\"https:\/\/www.tgrthaber.com\/mavikadin\/wp-content\/uploads\/ds-Kurtarildi-3-1.jpg 1900w, https:\/\/www.tgrthaber.com\/mavikadin\/wp-content\/uploads\/ds-Kurtarildi-3-1-300x171.jpg 300w, https:\/\/www.tgrthaber.com\/mavikadin\/wp-content\/uploads\/ds-Kurtarildi-3-1-1024x582.jpg 1024w, https:\/\/www.tgrthaber.com\/mavikadin\/wp-content\/uploads\/ds-Kurtarildi-3-1-768x437.jpg 768w, https:\/\/www.tgrthaber.com\/mavikadin\/wp-content\/uploads\/ds-Kurtarildi-3-1-1536x873.jpg 1536w\" sizes=\"(max-width: 1900px) 100vw, 1900px\" \/><\/p>\n<hr \/>\n<p>TRT\u2019de tan\u0131t\u0131m koordinat\u00f6r\u00fc olarak ba\u015flad\u0131\u011f\u0131 meslek ya\u015fam\u0131, onun sinema ve televizyon d\u00fcnyas\u0131na ad\u0131m atmas\u0131n\u0131 sa\u011flad\u0131. \u00dcnl\u00fc y\u00f6netmen Alper \u00c7a\u011flar ile i\u015f birli\u011fi yapan Benderlio\u011flu, Da\u011f II, Panzehir ve B\u00f6r\u00fc gibi ba\u015far\u0131l\u0131 yap\u0131mlarda ba\u015frol oynayarak geni\u015f kitlelere ula\u015ft\u0131.<\/p>\n<p><strong>Emir Benderlio\u011flu\u2019nun yer ald\u0131\u011f\u0131 diziler:<\/strong><\/p>\n<p>Kavak Yelleri dizisinde Burak,<\/p>\n<p>Arka Sokaklar dizisinde Sezgin Onuralp,<\/p>\n<p>E\u015fk\u0131ya D\u00fcnyaya H\u00fck\u00fcmdar Olmaz dizisinde Behzat Fa\u00e7al\u0131,<\/p>\n<p>Barbaroslar: Akdeniz&#8217;in K\u0131l\u0131c\u0131 dizisinde P\u00eer\u00ee Reis,<\/p>\n<p>B\u00f6r\u00fc ve B\u00f6r\u00fc 2039 yap\u0131mlar\u0131nda Turan Kara karakterleriyle \u00f6ne \u00e7\u0131k\u0131yor.<\/p>\n<p>Deha dizisine g\u00fc\u00e7 katacak Kunduz karakteri, zekas\u0131 ve stratejik hamleleriyle dizinin hikayesinde kilit bir role sahip olacak.<\/p>\n<p><img loading=\"lazy\" decoding=\"async\" class=\"alignnone size-full wp-image-122017\" src=\"https:\/\/www.tgrthaber.com\/mavikadin\/wp-content\/uploads\/Yeni-Proje-9-10.jpg\" alt=\"\" width=\"1208\" height=\"680\" title=\"\" srcset=\"https:\/\/www.tgrthaber.com\/mavikadin\/wp-content\/uploads\/Yeni-Proje-9-10.jpg 1208w, https:\/\/www.tgrthaber.com\/mavikadin\/wp-content\/uploads\/Yeni-Proje-9-10-300x169.jpg 300w, https:\/\/www.tgrthaber.com\/mavikadin\/wp-content\/uploads\/Yeni-Proje-9-10-1024x576.jpg 1024w, https:\/\/www.tgrthaber.com\/mavikadin\/wp-content\/uploads\/Yeni-Proje-9-10-768x432.jpg 768w\" sizes=\"(max-width: 1208px) 100vw, 1208px\" \/><\/p>\n<hr \/>\n<p>Daha \u00f6nce Ankara Belediye Ba\u015fkanl\u0131\u011f\u0131 yapm\u0131\u015f Mehmet At\u0131f Benderlio\u011flu\u2019dur torunudur. Emir Benderlio\u011flu, 2010 y\u0131l\u0131nda kendisi gibi oyuncu olan Ceren \u015eekerci ile evlenmi\u015ftir. Ayn\u0131 zamanda foto\u011fraf\u00e7\u0131l\u0131k ve grafik tasar\u0131m gibi sanatsal alanlara da ilgi duyan Benderlio\u011flu, bu alandaki yetenekleriyle de bir\u00e7ok \u00f6d\u00fcl kazanm\u0131\u015ft\u0131r.<\/p>\n","protected":false},"excerpt":{"rendered":"<p>Show TV\u2019nin sevilen yap\u0131m\u0131 Deha, yeni b\u00f6l\u00fcmleriyle heyecan yaratmaya devam ediyor. Kadrosuna Emir Benderlio\u011flu\u2019nu dahil eden dizide, ba\u015far\u0131l\u0131 oyuncu Kunduz karakteriyle izleyicilerin kar\u015f\u0131s\u0131na \u00e7\u0131k\u0131yor. Peki  Deha dizisi Kunduz kimdir? Emir Benderlio\u011flu kim, ka\u00e7 ya\u015f\u0131nda, hangi dizilerde oynad\u0131?<\/p>\n","protected":false},"author":4,"featured_media":122015,"comment_status":"closed","ping_status":"closed","sticky":false,"template":"","format":"standard","meta":{"rank_math_lock_modified_date":false,"footnotes":""},"categories":[491],"tags":[3398,8223,8225,8224],"class_list":["post-122011","post","type-post","status-publish","format-standard","has-post-thumbnail","hentry","category-biyografi","tag-deha-dizisi","tag-deha-kunduz","tag-emir-benderlioglu","tag-kunduz"],"_links":{"self":[{"href":"https:\/\/www.tgrthaber.com\/mavikadin\/wp-json\/wp\/v2\/posts\/122011"}],"collection":[{"href":"https:\/\/www.tgrthaber.com\/mavikadin\/wp-json\/wp\/v2\/posts"}],"about":[{"href":"https:\/\/www.tgrthaber.com\/mavikadin\/wp-json\/wp\/v2\/types\/post"}],"author":[{"embeddable":true,"href":"https:\/\/www.tgrthaber.com\/mavikadin\/wp-json\/wp\/v2\/users\/4"}],"replies":[{"embeddable":true,"href":"https:\/\/www.tgrthaber.com\/mavikadin\/wp-json\/wp\/v2\/comments?post=122011"}],"version-history":[{"count":2,"href":"https:\/\/www.tgrthaber.com\/mavikadin\/wp-json\/wp\/v2\/posts\/122011\/revisions"}],"predecessor-version":[{"id":122019,"href":"https:\/\/www.tgrthaber.com\/mavikadin\/wp-json\/wp\/v2\/posts\/122011\/revisions\/122019"}],"wp:featuredmedia":[{"embeddable":true,"href":"https:\/\/www.tgrthaber.com\/mavikadin\/wp-json\/wp\/v2\/media\/122015"}],"wp:attachment":[{"href":"https:\/\/www.tgrthaber.com\/mavikadin\/wp-json\/wp\/v2\/media?parent=122011"}],"wp:term":[{"taxonomy":"category","embeddable":true,"href":"https:\/\/www.tgrthaber.com\/mavikadin\/wp-json\/wp\/v2\/categories?post=122011"},{"taxonomy":"post_tag","embeddable":true,"href":"https:\/\/www.tgrthaber.com\/mavikadin\/wp-json\/wp\/v2\/tags?post=122011"}],"curies":[{"name":"wp","href":"https:\/\/api.w.org\/{rel}","templated":true}]}}