{"id":122025,"date":"2025-01-15T19:36:49","date_gmt":"2025-01-15T16:36:49","guid":{"rendered":"https:\/\/www.tgrthaber.com\/mavikadin\/?p=122025"},"modified":"2025-01-15T19:36:49","modified_gmt":"2025-01-15T16:36:49","slug":"burak-ozcivit-ve-fahriye-evcen-cifti-hollywood-yildizlariyla-riyadta-odul-alacak","status":"publish","type":"post","link":"https:\/\/www.tgrthaber.com\/mavikadin\/burak-ozcivit-ve-fahriye-evcen-cifti-hollywood-yildizlariyla-riyadta-odul-alacak\/","title":{"rendered":"Burak \u00d6z\u00e7ivit ve Fahriye Evcen \u00e7ifti Hollywood y\u0131ld\u0131zlar\u0131yla Riyad&#8217;ta \u00f6d\u00fcl alacak"},"content":{"rendered":"<p>T\u00fcrkiye\u2019nin sevilen oyuncu \u00e7iftlerinden Burak \u00d6z\u00e7ivit ile Fahriye Evcen, Tuba B\u00fcy\u00fck\u00fcst\u00fcn, Bar\u0131\u015f Ardu\u00e7, Hande Er\u00e7el ve Afra Sara\u00e7o\u011flu gibi tan\u0131nm\u0131\u015f simalar\u0131n da i\u015ftirak edece\u011fi Joy \u00d6d\u00fclleri etkinli\u011fine kat\u0131lmaya haz\u0131rlan\u0131yor.<\/p>\n<h3>BURAK \u00d6Z\u00c7\u0130V\u0130T VE FAHR\u0130YE EVCEN \u00c7\u0130FT\u0130 HOLLYWOOD YILDIZLARIYLA R\u0130YAD&#8217;TA \u00d6D\u00dcL ALACAK<\/h3>\n<p>Joy \u00d6d\u00fclleri, 18 Ocak\u2019ta Suudi Arabistan\u2019\u0131n merkezi Riyad\u2019daki ANB Arena\u2019da g\u00f6rkemli bir merasimle sahiplerini bulacak. Memleketimizden Tuba B\u00fcy\u00fck\u00fcst\u00fcn, Bar\u0131\u015f Ardu\u00e7, Hande Er\u00e7el, \u00d6zge \u00d6zpirin\u00e7ci ve Afra Sara\u00e7o\u011flu\u2019nun gidece\u011fi bu organizasyona, kar\u0131 koca me\u015fhur olan oyuncu Burak \u00d6z\u00e7ivit ile Fahriye Evcen de kat\u0131l\u0131yor.<\/p>\n<p><img loading=\"lazy\" decoding=\"async\" class=\"alignnone size-full wp-image-122035\" src=\"https:\/\/www.tgrthaber.com\/mavikadin\/wp-content\/uploads\/dfgx.jpg\" alt=\"\" width=\"1208\" height=\"680\" title=\"\" srcset=\"https:\/\/www.tgrthaber.com\/mavikadin\/wp-content\/uploads\/dfgx.jpg 1208w, https:\/\/www.tgrthaber.com\/mavikadin\/wp-content\/uploads\/dfgx-300x169.jpg 300w, https:\/\/www.tgrthaber.com\/mavikadin\/wp-content\/uploads\/dfgx-1024x576.jpg 1024w, https:\/\/www.tgrthaber.com\/mavikadin\/wp-content\/uploads\/dfgx-768x432.jpg 768w\" sizes=\"(max-width: 1208px) 100vw, 1208px\" \/><\/p>\n<hr \/>\n<h3>D\u00dcNYACA \u00dcNL\u00dc \u0130S\u0130MLER JOY \u00d6D\u00dcLLER\u0130&#8217;NDE<\/h3>\n<p>MBC\u2019nin televizyon kanallar\u0131nda ve Shahid dijital platformunda yay\u0131mlanacak olan etkinlikte, film, dizi, m\u00fczik ve spor alanlar\u0131nda 19 \u00f6d\u00fcl takdim edilecek. Ge\u00e7ti\u011fimiz sene Anthony Hopkins ve Kevin Costner gibi y\u0131ld\u0131z isimlerin kat\u0131l\u0131m sa\u011flad\u0131\u011f\u0131 bu programa giden tan\u0131nm\u0131\u015f oyuncular\u0131m\u0131z, bir g\u00fcn sonra \u0130stanbul\u2019a geri d\u00f6necek.<\/p>\n<p><img loading=\"lazy\" decoding=\"async\" class=\"alignnone size-full wp-image-122028\" src=\"https:\/\/www.tgrthaber.com\/mavikadin\/wp-content\/uploads\/dfg.jpg\" alt=\"\" width=\"1208\" height=\"680\" title=\"\" srcset=\"https:\/\/www.tgrthaber.com\/mavikadin\/wp-content\/uploads\/dfg.jpg 1208w, https:\/\/www.tgrthaber.com\/mavikadin\/wp-content\/uploads\/dfg-300x169.jpg 300w, https:\/\/www.tgrthaber.com\/mavikadin\/wp-content\/uploads\/dfg-1024x576.jpg 1024w, https:\/\/www.tgrthaber.com\/mavikadin\/wp-content\/uploads\/dfg-768x432.jpg 768w\" sizes=\"(max-width: 1208px) 100vw, 1208px\" \/><\/p>\n<hr \/>\n<h3>BURAK \u00d6Z\u00c7\u0130V\u0130T K\u0130MD\u0130R?<\/h3>\n<p>Burak \u00d6z\u00e7ivit, 24 Aral\u0131k 1984 tarihinde \u0130stanbul\u2019da B\u00fclent \u00d6z\u00e7ivit ve Ceyhan \u00d6z\u00e7ivit\u2019in o\u011flu olarak hayata g\u00f6zlerini a\u00e7t\u0131. Bur\u00e7in \u00d6z\u00e7ivit ad\u0131nda bir k\u0131z karde\u015fi bulunmaktad\u0131r. 2000 y\u0131l\u0131nda Kaz\u0131m \u0130\u015fmen Lisesi\u2019nden mezun olduktan sonra Marmara \u00dcniversitesi G\u00fczel Sanatlar Fak\u00fcltesi Foto\u011fraf\u00e7\u0131l\u0131k B\u00f6l\u00fcm\u00fc\u2019nde \u00f6\u011frenim g\u00f6rm\u00fc\u015ft\u00fcr. 2003 y\u0131l\u0131nda Best Model of Turkey yar\u0131\u015fmas\u0131nda gelecek vadeden isim se\u00e7ilmi\u015ftir. Yar\u0131\u015fman\u0131n ard\u0131ndan U\u011furkan Erez Ajans ile \u00e7al\u0131\u015fmaya ba\u015flam\u0131\u015ft\u0131r. 2005 y\u0131l\u0131nda tekrar Best Model of Turkey yar\u0131\u015fmas\u0131na kat\u0131lm\u0131\u015f ve birincilik unvan\u0131n\u0131 kazanm\u0131\u015ft\u0131r. Bunun sonucunda Best Model of The World yar\u0131\u015fmas\u0131na kat\u0131lm\u0131\u015f ve d\u00fcnyan\u0131n en ba\u015far\u0131l\u0131 ikinci mankeni se\u00e7ilmi\u015ftir.<\/p>\n<p><img loading=\"lazy\" decoding=\"async\" class=\"alignnone size-full wp-image-122037\" src=\"https:\/\/www.tgrthaber.com\/mavikadin\/wp-content\/uploads\/dfg-1.jpg\" alt=\"\" width=\"1208\" height=\"680\" title=\"\" srcset=\"https:\/\/www.tgrthaber.com\/mavikadin\/wp-content\/uploads\/dfg-1.jpg 1208w, https:\/\/www.tgrthaber.com\/mavikadin\/wp-content\/uploads\/dfg-1-300x169.jpg 300w, https:\/\/www.tgrthaber.com\/mavikadin\/wp-content\/uploads\/dfg-1-1024x576.jpg 1024w, https:\/\/www.tgrthaber.com\/mavikadin\/wp-content\/uploads\/dfg-1-768x432.jpg 768w\" sizes=\"(max-width: 1208px) 100vw, 1208px\" \/><\/p>\n<hr \/>\n<p>\u0130lk oyunculuk deneyimini, Eksi 18 dizisinde Murat karakterinde oynayaraj ya\u015fam\u0131\u015ft\u0131r. Kanal D\u2019de yay\u0131mlanan ve y\u00f6netmenli\u011fini Kartal Tibet\u2019in \u00fcstlendi\u011fi Zoraki Koca dizisinde \u00d6mer rol\u00fcn\u00fc oynam\u0131\u015ft\u0131r. 2007 y\u0131l\u0131nda Musallat adl\u0131 sinema filminde Suat karakterini oynad\u0131. 2008 yaz\u0131nda Baba Oca\u011f\u0131 adl\u0131 dizide G\u00fcven rol\u00fcn\u00fc \u00fcstlenmi\u015ftir. Daha sonra Gossip Girl dizisinden ilham al\u0131nan K\u00fc\u00e7\u00fck S\u0131rlar adl\u0131 projede \u00c7etin karakterini oynad\u0131. 2011-2013 y\u0131llar\u0131 aras\u0131nda, kariyerinde ilk iki \u00f6d\u00fcl\u00fcn\u00fc kazand\u0131\u011f\u0131 Muhte\u015fem Y\u00fczy\u0131l dizisinde Malko\u00e7o\u011flu karakteriyle b\u00fcy\u00fck be\u011feni toplam\u0131\u015ft\u0131r.<\/p>\n","protected":false},"excerpt":{"rendered":"<p>Orta Do\u011fu&#8217;nun en prestijli \u00f6d\u00fcl gecesine T\u00fcrkiye&#8217;den de bir\u00e7ok \u00fcnl\u00fc isim kat\u0131lacak. Hollywood y\u0131ld\u0131zlar\u0131n\u0131n da bulanaca\u011f\u0131 gecede \u00fclkemizden Tuba B\u00fcy\u00fck\u00fcst\u00fcn, Bar\u0131\u015f Ardu\u00e7, Hande Er\u00e7el, \u00d6zge \u00d6zpirin\u00e7ci, Afra Sara\u00e7o\u011flu, Burak \u00d6z\u00e7ivit ile Fahriye Evcen de kat\u0131l\u0131yor.<\/p>\n","protected":false},"author":2,"featured_media":122040,"comment_status":"closed","ping_status":"closed","sticky":false,"template":"","format":"standard","meta":{"rank_math_lock_modified_date":false,"footnotes":""},"categories":[76],"tags":[2778,2392,2154,2153,2391,133,2218],"class_list":["post-122025","post","type-post","status-publish","format-standard","has-post-thumbnail","hentry","category-magazin","tag-afra-saracoglu","tag-baris-arduc","tag-burak-ozcivit","tag-fahriye-evcen","tag-hande-ercel","tag-magazin","tag-magazin-haberleri"],"_links":{"self":[{"href":"https:\/\/www.tgrthaber.com\/mavikadin\/wp-json\/wp\/v2\/posts\/122025"}],"collection":[{"href":"https:\/\/www.tgrthaber.com\/mavikadin\/wp-json\/wp\/v2\/posts"}],"about":[{"href":"https:\/\/www.tgrthaber.com\/mavikadin\/wp-json\/wp\/v2\/types\/post"}],"author":[{"embeddable":true,"href":"https:\/\/www.tgrthaber.com\/mavikadin\/wp-json\/wp\/v2\/users\/2"}],"replies":[{"embeddable":true,"href":"https:\/\/www.tgrthaber.com\/mavikadin\/wp-json\/wp\/v2\/comments?post=122025"}],"version-history":[{"count":1,"href":"https:\/\/www.tgrthaber.com\/mavikadin\/wp-json\/wp\/v2\/posts\/122025\/revisions"}],"predecessor-version":[{"id":122042,"href":"https:\/\/www.tgrthaber.com\/mavikadin\/wp-json\/wp\/v2\/posts\/122025\/revisions\/122042"}],"wp:featuredmedia":[{"embeddable":true,"href":"https:\/\/www.tgrthaber.com\/mavikadin\/wp-json\/wp\/v2\/media\/122040"}],"wp:attachment":[{"href":"https:\/\/www.tgrthaber.com\/mavikadin\/wp-json\/wp\/v2\/media?parent=122025"}],"wp:term":[{"taxonomy":"category","embeddable":true,"href":"https:\/\/www.tgrthaber.com\/mavikadin\/wp-json\/wp\/v2\/categories?post=122025"},{"taxonomy":"post_tag","embeddable":true,"href":"https:\/\/www.tgrthaber.com\/mavikadin\/wp-json\/wp\/v2\/tags?post=122025"}],"curies":[{"name":"wp","href":"https:\/\/api.w.org\/{rel}","templated":true}]}}