{"id":122056,"date":"2025-01-15T22:43:51","date_gmt":"2025-01-15T19:43:51","guid":{"rendered":"https:\/\/www.tgrthaber.com\/mavikadin\/?p=122056"},"modified":"2025-01-16T00:51:52","modified_gmt":"2025-01-15T21:51:52","slug":"tabiinin-yepyeni-iddiali-dizisindeki-deniz-baysala-surpriz-partner","status":"publish","type":"post","link":"https:\/\/www.tgrthaber.com\/mavikadin\/tabiinin-yepyeni-iddiali-dizisindeki-deniz-baysala-surpriz-partner\/","title":{"rendered":"Tabii&#8217;nin yepyeni iddial\u0131 dizisindeki Deniz Baysal&#8217;a s\u00fcrpriz partner!"},"content":{"rendered":"<p>TRT&#8217;nin Gassal dizisindeki ba\u015far\u0131s\u0131yla b\u00fcy\u00fck bir izleyici kitlesi kazanan Tabii dijital kanal\u0131, \u00e7ok konu\u015fulacak yeni bir proje ile geliyor. Hayat\u0131nda b\u00fcy\u00fck k\u0131r\u0131lmalar ya\u015fayarak dikkat \u00e7eken senarist Ay\u015fe \u015easa&#8217;n\u0131n hayat\u0131 dizi oluyor. Dizinin ba\u015frol oyuncusu Deniz Baysal&#8217;a performans\u0131 ile parmak \u0131s\u0131rtan bir oyuncu partner oldu.<\/p>\n<h3>TAB\u0130\u0130&#8217;N\u0130N YEN\u0130 \u0130DD\u0130ALI D\u0130Z\u0130S\u0130NDEK\u0130 DEN\u0130Z BAYSAL&#8217;A S\u00dcRPR\u0130Z PARTNER<\/h3>\n<p>TRT Tabii\u2019nin \u201cBir Ruh Maceras\u0131\u201d adl\u0131 dizisinin \u00e7al\u0131\u015fmalar\u0131 devam ediyor. Deniz Baysal\u2019\u0131n T\u00fcrk sinemas\u0131n\u0131n ilk kad\u0131n senaryo yazarlar\u0131ndan Ay\u015fe \u015easa\u2019y\u0131 oynayaca\u011f\u0131, 10 b\u00f6l\u00fcmden olu\u015facak yap\u0131m\u0131n y\u00f6netmenli\u011fini Osman Nail Do\u011fan \u00fcstlenecek. Baysal&#8217;\u0131n ba\u015frol arkada\u015f\u0131 da tecr\u00fcbeli oyuncu Osman Sonant oldu.<\/p>\n<p><img loading=\"lazy\" decoding=\"async\" class=\"alignnone size-full wp-image-122093\" src=\"https:\/\/www.tgrthaber.com\/mavikadin\/wp-content\/uploads\/gbfeee.jpg\" alt=\"\" width=\"1208\" height=\"680\" title=\"\" srcset=\"https:\/\/www.tgrthaber.com\/mavikadin\/wp-content\/uploads\/gbfeee.jpg 1208w, https:\/\/www.tgrthaber.com\/mavikadin\/wp-content\/uploads\/gbfeee-300x169.jpg 300w, https:\/\/www.tgrthaber.com\/mavikadin\/wp-content\/uploads\/gbfeee-1024x576.jpg 1024w, https:\/\/www.tgrthaber.com\/mavikadin\/wp-content\/uploads\/gbfeee-768x432.jpg 768w\" sizes=\"(max-width: 1208px) 100vw, 1208px\" \/><\/p>\n<hr \/>\n<h3>BA\u015eARILI OYUNCU BA\u015eROL OLDU<\/h3>\n<p>\u015eubat ay\u0131n\u0131n sonunda \u00e7ekimlerine ba\u015flanmas\u0131 d\u00fc\u015f\u00fcn\u00fclen dizide, Ay\u015fe \u015easa\u2019n\u0131n ikinci e\u015fi B\u00fclent Oran karakterini Osman Sonant oynayacak. Karakterlerin ya\u015f aral\u0131klar\u0131n\u0131n farkl\u0131la\u015ft\u0131r\u0131ld\u0131\u011f\u0131 projede, \u015easa\u2019n\u0131n ilk e\u015fi At\u0131f Y\u0131lmaz rol\u00fc i\u00e7in Boran Kuzum ile m\u00fczakereler s\u00fcr\u00fcyor.<\/p>\n<p><img loading=\"lazy\" decoding=\"async\" class=\"alignnone size-full wp-image-122094\" src=\"https:\/\/www.tgrthaber.com\/mavikadin\/wp-content\/uploads\/dfgeee.jpg\" alt=\"\" width=\"1208\" height=\"680\" title=\"\" srcset=\"https:\/\/www.tgrthaber.com\/mavikadin\/wp-content\/uploads\/dfgeee.jpg 1208w, https:\/\/www.tgrthaber.com\/mavikadin\/wp-content\/uploads\/dfgeee-300x169.jpg 300w, https:\/\/www.tgrthaber.com\/mavikadin\/wp-content\/uploads\/dfgeee-1024x576.jpg 1024w, https:\/\/www.tgrthaber.com\/mavikadin\/wp-content\/uploads\/dfgeee-768x432.jpg 768w\" sizes=\"(max-width: 1208px) 100vw, 1208px\" \/><\/p>\n","protected":false},"excerpt":{"rendered":"<p>TRT\u2019nin dijital mecras\u0131 Tabii\u2019nin yeni ve dikkat \u00e7eken yap\u0131m\u0131 \u201cBir Ruh Maceras\u0131\u201d nun ba\u015frol ekibine s\u00fcrpriz bir oyuncu dahil oldu. Deniz Baysal&#8217;\u0131n rol arkada\u015f\u0131 tecr\u00fcbeli bir oyuncu oldu.<\/p>\n","protected":false},"author":2,"featured_media":122136,"comment_status":"closed","ping_status":"closed","sticky":false,"template":"","format":"standard","meta":{"rank_math_lock_modified_date":false,"footnotes":""},"categories":[76],"tags":[8242,2848,133,2218,6203],"class_list":["post-122056","post","type-post","status-publish","format-standard","has-post-thumbnail","hentry","category-magazin","tag-bir-ruh-macerasi","tag-deniz-baysal","tag-magazin","tag-magazin-haberleri","tag-tabii"],"_links":{"self":[{"href":"https:\/\/www.tgrthaber.com\/mavikadin\/wp-json\/wp\/v2\/posts\/122056"}],"collection":[{"href":"https:\/\/www.tgrthaber.com\/mavikadin\/wp-json\/wp\/v2\/posts"}],"about":[{"href":"https:\/\/www.tgrthaber.com\/mavikadin\/wp-json\/wp\/v2\/types\/post"}],"author":[{"embeddable":true,"href":"https:\/\/www.tgrthaber.com\/mavikadin\/wp-json\/wp\/v2\/users\/2"}],"replies":[{"embeddable":true,"href":"https:\/\/www.tgrthaber.com\/mavikadin\/wp-json\/wp\/v2\/comments?post=122056"}],"version-history":[{"count":4,"href":"https:\/\/www.tgrthaber.com\/mavikadin\/wp-json\/wp\/v2\/posts\/122056\/revisions"}],"predecessor-version":[{"id":122138,"href":"https:\/\/www.tgrthaber.com\/mavikadin\/wp-json\/wp\/v2\/posts\/122056\/revisions\/122138"}],"wp:featuredmedia":[{"embeddable":true,"href":"https:\/\/www.tgrthaber.com\/mavikadin\/wp-json\/wp\/v2\/media\/122136"}],"wp:attachment":[{"href":"https:\/\/www.tgrthaber.com\/mavikadin\/wp-json\/wp\/v2\/media?parent=122056"}],"wp:term":[{"taxonomy":"category","embeddable":true,"href":"https:\/\/www.tgrthaber.com\/mavikadin\/wp-json\/wp\/v2\/categories?post=122056"},{"taxonomy":"post_tag","embeddable":true,"href":"https:\/\/www.tgrthaber.com\/mavikadin\/wp-json\/wp\/v2\/tags?post=122056"}],"curies":[{"name":"wp","href":"https:\/\/api.w.org\/{rel}","templated":true}]}}