{"id":122085,"date":"2025-01-15T22:07:30","date_gmt":"2025-01-15T19:07:30","guid":{"rendered":"https:\/\/www.tgrthaber.com\/mavikadin\/?p=122085"},"modified":"2025-01-15T22:07:30","modified_gmt":"2025-01-15T19:07:30","slug":"orhan-gencebay-kutsal-damacana-5-zombi-galasina-maskeyle-katildi-usta-sanatcinin-hasta-oldugu-dusunuldu","status":"publish","type":"post","link":"https:\/\/www.tgrthaber.com\/mavikadin\/orhan-gencebay-kutsal-damacana-5-zombi-galasina-maskeyle-katildi-usta-sanatcinin-hasta-oldugu-dusunuldu\/","title":{"rendered":"Orhan Gencebay \u2018Kutsal Damacana 5: Zombi\u2019 galas\u0131na maskeyle kat\u0131ld\u0131! Usta sanat\u00e7\u0131n\u0131n hasta oldu\u011fu d\u00fc\u015f\u00fcn\u00fcld\u00fc"},"content":{"rendered":"<p>Son zamanlarda hakk\u0131nda \u00e7\u0131kan iddialarla g\u00fcndeme gelen usta sanat\u00e7\u0131 Orhan Gencebay bu ak\u015fam ger\u00e7ekle\u015fen \u2018Kutsal Damacana 5: Zombi\u2019 filminin galas\u0131na maskeyle kat\u0131ld\u0131. Gencebay\u2019\u0131 maskeli g\u00f6renler ise hasta olup olmad\u0131\u011f\u0131n\u0131 merak etti. Peki, Orhan Gencebay\u2019\u0131n sa\u011fl\u0131k durumu nas\u0131l? Orhan Gencebay hasta m\u0131? \u0130\u015fte merak edilenler\u2026<\/p>\n<hr \/>\n<h3>ORHAN GENCEBAY \u2018KUTSAL DAMACANA 5: ZOMB\u0130\u2019 GALASINA MASKEYLE KATILDI!<\/h3>\n<p>Usta sanat\u00e7\u0131 Orhan Gencebay, bu ak\u015fam ger\u00e7ekle\u015fen Kutsal Damacana 5: Zombi filminin galas\u0131na e\u015fi Sevim Emre ile kat\u0131ld\u0131. Muhabirlere poz veren Gencebay\u2019\u0131n maskeli olu\u015fu g\u00f6zlerden ka\u00e7mad\u0131. \u2018Kutsal Damacana 5: Zombi\u2019 filminin galas\u0131na maskeyle kat\u0131lan Gencebay\u2019\u0131n hasta olup olmad\u0131\u011f\u0131 merak edildi.<\/p>\n<div style=\"width: 640px;\" class=\"wp-video\"><!--[if lt IE 9]><script>document.createElement('video');<\/script><![endif]-->\n<video class=\"wp-video-shortcode\" id=\"video-122085-1\" width=\"640\" height=\"640\" preload=\"metadata\" controls=\"controls\"><source type=\"video\/mp4\" src=\"https:\/\/www.tgrthaber.com\/mavikadin\/wp-content\/uploads\/Kahverengi-Sade-Zarif-Kucuk-Isletme-Kuafor-Instagram-Video-21.mp4?_=1\" \/><a href=\"https:\/\/www.tgrthaber.com\/mavikadin\/wp-content\/uploads\/Kahverengi-Sade-Zarif-Kucuk-Isletme-Kuafor-Instagram-Video-21.mp4\">https:\/\/www.tgrthaber.com\/mavikadin\/wp-content\/uploads\/Kahverengi-Sade-Zarif-Kucuk-Isletme-Kuafor-Instagram-Video-21.mp4<\/a><\/video><\/div>\n<hr \/>\n<p>Usta sanat\u00e7\u0131 Orhan Gencebay bu ak\u015fam ger\u00e7ekle\u015fen Kutsal Damacana 5: Zombi filminin galas\u0131na maskeyle kat\u0131ld\u0131. Muhabirlerin foto\u011fraf iste\u011fini k\u0131rmayan Gencebay, kameralara poz verdi. Gencebay\u2019\u0131n e\u015fi Sevim Emre\u2019nin ise g\u00f6r\u00fcnt\u00fclenmek istememesi dikkat \u00e7ekti. Kameralara tek poz veren Gencebay\u2019\u0131n maske takmas\u0131 da merak edildi. Son zamanlarda hastal\u0131k iddialar\u0131yla g\u00fcndeme gelen Gencebay\u2019\u0131n tedbir amac\u0131yla maske takt\u0131\u011f\u0131 \u00f6\u011frenildi. Gencebay, kameralara poz verdikten sonra muhabirlere te\u015fekk\u00fcr ederek iyi ak\u015famlar diledi.<\/p>\n<p><img loading=\"lazy\" decoding=\"async\" class=\"alignnone wp-image-122089\" src=\"https:\/\/www.tgrthaber.com\/mavikadin\/wp-content\/uploads\/Adsiz-tasarim-19-23-1024x576.jpg\" alt=\"Orhan Gencebay \u2018Kutsal Damacana 5: Zombi\u2019 galas\u0131na maskeyle kat\u0131ld\u0131\" width=\"1208\" height=\"680\" title=\"\" srcset=\"https:\/\/www.tgrthaber.com\/mavikadin\/wp-content\/uploads\/Adsiz-tasarim-19-23-1024x576.jpg 1024w, https:\/\/www.tgrthaber.com\/mavikadin\/wp-content\/uploads\/Adsiz-tasarim-19-23-300x169.jpg 300w, https:\/\/www.tgrthaber.com\/mavikadin\/wp-content\/uploads\/Adsiz-tasarim-19-23-768x432.jpg 768w, https:\/\/www.tgrthaber.com\/mavikadin\/wp-content\/uploads\/Adsiz-tasarim-19-23-1536x864.jpg 1536w, https:\/\/www.tgrthaber.com\/mavikadin\/wp-content\/uploads\/Adsiz-tasarim-19-23.jpg 1600w\" sizes=\"(max-width: 1208px) 100vw, 1208px\" \/><\/p>\n<hr \/>\n<h3>SEV\u0130M EMRE ORHAN GENCEBAY\u2019IN SA\u011eLIK DURUMU HAKKINDA A\u00c7IKLAMA YAPMI\u015eTI!<\/h3>\n<p>Ge\u00e7ti\u011fimiz haftalarda Orhan Gencebay\u2019\u0131n hastaneye kald\u0131r\u0131ld\u0131\u011f\u0131 y\u00f6n\u00fcnde \u00e7e\u015fitli iddialar ortaya at\u0131lm\u0131\u015f ve usta sanat\u00e7\u0131n\u0131n sa\u011fl\u0131k durumunun k\u00f6t\u00fc oldu\u011fu y\u00f6n\u00fcnde haberler yap\u0131lm\u0131\u015ft\u0131. Bunun \u00fczerine Gencebay\u2019\u0131n e\u015fi Sevim Emre\u2019den bir a\u00e7\u0131klama gelmi\u015fti.<\/p>\n<p><img loading=\"lazy\" decoding=\"async\" class=\"alignnone wp-image-122088\" src=\"https:\/\/www.tgrthaber.com\/mavikadin\/wp-content\/uploads\/Adsiz-tasarim-10-26-1024x576.jpg\" alt=\"Orhan Gencebay \u2018Kutsal Damacana 5: Zombi\u2019 galas\u0131na maskeyle kat\u0131ld\u0131\" width=\"1208\" height=\"680\" title=\"\" srcset=\"https:\/\/www.tgrthaber.com\/mavikadin\/wp-content\/uploads\/Adsiz-tasarim-10-26-1024x576.jpg 1024w, https:\/\/www.tgrthaber.com\/mavikadin\/wp-content\/uploads\/Adsiz-tasarim-10-26-300x169.jpg 300w, https:\/\/www.tgrthaber.com\/mavikadin\/wp-content\/uploads\/Adsiz-tasarim-10-26-768x432.jpg 768w, https:\/\/www.tgrthaber.com\/mavikadin\/wp-content\/uploads\/Adsiz-tasarim-10-26-1536x864.jpg 1536w, https:\/\/www.tgrthaber.com\/mavikadin\/wp-content\/uploads\/Adsiz-tasarim-10-26.jpg 1600w\" sizes=\"(max-width: 1208px) 100vw, 1208px\" \/><\/p>\n<hr \/>\n<p>Orhan Gencebay\u2019\u0131n 44 y\u0131ll\u0131k e\u015fi Sevim Emre, bir haber sitesine verdi\u011fi r\u00f6portajda Gencebay\u2019\u0131n sa\u011fl\u0131k durumu hakk\u0131nda: \u201cOrhan abiniz kale gibi! Hastaneye kald\u0131r\u0131lmad\u0131. Evinde ve yan\u0131mda. Hafif bir grip atlatt\u0131, o kadar. Bu arada, evini sataca\u011f\u0131 da yaz\u0131lm\u0131\u015f, o da k\u00fclliyen yalan! Arsa durumu s\u00f6z konusu.\u201d a\u00e7\u0131klamalar\u0131nda bulunmu\u015ftu.<\/p>\n<h3>\u201cEDEP D\u0130YORUM BA\u015eKA B\u0130R \u015eEY DEM\u0130YORUM\u201d<\/h3>\n<p>Sevim Emre, e\u015fi Orhan Gencebay hakk\u0131nda \u00e7\u0131kan iddialar kar\u015f\u0131s\u0131nda sosyal medya hesab\u0131ndan da bir a\u00e7\u0131klama yapm\u0131\u015f ve adeta ate\u015f p\u00fcsk\u00fcrm\u00fc\u015ft\u00fc.<\/p>\n<p><img loading=\"lazy\" decoding=\"async\" class=\"alignnone wp-image-122090\" src=\"https:\/\/www.tgrthaber.com\/mavikadin\/wp-content\/uploads\/Adsiz-tasarim-18-26-1024x576.jpg\" alt=\"Orhan Gencebay \u2018Kutsal Damacana 5: Zombi\u2019 galas\u0131na maskeyle kat\u0131ld\u0131\" width=\"1208\" height=\"680\" title=\"\" srcset=\"https:\/\/www.tgrthaber.com\/mavikadin\/wp-content\/uploads\/Adsiz-tasarim-18-26-1024x576.jpg 1024w, https:\/\/www.tgrthaber.com\/mavikadin\/wp-content\/uploads\/Adsiz-tasarim-18-26-300x169.jpg 300w, https:\/\/www.tgrthaber.com\/mavikadin\/wp-content\/uploads\/Adsiz-tasarim-18-26-768x432.jpg 768w, https:\/\/www.tgrthaber.com\/mavikadin\/wp-content\/uploads\/Adsiz-tasarim-18-26-1536x864.jpg 1536w, https:\/\/www.tgrthaber.com\/mavikadin\/wp-content\/uploads\/Adsiz-tasarim-18-26.jpg 1600w\" sizes=\"(max-width: 1208px) 100vw, 1208px\" \/><\/p>\n<hr \/>\n<p>Instagram hesab\u0131ndan \u00e7\u0131kan haberler hakk\u0131nda \u00e7e\u015fitli a\u00e7\u0131klamalarda bulunan Sevim Emre, \u201cSosyal medyadan art\u0131k midem bulan\u0131yor. Yalan haberlerle mutlu mu oluyorsunuz? Yok Orhan Gencebay hastaneye kald\u0131r\u0131ld\u0131, yok hayat\u0131n\u0131 kaybetti, yok evini sat\u0131yor. B\u0131rak\u0131n bizle u\u011fra\u015fmay\u0131. Allah kahretsin ne d\u00fc\u015f\u00fcn\u00fcyorsan\u0131z ba\u015f\u0131n\u0131za gelsin in\u015fallah. Edep diyorum ba\u015fka bir \u015fey demiyorum.\u201d ifadelerine yer vermi\u015fti.<\/p>\n","protected":false},"excerpt":{"rendered":"<p>Usta sanat\u00e7\u0131 Orhan Gencebay bu ak\u015fam ger\u00e7ekle\u015fen Kutsal Damacana 5: Zombi filminin galas\u0131na maskeyle kat\u0131ld\u0131! Gencebay\u2019\u0131 maskeli g\u00f6renler ise hasta olup olmad\u0131\u011f\u0131n\u0131 merak etti! <\/p>\n","protected":false},"author":26,"featured_media":122087,"comment_status":"closed","ping_status":"closed","sticky":false,"template":"","format":"standard","meta":{"rank_math_lock_modified_date":false,"footnotes":""},"categories":[76],"tags":[2314,7229,7200],"class_list":["post-122085","post","type-post","status-publish","format-standard","has-post-thumbnail","hentry","category-magazin","tag-orhan-gencebay","tag-orhan-gencebay-saglik-durumu","tag-sevim-emre"],"_links":{"self":[{"href":"https:\/\/www.tgrthaber.com\/mavikadin\/wp-json\/wp\/v2\/posts\/122085"}],"collection":[{"href":"https:\/\/www.tgrthaber.com\/mavikadin\/wp-json\/wp\/v2\/posts"}],"about":[{"href":"https:\/\/www.tgrthaber.com\/mavikadin\/wp-json\/wp\/v2\/types\/post"}],"author":[{"embeddable":true,"href":"https:\/\/www.tgrthaber.com\/mavikadin\/wp-json\/wp\/v2\/users\/26"}],"replies":[{"embeddable":true,"href":"https:\/\/www.tgrthaber.com\/mavikadin\/wp-json\/wp\/v2\/comments?post=122085"}],"version-history":[{"count":1,"href":"https:\/\/www.tgrthaber.com\/mavikadin\/wp-json\/wp\/v2\/posts\/122085\/revisions"}],"predecessor-version":[{"id":122092,"href":"https:\/\/www.tgrthaber.com\/mavikadin\/wp-json\/wp\/v2\/posts\/122085\/revisions\/122092"}],"wp:featuredmedia":[{"embeddable":true,"href":"https:\/\/www.tgrthaber.com\/mavikadin\/wp-json\/wp\/v2\/media\/122087"}],"wp:attachment":[{"href":"https:\/\/www.tgrthaber.com\/mavikadin\/wp-json\/wp\/v2\/media?parent=122085"}],"wp:term":[{"taxonomy":"category","embeddable":true,"href":"https:\/\/www.tgrthaber.com\/mavikadin\/wp-json\/wp\/v2\/categories?post=122085"},{"taxonomy":"post_tag","embeddable":true,"href":"https:\/\/www.tgrthaber.com\/mavikadin\/wp-json\/wp\/v2\/tags?post=122085"}],"curies":[{"name":"wp","href":"https:\/\/api.w.org\/{rel}","templated":true}]}}