{"id":122126,"date":"2025-01-16T00:40:46","date_gmt":"2025-01-15T21:40:46","guid":{"rendered":"https:\/\/www.tgrthaber.com\/mavikadin\/?p=122126"},"modified":"2025-01-16T00:40:47","modified_gmt":"2025-01-15T21:40:47","slug":"berdan-mardini-kutsal-damacana-vampir-filminin-galasina-pijamayla-geldi","status":"publish","type":"post","link":"https:\/\/www.tgrthaber.com\/mavikadin\/berdan-mardini-kutsal-damacana-vampir-filminin-galasina-pijamayla-geldi\/","title":{"rendered":"Berdan Mardini &#8216;Kutsal Damacana Vampir&#8217; filminin galas\u0131na pijamayla geldi"},"content":{"rendered":"<p>Sanat d\u00fcnyas\u0131nda yak\u0131n arkada\u015fl\u0131klar\u0131 ile bilinen oyuncu \u015eafak Sezer ile \u015fark\u0131c\u0131 Berdan Mardini, bu ak\u015fam &#8216;Kutsal Damacana Vampir&#8217; filminin galas\u0131nda bir araya geldi. \u00dcnl\u00fc \u015fark\u0131c\u0131, galaya pijama ile geldi\u011fini s\u00f6yleyerek kahkahay\u0131 bast\u0131.<\/p>\n<h3>BERDAN MARD\u0130N\u0130 &#8216;KUTSAL DAMACANA VAMP\u0130R&#8217; F\u0130LM\u0130N\u0130N GALASINA P\u0130JAMAYLA GELD\u0130<\/h3>\n<p>\u00dcnl\u00fcler d\u00fcnyas\u0131nda yak\u0131n dostlar\u0131 ile bilinen t\u00fcrk\u00fcc\u00fc Berdan Mardini, \u015eafak Sezer&#8217;in seri olarak haz\u0131rlad\u0131\u011f\u0131 Kutsal Damacana filminin son serisinin galas\u0131na kat\u0131ld\u0131. Galaya k\u0131z arkada\u015f\u0131 ile gelen \u00fcnl\u00fc isim, kendi tarz\u0131n\u0131 tiye ald\u0131. Pijamaya benzeyen bir k\u0131yafetle davete gelen Mardini&#8217;nin bu hali sosyal medyada olduk\u00e7a ilgi g\u00f6rd\u00fc.<\/p>\n<div style=\"width: 640px;\" class=\"wp-video\"><!--[if lt IE 9]><script>document.createElement('video');<\/script><![endif]-->\n<video class=\"wp-video-shortcode\" id=\"video-122126-1\" width=\"640\" height=\"1138\" preload=\"metadata\" controls=\"controls\"><source type=\"video\/mp4\" src=\"https:\/\/www.tgrthaber.com\/mavikadin\/wp-content\/uploads\/berdan.mp4?_=1\" \/><a href=\"https:\/\/www.tgrthaber.com\/mavikadin\/wp-content\/uploads\/berdan.mp4\">https:\/\/www.tgrthaber.com\/mavikadin\/wp-content\/uploads\/berdan.mp4<\/a><\/video><\/div>\n<hr \/>\n<h3>BERDAN MARD\u0130N\u0130 K\u0130MD\u0130R?<\/h3>\n<p>Berdan Mardini, 5 Kas\u0131m 1978\u2019de Diyarbak\u0131r\u2019da do\u011fdu. Aslen Mardin\u2019in Yaylaba\u015f\u0131 k\u00f6y\u00fcnden gelmektedir. K\u00fcrt k\u00f6kenli olan Mardini, 6 \u00e7ocuklu bir ailede b\u00fcy\u00fcd\u00fc. Babas\u0131 devlet g\u00f6revlisiydi. Babas\u0131n\u0131n emekli olmas\u0131n\u0131n ard\u0131ndan, \u0130stanbul\u2019a ablas\u0131 ve abisinin yan\u0131na gitmek zorunda kalm\u0131\u015ft\u0131r. \u0130lkokul, ortaokul ve lise e\u011fitimini tamamlad\u0131ktan sonra \u00e7al\u0131\u015fma hayat\u0131na ad\u0131m att\u0131. \u00c7al\u0131\u015fmaya ba\u015flad\u0131ktan sonra, babas\u0131n\u0131n Zeytinburnu\u2019ndaki tekstil i\u015fletmesinde g\u00f6rev ald\u0131. \u0130ki y\u0131l\u0131n ard\u0131ndan, i\u015f yerinin yak\u0131nlar\u0131nda bir ba\u011flama kursuna kay\u0131t oldu. Zamanla pek \u00e7ok mek\u00e2nda sahne ald\u0131. Bir s\u00fcre bu \u015fekilde devam ettikten sonra, 2002 y\u0131l\u0131nda ilk alb\u00fcm\u00fc &#8220;Aman Aman&#8221;\u0131 piyasaya s\u00fcrd\u00fc. Bu alb\u00fcmle ad\u0131n\u0131 duyurmay\u0131 ba\u015fard\u0131. Daha sonra, 2004 y\u0131l\u0131nda &#8220;T\u00fcrk\u00fcler&#8221; adl\u0131 alb\u00fcm\u00fcn\u00fc \u00e7\u0131kard\u0131. \u0130lk iki alb\u00fcm\u00fc b\u00fcy\u00fck ilgi g\u00f6rd\u00fc.<\/p>\n<p><img loading=\"lazy\" decoding=\"async\" class=\"alignnone size-full wp-image-122128\" src=\"https:\/\/www.tgrthaber.com\/mavikadin\/wp-content\/uploads\/gbf-1.jpg\" alt=\"\" width=\"1208\" height=\"680\" title=\"\" srcset=\"https:\/\/www.tgrthaber.com\/mavikadin\/wp-content\/uploads\/gbf-1.jpg 1208w, https:\/\/www.tgrthaber.com\/mavikadin\/wp-content\/uploads\/gbf-1-300x169.jpg 300w, https:\/\/www.tgrthaber.com\/mavikadin\/wp-content\/uploads\/gbf-1-1024x576.jpg 1024w, https:\/\/www.tgrthaber.com\/mavikadin\/wp-content\/uploads\/gbf-1-768x432.jpg 768w\" sizes=\"(max-width: 1208px) 100vw, 1208px\" \/><\/p>\n<hr \/>\n<p>2019 y\u0131l\u0131nda, s\u00f6z\u00fc Tahir Peker\u2019e, bestesi Burhan Bayar\u2019a ait olan &#8220;Mutlu Ol Yeter&#8221; adl\u0131 par\u00e7ay\u0131 K\u00fcrt\u00e7eye \u00e7evirerek &#8220;Dilsad Be Bese&#8221; ad\u0131yla yay\u0131mlad\u0131. Bu \u00e7al\u0131\u015fma, 7 Mart 2023\u2019te Wayback Machine platformunda ar\u015fivlenmi\u015ftir.<\/p>\n<p>Mardini, Survivor 2023 yar\u0131\u015fmas\u0131na kat\u0131lm\u0131\u015f ancak daha sonra yar\u0131\u015fmadan ayr\u0131lm\u0131\u015ft\u0131r. 2010 y\u0131l\u0131nda Fato\u015f Mardini ile evlenmi\u015f ve bu evlilikten Miran Mardini ve Ezmira Mardini ad\u0131nda iki \u00e7ocu\u011fu olmu\u015ftur. 2021 y\u0131l\u0131nda ise bo\u015fanm\u0131\u015ft\u0131r.<\/p>\n","protected":false},"excerpt":{"rendered":"<p>Yak\u0131n arkada\u015f\u0131 \u015eafak Sezer&#8217;in yap\u0131mc\u0131l\u0131\u011f\u0131n\u0131 \u00fcstlendi\u011fi ve senaryosunu yazd\u0131\u011f\u0131 Kutsal Damacana filminin son serisi olan &#8216;Vampir&#8217;in galas\u0131na kat\u0131lan Berdan Mardini, geceye pijama ile kat\u0131ld\u0131\u011f\u0131n\u0131 s\u00f6yleyerek herkesi g\u00fcld\u00fcrd\u00fc.<\/p>\n","protected":false},"author":2,"featured_media":122129,"comment_status":"closed","ping_status":"closed","sticky":false,"template":"","format":"standard","meta":{"rank_math_lock_modified_date":false,"footnotes":""},"categories":[76],"tags":[5831,133,2218,5063],"class_list":["post-122126","post","type-post","status-publish","format-standard","has-post-thumbnail","hentry","category-magazin","tag-berdan-mardini","tag-magazin","tag-magazin-haberleri","tag-safak-sezer"],"_links":{"self":[{"href":"https:\/\/www.tgrthaber.com\/mavikadin\/wp-json\/wp\/v2\/posts\/122126"}],"collection":[{"href":"https:\/\/www.tgrthaber.com\/mavikadin\/wp-json\/wp\/v2\/posts"}],"about":[{"href":"https:\/\/www.tgrthaber.com\/mavikadin\/wp-json\/wp\/v2\/types\/post"}],"author":[{"embeddable":true,"href":"https:\/\/www.tgrthaber.com\/mavikadin\/wp-json\/wp\/v2\/users\/2"}],"replies":[{"embeddable":true,"href":"https:\/\/www.tgrthaber.com\/mavikadin\/wp-json\/wp\/v2\/comments?post=122126"}],"version-history":[{"count":2,"href":"https:\/\/www.tgrthaber.com\/mavikadin\/wp-json\/wp\/v2\/posts\/122126\/revisions"}],"predecessor-version":[{"id":122131,"href":"https:\/\/www.tgrthaber.com\/mavikadin\/wp-json\/wp\/v2\/posts\/122126\/revisions\/122131"}],"wp:featuredmedia":[{"embeddable":true,"href":"https:\/\/www.tgrthaber.com\/mavikadin\/wp-json\/wp\/v2\/media\/122129"}],"wp:attachment":[{"href":"https:\/\/www.tgrthaber.com\/mavikadin\/wp-json\/wp\/v2\/media?parent=122126"}],"wp:term":[{"taxonomy":"category","embeddable":true,"href":"https:\/\/www.tgrthaber.com\/mavikadin\/wp-json\/wp\/v2\/categories?post=122126"},{"taxonomy":"post_tag","embeddable":true,"href":"https:\/\/www.tgrthaber.com\/mavikadin\/wp-json\/wp\/v2\/tags?post=122126"}],"curies":[{"name":"wp","href":"https:\/\/api.w.org\/{rel}","templated":true}]}}