{"id":122168,"date":"2025-01-16T02:44:26","date_gmt":"2025-01-15T23:44:26","guid":{"rendered":"https:\/\/www.tgrthaber.com\/mavikadin\/?p=122168"},"modified":"2025-01-16T02:44:26","modified_gmt":"2025-01-15T23:44:26","slug":"hakkinda-guvenilir-bir-unlu-degil-denilen-gupse-ozay-icin-esi-baris-arductan-aciklama","status":"publish","type":"post","link":"https:\/\/www.tgrthaber.com\/mavikadin\/hakkinda-guvenilir-bir-unlu-degil-denilen-gupse-ozay-icin-esi-baris-arductan-aciklama\/","title":{"rendered":"Hakk\u0131nda &#8216;G\u00fcvenilir bir \u00fcnl\u00fc de\u011fil&#8217; denilen Gupse \u00d6zay i\u00e7in e\u015fi Bar\u0131\u015f Ardu\u00e7&#8217;tan a\u00e7\u0131klama!"},"content":{"rendered":"<p>YouTube&#8217;da yeni bir program \u00e7ekimine ge\u00e7ti\u011fimiz haftalarda ba\u015flayan y\u00f6netmen Melik\u015fah Altunta\u015f&#8217;\u0131n \u00fcnl\u00fc oyuncu Gupse \u00d6zay i\u00e7in kurdu\u011fu c\u00fcmleler sosyal medyada g\u00fcndeme oturmu\u015ftu. \u00d6zel hayatlar\u0131nda iki yak\u0131n arkada\u015f oldu\u011fu bilinen\u00a0 Melik\u015fah Altunta\u015f ile Gupse \u00d6zay ikilisinde Altunta\u015f&#8217;\u0131n \u00d6zay i\u00e7in s\u00f6yledi\u011fi s\u00f6zler \u015fa\u015f\u0131rtt\u0131.<\/p>\n<h3>\u00a0MEL\u0130K\u015eAH ALTUNTA\u015e&#8217;TAN GUPSE \u00d6ZAY&#8217;A &#8220;G\u00dcVEN\u0130L\u0130R B\u0130R \u00dcNL\u00dc DE\u011e\u0130L!&#8221; G\u00d6NDERMES\u0130!<\/h3>\n<p>Program\u0131 s\u0131ras\u0131nda kullan\u0131c\u0131lar\u0131n yorumlar\u0131n\u0131 okuyan Altunta\u015f, birka\u00e7 defad\u0131r kar\u015f\u0131s\u0131na \u00e7\u0131kan arkada\u015f\u0131 Gupse \u00d6zay&#8217;\u0131n ismini g\u00f6r\u00fcnce kendini tutamad\u0131. Y\u00f6netmen Altunta\u015f,<\/p>\n<p><img loading=\"lazy\" decoding=\"async\" class=\"alignnone wp-image-122169\" src=\"https:\/\/www.tgrthaber.com\/mavikadin\/wp-content\/uploads\/9666-2.png\" alt=\"\" width=\"1208\" height=\"862\" title=\"\" srcset=\"https:\/\/www.tgrthaber.com\/mavikadin\/wp-content\/uploads\/9666-2.png 807w, https:\/\/www.tgrthaber.com\/mavikadin\/wp-content\/uploads\/9666-2-300x214.png 300w, https:\/\/www.tgrthaber.com\/mavikadin\/wp-content\/uploads\/9666-2-768x548.png 768w\" sizes=\"(max-width: 1208px) 100vw, 1208px\" \/><\/p>\n<hr \/>\n<p>\u201cBu Gupse \u00d6zay\u2019\u0131 ne yaz\u0131p durmu\u015fsunuz&#8230; Filmi mi var? Filmi oldu\u011funda ortaya \u00e7\u0131kar. B\u00fct\u00fcn kanallar\u0131 gezer. Buna g\u00fcvenmeyin, g\u00fcvenilir bir \u00fcnl\u00fc de\u011fil! Filmi varsa senin cebinden 150-200 bin lira t\u0131rt\u0131klarsa programa gelir. \u015eimdiden s\u00f6yleyeyim yazmay\u0131n bana, buna g\u00fcvenmeyin\u201d c\u00fcmlelerini kurmu\u015ftu.<\/p>\n<h3>ALTUNTA\u015e&#8217;IN S\u00d6ZLER\u0130NE ANLAM VER\u0130LEMED\u0130! GUPSE \u0130\u00c7\u0130N DED\u0130KLER\u0130 \u015eAKA MI GER\u00c7EK M\u0130?<\/h3>\n<p>Sinema ekranlar\u0131n\u0131n g\u00fcld\u00fcren y\u00fcz\u00fc ba\u015far\u0131l\u0131 oyuncu Gupse \u00d6zay ile yak\u0131n arkada\u015f oldu\u011fu bilinen \u00fcnl\u00fc y\u00f6netmen Melik\u015fah Altunta\u015f&#8217;\u0131n \u00d6zay i\u00e7in s\u00f6yledikleri duyanlarda &#8220;\u0130roni mi yap\u0131yor yoksa ciddi mi?&#8221; sorular\u0131n\u0131 da pe\u015finden getirdi.<\/p>\n<h3>OLAYA GUPSE \u00d6ZAY&#8217;IN E\u015e\u0130 BARI\u015e ARDU\u00c7 EL ATTI! ARDU\u00c7&#8217;TAN SON NOKTA&#8230;<\/h3>\n<p>Altunta\u015f&#8217;\u0131n Gupse \u00d6zay i\u00e7in s\u00f6yledi\u011fi olay s\u00f6zler \u00fczerine oyuncu \u00d6zay&#8217;dan herhangi bir a\u00e7\u0131klama yap\u0131lmam\u0131\u015f iken devreye e\u015fi Bar\u0131\u015f Ardu\u00e7 girdi.<\/p>\n<p><img loading=\"lazy\" decoding=\"async\" class=\"alignnone wp-image-80997\" src=\"https:\/\/www.tgrthaber.com\/mavikadin\/wp-content\/uploads\/2024\/09\/baris-arduc-ve-gupse-ozaydan-carpici-karar-cocuklari-icin-ilicada-yazlik-aldilar.jpg\" alt=\"\" width=\"1208\" height=\"680\" title=\"\" srcset=\"https:\/\/www.tgrthaber.com\/mavikadin\/wp-content\/uploads\/2024\/09\/baris-arduc-ve-gupse-ozaydan-carpici-karar-cocuklari-icin-ilicada-yazlik-aldilar.jpg 1600w, https:\/\/www.tgrthaber.com\/mavikadin\/wp-content\/uploads\/2024\/09\/baris-arduc-ve-gupse-ozaydan-carpici-karar-cocuklari-icin-ilicada-yazlik-aldilar-300x169.jpg 300w, https:\/\/www.tgrthaber.com\/mavikadin\/wp-content\/uploads\/2024\/09\/baris-arduc-ve-gupse-ozaydan-carpici-karar-cocuklari-icin-ilicada-yazlik-aldilar-1024x576.jpg 1024w, https:\/\/www.tgrthaber.com\/mavikadin\/wp-content\/uploads\/2024\/09\/baris-arduc-ve-gupse-ozaydan-carpici-karar-cocuklari-icin-ilicada-yazlik-aldilar-768x432.jpg 768w, https:\/\/www.tgrthaber.com\/mavikadin\/wp-content\/uploads\/2024\/09\/baris-arduc-ve-gupse-ozaydan-carpici-karar-cocuklari-icin-ilicada-yazlik-aldilar-1536x864.jpg 1536w, https:\/\/www.tgrthaber.com\/mavikadin\/wp-content\/uploads\/2024\/09\/baris-arduc-ve-gupse-ozaydan-carpici-karar-cocuklari-icin-ilicada-yazlik-aldilar-533x300.jpg 533w, https:\/\/www.tgrthaber.com\/mavikadin\/wp-content\/uploads\/2024\/09\/baris-arduc-ve-gupse-ozaydan-carpici-karar-cocuklari-icin-ilicada-yazlik-aldilar-600x338.jpg 600w, https:\/\/www.tgrthaber.com\/mavikadin\/wp-content\/uploads\/2024\/09\/baris-arduc-ve-gupse-ozaydan-carpici-karar-cocuklari-icin-ilicada-yazlik-aldilar-30x16.jpg 30w, https:\/\/www.tgrthaber.com\/mavikadin\/wp-content\/uploads\/2024\/09\/baris-arduc-ve-gupse-ozaydan-carpici-karar-cocuklari-icin-ilicada-yazlik-aldilar-18x10.jpg 18w\" sizes=\"(max-width: 1208px) 100vw, 1208px\" \/><\/p>\n<hr \/>\n<p>Konuyla ilgili a\u00e7\u0131klamada bulunan karizmatik oyuncu Bar\u0131\u015f Ardu\u00e7, o c\u00fcmlelerin san\u0131ld\u0131\u011f\u0131 gibi bir anlama \u00e7\u0131kmad\u0131\u011f\u0131n\u0131 ifade etti.<\/p>\n<h3>BARI\u015e ARDU\u00c7: &#8220;MEL\u0130K\u015eAH \u0130\u015e\u0130N GIRGIRINI YAPIYOR&#8221;<\/h3>\n<p>Yay\u0131nlanan haberler do\u011frultusunda oyuncu Ardu\u00e7, konuyla ilgili, &#8220;Biz evde g\u00fcld\u00fck ona, Melik\u015fah bizim yak\u0131n arkada\u015f\u0131m\u0131z. Bu i\u015fin g\u0131rg\u0131r\u0131n\u0131 yap\u0131yor. Ciddiye alanlar olmu\u015f, hi\u00e7 \u00f6yle bir \u015fey olabilir mi ya! Sonra Gupse de arad\u0131. Beraber g\u00fcld\u00fcler&#8221; ifadelerini kulland\u0131.<\/p>\n<p>Ardu\u00e7, &#8220;Kimse kimseyi yanl\u0131\u015f anlam\u0131yor biz yak\u0131n arkada\u015f\u0131z&#8221; diyerek merak edilenlere a\u00e7\u0131kl\u0131k getirmi\u015f oldu.<\/p>\n<p>&nbsp;<\/p>\n","protected":false},"excerpt":{"rendered":"<p>\u00dcnl\u00fc y\u00f6netmen Melik\u015fah Altunta\u015f&#8217;\u0131n yak\u0131n arkada\u015f\u0131 Gupse \u00d6zay i\u00e7in &#8216;G\u00fcvenilir de\u011fil&#8217; demesi olay olmu\u015ftu. \u00d6zay&#8217;\u0131n e\u015fi Bar\u0131\u015f Ardu\u00e7 konuyla ilgili a\u00e7\u0131klamada bulundu.<\/p>\n","protected":false},"author":27,"featured_media":122170,"comment_status":"closed","ping_status":"closed","sticky":false,"template":"","format":"standard","meta":{"rank_math_lock_modified_date":false,"footnotes":""},"categories":[76],"tags":[2392,8261,8262],"class_list":["post-122168","post","type-post","status-publish","format-standard","has-post-thumbnail","hentry","category-magazin","tag-baris-arduc","tag-gupse-ozay","tag-meliksah-altuntas"],"_links":{"self":[{"href":"https:\/\/www.tgrthaber.com\/mavikadin\/wp-json\/wp\/v2\/posts\/122168"}],"collection":[{"href":"https:\/\/www.tgrthaber.com\/mavikadin\/wp-json\/wp\/v2\/posts"}],"about":[{"href":"https:\/\/www.tgrthaber.com\/mavikadin\/wp-json\/wp\/v2\/types\/post"}],"author":[{"embeddable":true,"href":"https:\/\/www.tgrthaber.com\/mavikadin\/wp-json\/wp\/v2\/users\/27"}],"replies":[{"embeddable":true,"href":"https:\/\/www.tgrthaber.com\/mavikadin\/wp-json\/wp\/v2\/comments?post=122168"}],"version-history":[{"count":2,"href":"https:\/\/www.tgrthaber.com\/mavikadin\/wp-json\/wp\/v2\/posts\/122168\/revisions"}],"predecessor-version":[{"id":122172,"href":"https:\/\/www.tgrthaber.com\/mavikadin\/wp-json\/wp\/v2\/posts\/122168\/revisions\/122172"}],"wp:featuredmedia":[{"embeddable":true,"href":"https:\/\/www.tgrthaber.com\/mavikadin\/wp-json\/wp\/v2\/media\/122170"}],"wp:attachment":[{"href":"https:\/\/www.tgrthaber.com\/mavikadin\/wp-json\/wp\/v2\/media?parent=122168"}],"wp:term":[{"taxonomy":"category","embeddable":true,"href":"https:\/\/www.tgrthaber.com\/mavikadin\/wp-json\/wp\/v2\/categories?post=122168"},{"taxonomy":"post_tag","embeddable":true,"href":"https:\/\/www.tgrthaber.com\/mavikadin\/wp-json\/wp\/v2\/tags?post=122168"}],"curies":[{"name":"wp","href":"https:\/\/api.w.org\/{rel}","templated":true}]}}