{"id":122180,"date":"2025-01-16T09:06:08","date_gmt":"2025-01-16T06:06:08","guid":{"rendered":"https:\/\/www.tgrthaber.com\/mavikadin\/?p=122180"},"modified":"2025-01-16T09:08:22","modified_gmt":"2025-01-16T06:08:22","slug":"genclik-filmi-karantina-sinemalarda-izlenme-rekorlari-kiriyor","status":"publish","type":"post","link":"https:\/\/www.tgrthaber.com\/mavikadin\/genclik-filmi-karantina-sinemalarda-izlenme-rekorlari-kiriyor\/","title":{"rendered":"Gen\u00e7lik filmi Karantina sinemalarda izlenme rekorlar\u0131 k\u0131r\u0131yor!"},"content":{"rendered":"<p>Gen\u00e7lik filmi Karantina sinemalarda izlenme rekorlar\u0131 k\u0131rmaya devam ediyor. Ayn\u0131 isimli romandan uyarlanan film 10 Ocak&#8217;ta g\u00f6sterime girdi ve k\u0131sa s\u00fcrede 150 bin seyirciyi ge\u00e7ti. Herkesin merakla ve ilgiyle izledi\u011fi filmde birbirinden pop\u00fcler isimler yer al\u0131yor.<\/p>\n<h3>KARANT\u0130NA F\u0130LM\u0130 S\u0130NEMALARDA REKOR KIRIYOR<\/h3>\n<p>Karantina filmi sinemalarda 10 Ocak g\u00fcn\u00fc g\u00f6sterime girdi. Yay\u0131nlanmaya ba\u015flad\u0131\u011f\u0131 g\u00fcnden beri izleyicinin ilgisini \u00e7eken Karantina filmi 4 g\u00fcnde 150 bin seyirciyi ge\u00e7ti. Gen\u00e7lik filmi olan yap\u0131m ayn\u0131 isimli bir romandan uyarlama. Filmin oyuncu kadrosunda ise Demirhan Demircio\u011flu, Meltem Ak\u00e7\u00f6l, Onur Bay, Taha Baran \u00d6zbek yer al\u0131yor. Son zamanlar\u0131n en pop\u00fcler isimlerinden olan oyuncu kadrosuyla gen\u00e7 ve dinamik bir macera sunan filmde cinayet soru\u015fturmas\u0131 ortas\u0131nda birbirlerine \u00e2\u015f\u0131k olan iki gencin hikayesini konu ediyor.<\/p>\n<p><img loading=\"lazy\" decoding=\"async\" class=\"alignnone size-full wp-image-122181\" src=\"https:\/\/www.tgrthaber.com\/mavikadin\/wp-content\/uploads\/Ekran-goruntusu-2025-01-16-090034.png\" alt=\"\" width=\"1113\" height=\"694\" title=\"\" srcset=\"https:\/\/www.tgrthaber.com\/mavikadin\/wp-content\/uploads\/Ekran-goruntusu-2025-01-16-090034.png 1113w, https:\/\/www.tgrthaber.com\/mavikadin\/wp-content\/uploads\/Ekran-goruntusu-2025-01-16-090034-300x187.png 300w, https:\/\/www.tgrthaber.com\/mavikadin\/wp-content\/uploads\/Ekran-goruntusu-2025-01-16-090034-1024x639.png 1024w, https:\/\/www.tgrthaber.com\/mavikadin\/wp-content\/uploads\/Ekran-goruntusu-2025-01-16-090034-768x479.png 768w\" sizes=\"(max-width: 1113px) 100vw, 1113px\" \/><\/p>\n<hr \/>\n<p>Bir cinayet soru\u015fturmas\u0131n\u0131n ortas\u0131nda birbirine \u00e2\u015f\u0131k olan \u00e7iftlerden k\u0131z Zeynep, yeni okuluna giderken ba\u015f\u0131na geleceklerden de bir haberdir. Okulun ilk g\u00fcn\u00fcnde kendisini salg\u0131n hastal\u0131ktan kaynaklanan bir karantinan\u0131n bir cinayetin ve bir a\u015fk \u00fc\u00e7geninin i\u00e7erisinde bulur. Salg\u0131n hastal\u0131\u011f\u0131n ektisiyle ya\u015fanan zorluklar gen\u00e7lerin i\u00e7inde bulunduklar\u0131 duygusal karma\u015fay\u0131 da daha da derinle\u015ftirir. Bu s\u00fcre\u00e7 ise a\u015fk\u0131n ve arkada\u015fl\u0131klar\u0131n da s\u0131nanmas\u0131na da neden olur.<\/p>\n<p><img loading=\"lazy\" decoding=\"async\" class=\"alignnone size-full wp-image-122182\" src=\"https:\/\/www.tgrthaber.com\/mavikadin\/wp-content\/uploads\/Ekran-goruntusu-2025-01-16-090114.png\" alt=\"\" width=\"1170\" height=\"619\" title=\"\" srcset=\"https:\/\/www.tgrthaber.com\/mavikadin\/wp-content\/uploads\/Ekran-goruntusu-2025-01-16-090114.png 1170w, https:\/\/www.tgrthaber.com\/mavikadin\/wp-content\/uploads\/Ekran-goruntusu-2025-01-16-090114-300x159.png 300w, https:\/\/www.tgrthaber.com\/mavikadin\/wp-content\/uploads\/Ekran-goruntusu-2025-01-16-090114-1024x542.png 1024w, https:\/\/www.tgrthaber.com\/mavikadin\/wp-content\/uploads\/Ekran-goruntusu-2025-01-16-090114-768x406.png 768w\" sizes=\"(max-width: 1170px) 100vw, 1170px\" \/><\/p>\n<hr \/>\n<p>Karantina filmi soluksuz izlenmesi ve gen\u00e7lik dizisi olmas\u0131 sebebiyle herkesin ilgisi \u00e7eken bir yap\u0131m oldu. Bir s\u00fcre daha vizyonda olacak olan film ara tatilde gen\u00e7lerin en \u00e7ok tercih edece\u011fi sinema filmlerinden biri olacak gibi g\u00f6r\u00fcn\u00fcyor. Herkesin ilgisini \u00e7eken filmde yer alan oyuncular da gidi\u015fat\u0131n\u0131 \u00e7ok iyi g\u00f6t\u00fcr\u00fcyor. Filmi izleyicileri ikincisinin de \u00e7\u0131kaca\u011f\u0131n\u0131 d\u00fc\u015f\u00fcn\u00fcyor. Ayn\u0131 isimli romandan uyarlanan film Beyza Alko\u00e7 &#8216;un kaleminden \u00e7\u0131kt\u0131.<\/p>\n<p><img loading=\"lazy\" decoding=\"async\" class=\"alignnone size-full wp-image-122183\" src=\"https:\/\/www.tgrthaber.com\/mavikadin\/wp-content\/uploads\/Ekran-goruntusu-2025-01-16-090051.png\" alt=\"\" width=\"1154\" height=\"696\" title=\"\" srcset=\"https:\/\/www.tgrthaber.com\/mavikadin\/wp-content\/uploads\/Ekran-goruntusu-2025-01-16-090051.png 1154w, https:\/\/www.tgrthaber.com\/mavikadin\/wp-content\/uploads\/Ekran-goruntusu-2025-01-16-090051-300x181.png 300w, https:\/\/www.tgrthaber.com\/mavikadin\/wp-content\/uploads\/Ekran-goruntusu-2025-01-16-090051-1024x618.png 1024w, https:\/\/www.tgrthaber.com\/mavikadin\/wp-content\/uploads\/Ekran-goruntusu-2025-01-16-090051-768x463.png 768w\" sizes=\"(max-width: 1154px) 100vw, 1154px\" \/><\/p>\n<hr \/>\n<h3>KARANT\u0130NA F\u0130LM\u0130 NEREDEN \u0130ZLEN\u0130R?<\/h3>\n<p>Karantina filmi 10 ocakta izleyiciyle bulu\u015ftu. K\u0131sa s\u00fcrede 150 bin izleyici say\u0131s\u0131n\u0131 ge\u00e7en film sadece sinemalarda yer al\u0131yor. Siz de \u015fehrinizde bulunan sinemalardan birine giderek Karantina filmini izleyebilirsiniz. Di\u011fer yap\u0131mlar\u0131n aksine Karantina filmi dijital platformda yer alm\u0131yor. Bu y\u00fczden sadece sinemada g\u00f6sterime girecek.<\/p>\n","protected":false},"excerpt":{"rendered":"<p>Gen\u00e7lik filmi olan ve ayn\u0131 isimli romandan uyarlanan Karantina k\u0131sa s\u00fcrede 150 bin izleyiciyi ge\u00e7ti. Herkesin merakla bekledi\u011fi film sinemalarda g\u00f6sterime girdi\u011fi g\u00fcnden bu yana rekor k\u0131rarak zirvede duruyor. <\/p>\n","protected":false},"author":25,"featured_media":122184,"comment_status":"closed","ping_status":"closed","sticky":false,"template":"","format":"standard","meta":{"rank_math_lock_modified_date":false,"footnotes":""},"categories":[76],"tags":[8264,3131,7505,7381,8265],"class_list":["post-122180","post","type-post","status-publish","format-standard","has-post-thumbnail","hentry","category-magazin","tag-demirhan-demircioglu","tag-karantina-filmi","tag-meltem-akcol","tag-onur-bay","tag-taha-baran-ozbek"],"_links":{"self":[{"href":"https:\/\/www.tgrthaber.com\/mavikadin\/wp-json\/wp\/v2\/posts\/122180"}],"collection":[{"href":"https:\/\/www.tgrthaber.com\/mavikadin\/wp-json\/wp\/v2\/posts"}],"about":[{"href":"https:\/\/www.tgrthaber.com\/mavikadin\/wp-json\/wp\/v2\/types\/post"}],"author":[{"embeddable":true,"href":"https:\/\/www.tgrthaber.com\/mavikadin\/wp-json\/wp\/v2\/users\/25"}],"replies":[{"embeddable":true,"href":"https:\/\/www.tgrthaber.com\/mavikadin\/wp-json\/wp\/v2\/comments?post=122180"}],"version-history":[{"count":1,"href":"https:\/\/www.tgrthaber.com\/mavikadin\/wp-json\/wp\/v2\/posts\/122180\/revisions"}],"predecessor-version":[{"id":122185,"href":"https:\/\/www.tgrthaber.com\/mavikadin\/wp-json\/wp\/v2\/posts\/122180\/revisions\/122185"}],"wp:featuredmedia":[{"embeddable":true,"href":"https:\/\/www.tgrthaber.com\/mavikadin\/wp-json\/wp\/v2\/media\/122184"}],"wp:attachment":[{"href":"https:\/\/www.tgrthaber.com\/mavikadin\/wp-json\/wp\/v2\/media?parent=122180"}],"wp:term":[{"taxonomy":"category","embeddable":true,"href":"https:\/\/www.tgrthaber.com\/mavikadin\/wp-json\/wp\/v2\/categories?post=122180"},{"taxonomy":"post_tag","embeddable":true,"href":"https:\/\/www.tgrthaber.com\/mavikadin\/wp-json\/wp\/v2\/tags?post=122180"}],"curies":[{"name":"wp","href":"https:\/\/api.w.org\/{rel}","templated":true}]}}