{"id":122191,"date":"2025-01-16T09:30:39","date_gmt":"2025-01-16T06:30:39","guid":{"rendered":"https:\/\/www.tgrthaber.com\/mavikadin\/?p=122191"},"modified":"2025-01-16T09:30:39","modified_gmt":"2025-01-16T06:30:39","slug":"czn-burak-aylik-gelirini-ve-aldigi-evin-fiyatini-aciklayinca-kafalari-karistirdi","status":"publish","type":"post","link":"https:\/\/www.tgrthaber.com\/mavikadin\/czn-burak-aylik-gelirini-ve-aldigi-evin-fiyatini-aciklayinca-kafalari-karistirdi\/","title":{"rendered":"CZN Burak ayl\u0131k gelirini ve ald\u0131\u011f\u0131 evin fiyat\u0131n\u0131 a\u00e7\u0131klay\u0131nca kafalar\u0131 kar\u0131\u015ft\u0131rd\u0131"},"content":{"rendered":"<p>CZN Burak ayl\u0131k gelirini ve ald\u0131\u011f\u0131 evin fiyat\u0131n\u0131 a\u00e7\u0131klay\u0131nca kafalar\u0131 kar\u0131\u015ft\u0131rd\u0131. Sosyal medya fenomenlerinden CZN Burak\u2019\u0131n l\u00fcks dairesinin fiyat\u0131 dudak u\u00e7uklatt\u0131.<br \/>\nSosyal medyan\u0131n pop\u00fcler isimlerinden CZN Burak ayl\u0131k gelirinin 30 bin TL oldu\u011funu a\u00e7\u0131klam\u0131\u015ft\u0131. Ayl\u0131k gelirini a\u00e7\u0131klad\u0131ktan sonra b\u00fcy\u00fck bir tart\u0131\u015fmaya neden olan fenomen isim g\u00fcndem oldu.<\/p>\n<h3>CZN BURAK AYLIK GEL\u0130R\u0130N\u0130 A\u00c7IKLADI G\u00dcNDEM OLDU<\/h3>\n<p>CZN Burak ayl\u0131k gelirini a\u00e7\u0131klay\u0131nca sosyal medyan\u0131n g\u00fcndemine oturdu. \u00c7ekti\u011fi yemek videolar\u0131yla tan\u0131nan fenomen ismin gelir beyan\u0131ndan sonra Ferrarisi ve Ni\u015fanta\u015f\u0131&#8217;n\u0131n g\u00f6be\u011findeki milyon dolarl\u0131k dubleks dairesi \u00e7ok konu\u015fuldu.<\/p>\n<p><img loading=\"lazy\" decoding=\"async\" class=\"alignnone wp-image-122194\" src=\"https:\/\/www.tgrthaber.com\/mavikadin\/wp-content\/uploads\/Burak-2_restored.jpeg\" alt=\"\" width=\"1208\" height=\"679\" title=\"\" srcset=\"https:\/\/www.tgrthaber.com\/mavikadin\/wp-content\/uploads\/Burak-2_restored.jpeg 2000w, https:\/\/www.tgrthaber.com\/mavikadin\/wp-content\/uploads\/Burak-2_restored-300x169.jpeg 300w, https:\/\/www.tgrthaber.com\/mavikadin\/wp-content\/uploads\/Burak-2_restored-1024x575.jpeg 1024w, https:\/\/www.tgrthaber.com\/mavikadin\/wp-content\/uploads\/Burak-2_restored-768x432.jpeg 768w, https:\/\/www.tgrthaber.com\/mavikadin\/wp-content\/uploads\/Burak-2_restored-1536x863.jpeg 1536w\" sizes=\"(max-width: 1208px) 100vw, 1208px\" \/><\/p>\n<hr \/>\n<p>Sosyal medyada yapt\u0131\u011f\u0131 devasa b\u00fcy\u00fckl\u00fckteki yemek videolar\u0131 ile dikkat \u00e7eken CZN Burak, s\u00fcrekli g\u00fcl\u00fcmsemesiyle de ilgi oda\u011f\u0131 haline geldi. Restoranlar\u0131nda d\u00fcnyaca \u00fcnl\u00fc isimleri a\u011f\u0131rlayan CZN Burak zaman i\u00e7inde herkes taraf\u0131ndan tan\u0131nan biri haline geldi.<\/p>\n<p>Babas\u0131n\u0131n mesle\u011fini devam ettiren CZN Burak bir d\u00f6nem babas\u0131yla ya\u015fad\u0131\u011f\u0131 sorunlarla \u00f6ne \u00e7\u0131km\u0131\u015f ard\u0131ndan daval\u0131k olmu\u015ftu. Babas\u0131yla 6 \u015eubat depreminden sonra aras\u0131 bozulan CZN Burak\u2019\u0131n iddialara g\u00f6re, kendi memleketi Hatay&#8217;a yard\u0131m eli uzatmak i\u00e7in \u00e7abalamas\u0131na babas\u0131 engel olmaya \u00e7al\u0131\u015fm\u0131\u015f.<br \/>\nCZN Burak bu olaya \u00e7ok sinirlenerek babas\u0131yla t\u00fcm ba\u011f\u0131n\u0131 koparm\u0131\u015ft\u0131.<\/p>\n<h3>BABASIYLA ARASINDA NE OLMU\u015eTU?<\/h3>\n<p>Babas\u0131yla ya\u015fad\u0131\u011f\u0131 gerginli\u011fin dava boyutu \u015fu \u015fekilde:<\/p>\n<p>Burak \u00d6zdemir&#8217;in iddialar\u0131na g\u00f6re babas\u0131, markas\u0131n\u0131n isim haklar\u0131n\u0131 satarak doland\u0131r\u0131lm\u0131\u015f. \u00dcnl\u00fc fenomen de bunu fark edince mahkemeye gitmi\u015f ve s\u00f6ylentilere g\u00f6re babas\u0131 \u0130stanbul\u2019daki restoran\u0131n t\u00fcm haklar\u0131n\u0131 yabanc\u0131 bir i\u015f insan\u0131na devretmi\u015f.<\/p>\n<p><img loading=\"lazy\" decoding=\"async\" class=\"alignnone wp-image-122195\" src=\"https:\/\/www.tgrthaber.com\/mavikadin\/wp-content\/uploads\/Burak-4.jpg\" alt=\"\" width=\"1208\" height=\"680\" title=\"\" srcset=\"https:\/\/www.tgrthaber.com\/mavikadin\/wp-content\/uploads\/Burak-4.jpg 1600w, https:\/\/www.tgrthaber.com\/mavikadin\/wp-content\/uploads\/Burak-4-300x169.jpg 300w, https:\/\/www.tgrthaber.com\/mavikadin\/wp-content\/uploads\/Burak-4-1024x576.jpg 1024w, https:\/\/www.tgrthaber.com\/mavikadin\/wp-content\/uploads\/Burak-4-768x432.jpg 768w, https:\/\/www.tgrthaber.com\/mavikadin\/wp-content\/uploads\/Burak-4-1536x864.jpg 1536w\" sizes=\"(max-width: 1208px) 100vw, 1208px\" \/><\/p>\n<hr \/>\n<p>Dava s\u00fcrecinde ayl\u0131k gelirinin 30 bin TL oldu\u011funu a\u00e7\u0131klayan CZN Burak\u2019a ele\u015ftiriler art arda gelmi\u015fti.\u00a0 Burak yapt\u0131\u011f\u0131 a\u00e7\u0131klamada; &#8220;Babamdan ald\u0131\u011f\u0131m para tabii ki 30 bin lira de\u011fil. O resmi gelirim, geri kalan babamla beni ilgilendirir&#8221; demi\u015fti.<\/p>\n<h3>FERRAR\u0130 VE L\u00dcKS EV G\u00dcNDEMDE<\/h3>\n<p>CZN Burak\u2019\u0131n bu s\u00fcre\u00e7te babas\u0131yla k\u00fcst\u00fc\u011f\u00fc s\u00f6ylenmi\u015f ve ard\u0131ndan fenomen isim kariyerine yeniden ba\u015flay\u0131p alt\u0131na Ferrari \u00e7ekmi\u015fti.<\/p>\n<p><img loading=\"lazy\" decoding=\"async\" class=\"alignnone wp-image-122196\" src=\"https:\/\/www.tgrthaber.com\/mavikadin\/wp-content\/uploads\/Burak-evi.jpg\" alt=\"\" width=\"1208\" height=\"680\" title=\"\" srcset=\"https:\/\/www.tgrthaber.com\/mavikadin\/wp-content\/uploads\/Burak-evi.jpg 1600w, https:\/\/www.tgrthaber.com\/mavikadin\/wp-content\/uploads\/Burak-evi-300x169.jpg 300w, https:\/\/www.tgrthaber.com\/mavikadin\/wp-content\/uploads\/Burak-evi-1024x576.jpg 1024w, https:\/\/www.tgrthaber.com\/mavikadin\/wp-content\/uploads\/Burak-evi-768x432.jpg 768w, https:\/\/www.tgrthaber.com\/mavikadin\/wp-content\/uploads\/Burak-evi-1536x864.jpg 1536w\" sizes=\"(max-width: 1208px) 100vw, 1208px\" \/><\/p>\n<hr \/>\n<p>Bu olaylar\u0131n yank\u0131s\u0131 devam ederken Burak \u00d6zdemir\u2019in Ni\u015fanta\u015f\u0131\u2019n\u0131n g\u00f6be\u011finden dubleks daire almas\u0131 da yeniden g\u00fcndem olmas\u0131na neden oldu. Sosyal medya fenomeni Burak \u00d6zdemir\u2019in sat\u0131n al\u0131p ta\u015f\u0131nd\u0131\u011f\u0131 l\u00fcks dairenin fiyat\u0131 3.5 milyon dolar de\u011ferinde.<\/p>\n","protected":false},"excerpt":{"rendered":"<p>CZN Burak ayl\u0131k gelirini ve ald\u0131\u011f\u0131 evin fiyat\u0131n\u0131 a\u00e7\u0131klay\u0131nca kafalar\u0131 kar\u0131\u015ft\u0131rd\u0131. Sosyal medya fenomenlerinden CZN Burak\u2019\u0131n l\u00fcks dairesinin fiyat\u0131 dudak u\u00e7uklatt\u0131. Sosyal medyan\u0131n pop\u00fcler isimlerinden CZN Burak ayl\u0131k gelirinin 30 bin TL oldu\u011funu a\u00e7\u0131klam\u0131\u015ft\u0131. Ayl\u0131k gelirini a\u00e7\u0131klad\u0131ktan sonra b\u00fcy\u00fck bir tart\u0131\u015fmaya neden olan fenomen isim g\u00fcndem oldu. CZN BURAK AYLIK GEL\u0130R\u0130N\u0130 A\u00c7IKLADI G\u00dcNDEM OLDU CZN [&hellip;]<\/p>\n","protected":false},"author":5,"featured_media":122192,"comment_status":"closed","ping_status":"closed","sticky":false,"template":"","format":"standard","meta":{"rank_math_lock_modified_date":false,"footnotes":""},"categories":[76],"tags":[3080,8267],"class_list":["post-122191","post","type-post","status-publish","format-standard","has-post-thumbnail","hentry","category-magazin","tag-czn-burak","tag-czn-burak-aylik-geliri"],"_links":{"self":[{"href":"https:\/\/www.tgrthaber.com\/mavikadin\/wp-json\/wp\/v2\/posts\/122191"}],"collection":[{"href":"https:\/\/www.tgrthaber.com\/mavikadin\/wp-json\/wp\/v2\/posts"}],"about":[{"href":"https:\/\/www.tgrthaber.com\/mavikadin\/wp-json\/wp\/v2\/types\/post"}],"author":[{"embeddable":true,"href":"https:\/\/www.tgrthaber.com\/mavikadin\/wp-json\/wp\/v2\/users\/5"}],"replies":[{"embeddable":true,"href":"https:\/\/www.tgrthaber.com\/mavikadin\/wp-json\/wp\/v2\/comments?post=122191"}],"version-history":[{"count":1,"href":"https:\/\/www.tgrthaber.com\/mavikadin\/wp-json\/wp\/v2\/posts\/122191\/revisions"}],"predecessor-version":[{"id":122197,"href":"https:\/\/www.tgrthaber.com\/mavikadin\/wp-json\/wp\/v2\/posts\/122191\/revisions\/122197"}],"wp:featuredmedia":[{"embeddable":true,"href":"https:\/\/www.tgrthaber.com\/mavikadin\/wp-json\/wp\/v2\/media\/122192"}],"wp:attachment":[{"href":"https:\/\/www.tgrthaber.com\/mavikadin\/wp-json\/wp\/v2\/media?parent=122191"}],"wp:term":[{"taxonomy":"category","embeddable":true,"href":"https:\/\/www.tgrthaber.com\/mavikadin\/wp-json\/wp\/v2\/categories?post=122191"},{"taxonomy":"post_tag","embeddable":true,"href":"https:\/\/www.tgrthaber.com\/mavikadin\/wp-json\/wp\/v2\/tags?post=122191"}],"curies":[{"name":"wp","href":"https:\/\/api.w.org\/{rel}","templated":true}]}}