{"id":122208,"date":"2025-01-16T11:49:23","date_gmt":"2025-01-16T08:49:23","guid":{"rendered":"https:\/\/www.tgrthaber.com\/mavikadin\/?p=122208"},"modified":"2025-01-16T11:58:31","modified_gmt":"2025-01-16T08:58:31","slug":"survivor-2025-goksu-kucukali-kimdir-kac-yasinda-yasi-meslegi-ve-hayati","status":"publish","type":"post","link":"https:\/\/www.tgrthaber.com\/mavikadin\/survivor-2025-goksu-kucukali-kimdir-kac-yasinda-yasi-meslegi-ve-hayati\/","title":{"rendered":"Survivor 2025 G\u00f6ksu K\u00fc\u00e7\u00fckali kimdir ka\u00e7 ya\u015f\u0131nda? Ya\u015f\u0131, mesle\u011fi ve hayat\u0131"},"content":{"rendered":"<p>Survivor 2025 G\u00f6ksu K\u00fc\u00e7\u00fckali\u00a0 kimdir aramalar\u0131 ba\u015flad\u0131. Survivor 2025 kadrosunda bulunan G\u00f6ksu K\u00fc\u00e7\u00fckali herkesin ilgi oda\u011f\u0131 olmaya devam ediyor. Yar\u0131\u015fmaya dahil olan isimler aras\u0131nda bulunan G\u00f6ksu K\u00fc\u00e7\u00fckali hayat\u0131 mesle\u011fi ve ya\u015f\u0131 da merak edilen konular aras\u0131nda bulunuyor. Survivor 2025&#8217;te m\u00fccadele edecek olan G\u00f6ksu K\u00fc\u00e7\u00fckali herkesin ilgi oda\u011f\u0131nda.<\/p>\n<h3>SURV\u0130VOR 2025 G\u00d6KSU K\u00dc\u00c7\u00dcKAL\u0130 K\u0130MD\u0130R?<\/h3>\n<p>Survivor 2025 t\u00fcm h\u0131z\u0131yla ba\u015flad\u0131. B\u00fcy\u00fck m\u00fccadele ederek parkurlarda kendini g\u00f6stermeye \u00e7al\u0131\u015fan yar\u0131\u015fmac\u0131lar ada hayat\u0131nda da merak ediliyorlar. Yar\u0131\u015fmalarda var\u0131n\u0131 yo\u011funu ortaya yar\u0131\u015fmac\u0131lar b\u00fcy\u00fck \u00e7abalarla oyunlar\u0131 kazanmaya \u00e7al\u0131\u015f\u0131yor. Survivor 2025 kadrosunda dahil olan isimlerden biri de G\u00f6ksu K\u00fc\u00e7\u00fckali oldu. G\u00fczelli\u011fi ve ada ya\u015fant\u0131l\u0131s\u0131yla ilgi \u00e7eken isimlerden biri olan G\u00f6ksu K\u00fc\u00e7\u00fckali2nin hayat\u0131 ve ya\u015f\u0131 da merak edilen bilgiler aras\u0131na girdi. Herkesin be\u011fendi\u011fi ve merak etti\u011fi G\u00f6ksu K\u00fc\u00e7\u00fckali G\u00f6n\u00fcll\u00fcler tak\u0131m\u0131nda yer al\u0131yor. G\u00fc\u00e7l\u00fc fizi\u011fi ve m\u00fccadelesiyle ilgi \u00e7eken G\u00f6ksu K\u00fc\u00e7\u00fckali ka\u00e7 ya\u015f\u0131nsa \u00e7ok merak edilen konulardan biri.<\/p>\n<p><img loading=\"lazy\" decoding=\"async\" class=\"alignnone size-full wp-image-122238\" src=\"https:\/\/www.tgrthaber.com\/mavikadin\/wp-content\/uploads\/Ekran-goruntusu-2025-01-16-114115.png\" alt=\"\" width=\"611\" height=\"527\" title=\"\" srcset=\"https:\/\/www.tgrthaber.com\/mavikadin\/wp-content\/uploads\/Ekran-goruntusu-2025-01-16-114115.png 611w, https:\/\/www.tgrthaber.com\/mavikadin\/wp-content\/uploads\/Ekran-goruntusu-2025-01-16-114115-300x259.png 300w\" sizes=\"(max-width: 611px) 100vw, 611px\" \/><\/p>\n<hr \/>\n<p>G\u00f6ksu K\u00fc\u00e7\u00fckali G\u00f6n\u00fcll\u00fcler tak\u0131m\u0131nda \u00fcst\u00fcn performans g\u00f6steren yar\u0131\u015fmac\u0131lardan biri. Parkurlardaki h\u0131zl\u0131 ve \u00e7evik hareketleriyle ad\u0131ndan s\u00f6z ettiren G\u00f6ksu K\u00fc\u00e7\u00fckali dokunulmazl\u0131k oyunlar\u0131nda da ayn\u0131 \u015fekilde m\u00fccadele etti. G\u00f6n\u00fcll\u00fcler tak\u0131m\u0131n\u0131n ihtiyac\u0131 olan her say\u0131y\u0131 alan G\u00f6ksu K\u00fc\u00e7\u00fckali rakiplerini de geride b\u0131rak\u0131yor.<\/p>\n<p><img loading=\"lazy\" decoding=\"async\" class=\"alignnone size-full wp-image-122239\" src=\"https:\/\/www.tgrthaber.com\/mavikadin\/wp-content\/uploads\/Ekran-goruntusu-2025-01-16-114101.png\" alt=\"\" width=\"602\" height=\"559\" title=\"\" srcset=\"https:\/\/www.tgrthaber.com\/mavikadin\/wp-content\/uploads\/Ekran-goruntusu-2025-01-16-114101.png 602w, https:\/\/www.tgrthaber.com\/mavikadin\/wp-content\/uploads\/Ekran-goruntusu-2025-01-16-114101-300x279.png 300w\" sizes=\"(max-width: 602px) 100vw, 602px\" \/><\/p>\n<hr \/>\n<p>Sporcu kimli\u011fi ile \u00f6ne \u00e7\u0131kan G\u00f6ksu K\u00fc\u00e7\u00fckali 1998 do\u011fumlu. \u00d6zye\u011fin \u00dcniversitesi End\u00fcstri M\u00fchendisli\u011fi B\u00f6l\u00fcm\u00fc&#8217;nden mezun olan Survivor G\u00f6ksu sporla \u00e7ocukluk y\u0131llar\u0131nda tan\u0131\u015fm\u0131\u015f. Plaj voleyboluna olan ilgisi Survivor G\u00f6ksu&#8217;yu profesyonel bir sporcu olan yolunda destekleyen bir yetenek olmu\u015f. Survivor&#8217;daki ba\u015far\u0131s\u0131n\u0131 da spordaki ge\u00e7mi\u015fine ve disiplinli \u00e7al\u0131\u015fmas\u0131na ba\u011fl\u0131yor. Hem zek\u00e2 hem de fiziksel olarak g\u00fc\u00e7l\u00fc olmas\u0131 sebebiyle yar\u0131\u015fmadaki en g\u00fc\u00e7l\u00fc isimlerden biri olarak g\u00f6r\u00fcl\u00fcyor.<\/p>\n<p><img loading=\"lazy\" decoding=\"async\" class=\"alignnone size-full wp-image-122240\" src=\"https:\/\/www.tgrthaber.com\/mavikadin\/wp-content\/uploads\/Ekran-goruntusu-2025-01-16-114049.png\" alt=\"\" width=\"731\" height=\"436\" title=\"\" srcset=\"https:\/\/www.tgrthaber.com\/mavikadin\/wp-content\/uploads\/Ekran-goruntusu-2025-01-16-114049.png 731w, https:\/\/www.tgrthaber.com\/mavikadin\/wp-content\/uploads\/Ekran-goruntusu-2025-01-16-114049-300x179.png 300w\" sizes=\"(max-width: 731px) 100vw, 731px\" \/><\/p>\n<hr \/>\n<p>\u0130stanbul&#8217;da d\u00fcnyaya gelen Survivor G\u00f6ksu \u0130stanbul\u2019da b\u00fcy\u00fcm\u00fc\u015f ve hayat\u0131n\u0131n b\u00fcy\u00fck k\u0131sm\u0131n\u0131 da \u0130stanbul\u2019da ge\u00e7irmi\u015f. 26 ya\u015f\u0131nda olan gen\u00e7 sporcu Survivor 2025 kadrosunda dahil olan isimlerden biri. Gen\u00e7 yar\u0131\u015fmac\u0131 hem \u00f6zel ya\u015fant\u0131s\u0131nda \u00e7ok aktif biriyken ayn\u0131 \u015fekilde Survivor adas\u0131nda da ba\u015far\u0131l\u0131 ve oyunlarda \u00fcst\u00fcn performans g\u00f6steren isimlerden biri.<\/p>\n<p><img loading=\"lazy\" decoding=\"async\" class=\"alignnone size-full wp-image-122241\" src=\"https:\/\/www.tgrthaber.com\/mavikadin\/wp-content\/uploads\/Ekran-goruntusu-2025-01-16-114043.png\" alt=\"\" width=\"731\" height=\"487\" title=\"\" srcset=\"https:\/\/www.tgrthaber.com\/mavikadin\/wp-content\/uploads\/Ekran-goruntusu-2025-01-16-114043.png 731w, https:\/\/www.tgrthaber.com\/mavikadin\/wp-content\/uploads\/Ekran-goruntusu-2025-01-16-114043-300x200.png 300w\" sizes=\"(max-width: 731px) 100vw, 731px\" \/><\/p>\n<hr \/>\n<p>\u00d6zel ya\u015fant\u0131s\u0131na dair \u00e7ok fazla bilgi payla\u015fmayan G\u00f6ksu&#8217;nun bir ili\u015fkisi yok gibi g\u00f6r\u00fcn\u00fcyor. Daha \u00e7ok sporla ilgilenerek g\u00fcn\u00fcn\u00fc ge\u00e7iren Survivor G\u00f6ksu bu sezon di\u011fer yar\u0131\u015fmac\u0131lar gibi Dominik&#8217;te m\u00fccadele ederek yar\u0131\u015fmay\u0131 kazanmaya \u00e7al\u0131\u015facak. Survivor&#8217;da yar\u0131\u015fan isimler aras\u0131nda sosyal medyada en \u00e7ok sevilen ve en \u00e7ok ad\u0131 ge\u00e7en ki\u015filerden biri Survivor G\u00f6ksu. \u0130zleyici de onu \u00e7ok sevdi ve oyunlarda da \u00e7ok iyi ba\u015far\u0131s\u0131 var. Bu sezon boyunca sakatlanmadan devam edebilirse Survivor G\u00f6ksu on d\u00f6rde kalacak isimlerden biri olarak g\u00f6r\u00fcl\u00fcyor.<\/p>\n","protected":false},"excerpt":{"rendered":"<p>Survivor 2025 kadrosunda bulunan G\u00f6ksu K\u00fc\u00e7\u00fckali kimdir en \u00e7ok merak edilen konulardan biri. Bu sezona damga vuran isimlerden biri olan Survivor G\u00f6ksu&#8217;nun hayat\u0131na dair t\u00fcm detaylar\u0131 sizler i\u00e7in derledik. <\/p>\n","protected":false},"author":25,"featured_media":122242,"comment_status":"closed","ping_status":"closed","sticky":false,"template":"","format":"standard","meta":{"rank_math_lock_modified_date":false,"footnotes":""},"categories":[491],"tags":[8279,8280,2728,8278],"class_list":["post-122208","post","type-post","status-publish","format-standard","has-post-thumbnail","hentry","category-biyografi","tag-goksu-kucukali","tag-goksu-kucukali-kim","tag-survivor-2025","tag-survivor-goksu"],"_links":{"self":[{"href":"https:\/\/www.tgrthaber.com\/mavikadin\/wp-json\/wp\/v2\/posts\/122208"}],"collection":[{"href":"https:\/\/www.tgrthaber.com\/mavikadin\/wp-json\/wp\/v2\/posts"}],"about":[{"href":"https:\/\/www.tgrthaber.com\/mavikadin\/wp-json\/wp\/v2\/types\/post"}],"author":[{"embeddable":true,"href":"https:\/\/www.tgrthaber.com\/mavikadin\/wp-json\/wp\/v2\/users\/25"}],"replies":[{"embeddable":true,"href":"https:\/\/www.tgrthaber.com\/mavikadin\/wp-json\/wp\/v2\/comments?post=122208"}],"version-history":[{"count":5,"href":"https:\/\/www.tgrthaber.com\/mavikadin\/wp-json\/wp\/v2\/posts\/122208\/revisions"}],"predecessor-version":[{"id":122249,"href":"https:\/\/www.tgrthaber.com\/mavikadin\/wp-json\/wp\/v2\/posts\/122208\/revisions\/122249"}],"wp:featuredmedia":[{"embeddable":true,"href":"https:\/\/www.tgrthaber.com\/mavikadin\/wp-json\/wp\/v2\/media\/122242"}],"wp:attachment":[{"href":"https:\/\/www.tgrthaber.com\/mavikadin\/wp-json\/wp\/v2\/media?parent=122208"}],"wp:term":[{"taxonomy":"category","embeddable":true,"href":"https:\/\/www.tgrthaber.com\/mavikadin\/wp-json\/wp\/v2\/categories?post=122208"},{"taxonomy":"post_tag","embeddable":true,"href":"https:\/\/www.tgrthaber.com\/mavikadin\/wp-json\/wp\/v2\/tags?post=122208"}],"curies":[{"name":"wp","href":"https:\/\/api.w.org\/{rel}","templated":true}]}}