{"id":122250,"date":"2025-01-16T13:26:45","date_gmt":"2025-01-16T10:26:45","guid":{"rendered":"https:\/\/www.tgrthaber.com\/mavikadin\/?p=122250"},"modified":"2025-01-16T13:26:45","modified_gmt":"2025-01-16T10:26:45","slug":"sosyal-medya-fenomeni-ceren-yilmaz-elcin-sangu-hakkinda-olay-iddialarda-bulundu","status":"publish","type":"post","link":"https:\/\/www.tgrthaber.com\/mavikadin\/sosyal-medya-fenomeni-ceren-yilmaz-elcin-sangu-hakkinda-olay-iddialarda-bulundu\/","title":{"rendered":"Sosyal medya fenomeni Ceren Y\u0131lmaz El\u00e7in Sangu hakk\u0131nda olay iddialarda bulundu"},"content":{"rendered":"<p>Sekt\u00f6rdeki tekelle\u015fme krizi g\u00fcnden g\u00fcne b\u00fcy\u00fcrken sosyal medya fenomenlerinden Ceren Y\u0131lmaz El\u00e7in Sangu ve e\u015fi Yunus \u00d6zdiken&#8217;in kendisini kand\u0131rd\u0131\u011f\u0131n\u0131 iddia etti. Bir proje i\u00e7in beraber \u00e7al\u0131\u015ft\u0131\u011f\u0131n\u0131 a\u00e7\u0131klayan Ceren Y\u0131lmaz sosyal medya fenomeni olarak seyahat g\u00f6r\u00fcnt\u00fclerini yok ettiklerini s\u00f6yledi. Olay iddialarda El\u00e7in Sangu ve e\u015fi Yunus \u00d6zdiken \u00e7iftini hedef alan Ceren Y\u0131lmaz&#8217;\u0131n videosunu son zamanlarda El\u00e7in Sangu ile tart\u0131\u015fma ya\u015fayan Birsen Altunta\u015f payla\u015ft\u0131.<\/p>\n<h3>CEREN YILMAZ EL\u00c7\u0130N SANGU HAKKINDA OLAY \u0130DD\u0130ALARDA BULUNDU<\/h3>\n<p>Ceren Y\u0131lmaz sekt\u00f6rdeki tekelle\u015fme iddialar\u0131 devam ederken yeni yeni isimler de tart\u0131\u015fmaya dahil olmaya devam ediyor. Bu hususta yeni bir isim daha bu olaylar\u0131n i\u00e7inde kendi iddialar\u0131n\u0131 sosyal medyada sundu. Video i\u00e7erik \u00fcreticisi oldu\u011funu s\u00f6yleyen Ceren Y\u0131lmaz seyahat i\u00e7erikleri \u00fcretmek i\u00e7in bir projeyle El\u00e7in Sangu ve e\u015fi Yunus \u00d6zdiken ile anla\u015ft\u0131\u011f\u0131n\u0131 ancak hi\u00e7bir \u00fccret vermediklerini ve videolar\u0131n\u0131 da sildiklerini s\u00f6yledi.<\/p>\n<div style=\"width: 640px;\" class=\"wp-video\"><!--[if lt IE 9]><script>document.createElement('video');<\/script><![endif]-->\n<video class=\"wp-video-shortcode\" id=\"video-122250-1\" width=\"640\" height=\"358\" preload=\"metadata\" controls=\"controls\"><source type=\"video\/mp4\" src=\"https:\/\/www.tgrthaber.com\/mavikadin\/wp-content\/uploads\/ElcinSangu-ve-YunusOzdiken-cifti-hakkinda-Video-Icerigi-Ureticisi-CerenYilmazin-anlattiklarini-buraya-birakiyorum.-Cerenin-aciklamalari-devam-edecekmis.-Beklemede-kalalim.mp4?_=1\" \/><a href=\"https:\/\/www.tgrthaber.com\/mavikadin\/wp-content\/uploads\/ElcinSangu-ve-YunusOzdiken-cifti-hakkinda-Video-Icerigi-Ureticisi-CerenYilmazin-anlattiklarini-buraya-birakiyorum.-Cerenin-aciklamalari-devam-edecekmis.-Beklemede-kalalim.mp4\">https:\/\/www.tgrthaber.com\/mavikadin\/wp-content\/uploads\/ElcinSangu-ve-YunusOzdiken-cifti-hakkinda-Video-Icerigi-Ureticisi-CerenYilmazin-anlattiklarini-buraya-birakiyorum.-Cerenin-aciklamalari-devam-edecekmis.-Beklemede-kalalim.mp4<\/a><\/video><\/div>\n<hr \/>\n<p>Herkesin ilgisini \u00e7eken bu olay iddialar sonras\u0131 ise kimseden bir a\u00e7\u0131klama gelmedi. Ancak son zamanlarda tart\u0131\u015fma ya\u015fad\u0131\u011f\u0131 Birsen Altunta\u015f El\u00e7in Sangu&#8217;yu etiketleyerek bu videoyu sosyal medyas\u0131nda payla\u015ft\u0131. Videoda Ceren Y\u0131lmaz maddiyat\u0131 konu\u015fmak istedi\u011finde ise &#8216;daha sonra konu\u015furuz&#8217; cevab\u0131n\u0131 ald\u0131\u011f\u0131n\u0131 s\u00f6yledi. G\u00f6r\u00fcnt\u00fclerini kaybetti\u011fini s\u00f6yleyen Ceren Y\u0131lmaz 2022 Avrupa turnesini ve G\u00fcney Do\u011fu gezilerinde \u00e7ekti\u011fi t\u00fcm videolar\u0131 kaybettiklerini s\u00f6yledi. Ayn\u0131 zamanda b\u00fcnyesinde \u00e7al\u0131\u015fan insanlar\u0131n da sigortas\u0131n\u0131n olmad\u0131\u011f\u0131n\u0131 iddia etti.<\/p>\n<p><img loading=\"lazy\" decoding=\"async\" class=\"alignnone size-full wp-image-122288\" src=\"https:\/\/www.tgrthaber.com\/mavikadin\/wp-content\/uploads\/Ekran-goruntusu-2025-01-16-132130.png\" alt=\"\" width=\"641\" height=\"549\" title=\"\" srcset=\"https:\/\/www.tgrthaber.com\/mavikadin\/wp-content\/uploads\/Ekran-goruntusu-2025-01-16-132130.png 641w, https:\/\/www.tgrthaber.com\/mavikadin\/wp-content\/uploads\/Ekran-goruntusu-2025-01-16-132130-300x257.png 300w\" sizes=\"(max-width: 641px) 100vw, 641px\" \/><\/p>\n<hr \/>\n<p>Medyada tekelle\u015fme iddialar\u0131 devam ederken ve El\u00e7in Sangu da bu konuda tepki g\u00f6stermi\u015fti. Ceren Y\u0131lmaz El\u00e7in Sangu&#8217;nun payla\u015f\u0131mlar\u0131n\u0131 yaparken ayn\u0131s\u0131n\u0131 kendisinin de yapt\u0131\u011f\u0131n\u0131 a\u00e7\u0131klad\u0131. Sosyal medyada fenomen olan bir\u00e7ok alandan isimlerle \u00e7al\u0131\u015ft\u0131klar\u0131n\u0131 ve seyahat alan\u0131nda da kendisiyle \u00e7al\u0131\u015fma istediklerini s\u00f6yleyen Ceren Y\u0131lmaz g\u00f6r\u00fcnt\u00fcleri ald\u0131ktan sonra \u00f6deme yapmad\u0131lar ve projeden \u00e7\u0131kmak istedi\u011fimde g\u00f6r\u00fcnt\u00fclerimi sildiler iddias\u0131nda bulundu.<\/p>\n<p><img loading=\"lazy\" decoding=\"async\" class=\"alignnone size-full wp-image-122289\" src=\"https:\/\/www.tgrthaber.com\/mavikadin\/wp-content\/uploads\/Ekran-goruntusu-2025-01-16-132124.png\" alt=\"\" width=\"635\" height=\"502\" title=\"\" srcset=\"https:\/\/www.tgrthaber.com\/mavikadin\/wp-content\/uploads\/Ekran-goruntusu-2025-01-16-132124.png 635w, https:\/\/www.tgrthaber.com\/mavikadin\/wp-content\/uploads\/Ekran-goruntusu-2025-01-16-132124-300x237.png 300w\" sizes=\"(max-width: 635px) 100vw, 635px\" \/><\/p>\n<hr \/>\n<p>Ceren Y\u0131lmaz a\u00e7\u0131klamas\u0131nda; Son g\u00fcnlerde sosyal medyada yank\u0131lanan acaba medyada bir tekelle\u015fme mi var? Ya da yap\u0131mc\u0131lar oyuncular\u0131n hakk\u0131n\u0131 m\u0131 yiyor? Sadece istedikleri oyuncu y\u00fczeye \u00e7\u0131kar\u0131p istedikleri oyuncuyu indiriyorlar m\u0131 ve bunlar\u0131n ba\u015f\u0131nda bunlara tepki g\u00f6steren El\u00e7in Sangu, bug\u00fcn bizim konumuz olacak. Kendisinin e\u015fi ya da sevgilisi Yunus \u00a0\u00d6zdiken&#8217;in a\u00e7m\u0131\u015f oldu\u011fu k\u00fclt\u00fcr ajans ve b\u00fcnyesinde \u00e7al\u0131\u015ft\u0131rm\u0131\u015f oldu\u011fu bir \u00e7ok insan\u0131n nas\u0131l eme\u011fini yedi\u011fini ya da b\u00fcy\u00fck bal\u0131k, k\u00fc\u00e7\u00fck bal\u0131\u011f\u0131 yer \u015feklinde hiyerar\u015fik \u00a0sistemle onlar nas\u0131l ayn\u0131 \u015fekilde yap\u0131mc\u0131lar taraf\u0131ndan g\u00fc\u00e7 sava\u015f\u0131na kurban gidiyorlarsa ayn\u0131 \u015fekilde kendi ya\u015fad\u0131klar\u0131n\u0131 kendilerinden bir alt s\u0131n\u0131f olarak g\u00f6rd\u00fckleri influencerlar i\u00e7in yap\u0131yorlar. Yunus \u00a0\u00d6zdiken El\u00e7in Sangu\u2019nun \u00a0sevgilisi bana bir proje i\u00e7in sosyal medyadan ula\u015ft\u0131. Kendisini tan\u0131mad\u0131\u011f\u0131m i\u00e7in sosyal medyadaki profiline bakt\u0131m ve maalesef \u00e7ok bilindik isimlerle foto\u011fraflar\u0131n\u0131 g\u00f6rd\u00fcm. Bunlar K\u0131van\u00e7 Tatl\u0131tu\u011f, bir kan Sokullu, El\u00e7in Sangu. Bunlar da benim referansta g\u00fcven kazanmama sebep oldu. Bir program kurmu\u015flard\u0131. Bu program\u0131n i\u00e7erisinde g\u00fczellik, sa\u011fl\u0131k, spor gibi bir\u00e7ok farkl\u0131 alan yaratm\u0131\u015flard\u0131 ve her alana da alan\u0131nda ba\u015far\u0131l\u0131 isimleri koymaya \u00e7al\u0131\u015fm\u0131\u015flard\u0131. \u0130\u015fte at\u0131yorum. Makyaj\u0131 Hamiyeti Akp\u0131nar sunuyordu. Ne bileyim Melis Dan\u0131\u015fmandler vard\u0131. Normalde Eda G\u00fcr kaynaklar i\u015f birli\u011fi yapt\u0131klar\u0131n\u0131 fakat seyahat kanallar\u0131nda onun yetersiz oldu\u011funu \u00f6ng\u00f6rerek benimle \u00e7al\u0131\u015fmaya karar verdiklerini fakat \u00e7\u00f6p etti\u011fini, bu y\u00fczden benimle h\u0131zl\u0131ca muhte\u015fem \u00a0bir proje ger\u00e7ekle\u015ftirmek istediklerini s\u00f6ylediler.&#8217; dedi. B\u00fcy\u00fck iddialarda bulunan Ceren Y\u0131lmaz s\u00f6zlerine devam etti.<\/p>\n<p><img loading=\"lazy\" decoding=\"async\" class=\"alignnone size-full wp-image-122290\" src=\"https:\/\/www.tgrthaber.com\/mavikadin\/wp-content\/uploads\/Ekran-goruntusu-2025-01-16-132118.png\" alt=\"\" width=\"647\" height=\"542\" title=\"\" srcset=\"https:\/\/www.tgrthaber.com\/mavikadin\/wp-content\/uploads\/Ekran-goruntusu-2025-01-16-132118.png 647w, https:\/\/www.tgrthaber.com\/mavikadin\/wp-content\/uploads\/Ekran-goruntusu-2025-01-16-132118-300x251.png 300w\" sizes=\"(max-width: 647px) 100vw, 647px\" \/><\/p>\n<hr \/>\n<h3>&#8216;B\u00dcT\u00dcN G\u00d6R\u00dcNT\u00dcLER\u0130M\u0130 S\u0130LD\u0130LER, EMEKLER\u0130M\u0130 HARCADILAR&#8217;<\/h3>\n<p>Ceren Y\u0131lmaz \u00e7ekti\u011fi uzun videoda konu\u015fmas\u0131nda El\u00e7in Sangu ve e\u015fi Yunus \u00d6zdiken&#8217;i hedef alarak iddialar\u0131na devam etti. Bahsedilen d\u00f6nemde G\u00fcneydo\u011fu turuna giden ve elinde videolar olan Ceren Y\u0131lmaz &#8216;b\u00fcy\u00fck bir ihtimal benim G\u00fcneydo\u011fu\u2019dan yeni geldi\u011fimi ve elimde bolca i\u00e7erik oldu\u011funu biliyorlard\u0131. Bu seyahat program\u0131 i\u00e7in kullanabilecekleri g\u00f6r\u00fcnt\u00fcm olup olmad\u0131\u011f\u0131n\u0131 sordular. Haliyle ben de g\u00f6r\u00fcnt\u00fcm var dedim. \u00c7\u00fcnk\u00fc ben bir g\u00fcn sonra T\u00fcrk Hava Kurumu\u2019nun sponsorlu\u011funu \u00e7ekmeye Eski\u015fehir\u2019e gidiyordum. Bir ayl\u0131k yama\u00e7 para\u015f\u00fct\u00fc e\u011fitimine ve onlar\u0131 kurgulayacak vaktim yoktu. Ben de \u015f\u00f6yle d\u00fc\u015f\u00fcnd\u00fcm, ya ne kadar iyi geldi hem onlar\u0131n i\u015fi \u00e7\u00f6z\u00fclecek hem benim videolar\u0131m kurgulanm\u0131\u015f olacak. Normalde biz bir belgesel yap\u0131yorduk ama onlar bize bir projeyle geldi\u011fi i\u00e7in biz de dedik ki acaba g\u00fc\u00e7lerimizi birle\u015ftirirsek daha g\u00fczel bir \u015feyler ortaya \u00e7\u0131kar m\u0131? Bu i\u015fin maddiyat\u0131n\u0131 konu\u015fal\u0131m dedi\u011finde ise kendileri bana hi\u00e7 merak etme can\u0131m \u015fu haftay\u0131 biz bir \u00e7\u0131kartal\u0131m en az\u0131ndan proje y\u00fcr\u00fcs\u00fcn, ondan sonra para konu\u015fulur. En kolay \u015fey dendi\u011fi i\u00e7in ben de yine maalesef niyetimle elimdeki b\u00fct\u00fcn g\u00f6r\u00fcnt\u00fclerimi teslim ettim. Hi\u00e7bir bedel \u00f6denmeden yalan vaatlerle \u00e7al\u0131nm\u0131\u015f olup daha sonras\u0131nda ise bu durumu anlad\u0131\u011f\u0131mda projeden \u00e7\u0131kmak istedim. Benim g\u00f6r\u00fcnt\u00fclerim yok edildi. Hem Avrupa turnem 2022 senesi, \u0130talya, ispanya, Bel\u00e7ika, Almanya, Hollanda b\u00fct\u00fcn ilk Avrupa turnemin bulunmu\u015f oldu\u011fu g\u00f6r\u00fcnt\u00fcler ve G\u00fcneydo\u011fu turumun tamam\u0131 bu insanlar\u0131n bencillikleri g\u00fc\u00e7 sevdalar\u0131 taraf\u0131ndan b\u00fct\u00fcn emeklerim hi\u00e7 edilmi\u015ftir ve b\u00fct\u00fcn datalar silinmi\u015ftir.&#8217; dedi. Sosyal medyada olay olan bu iddialar sonras\u0131 ise g\u00f6zler El\u00e7in Sangu ve e\u015fi Yunus \u00d6zdiken&#8217;e \u00e7evrildi. Ancak iki yerden de hen\u00fcz bir a\u00e7\u0131klama yap\u0131lmad\u0131.<\/p>\n<p><img loading=\"lazy\" decoding=\"async\" class=\"alignnone size-full wp-image-122291\" src=\"https:\/\/www.tgrthaber.com\/mavikadin\/wp-content\/uploads\/Ekran-goruntusu-2025-01-16-132057.png\" alt=\"\" width=\"642\" height=\"558\" title=\"\" srcset=\"https:\/\/www.tgrthaber.com\/mavikadin\/wp-content\/uploads\/Ekran-goruntusu-2025-01-16-132057.png 642w, https:\/\/www.tgrthaber.com\/mavikadin\/wp-content\/uploads\/Ekran-goruntusu-2025-01-16-132057-300x261.png 300w\" sizes=\"(max-width: 642px) 100vw, 642px\" \/><\/p>\n<hr \/>\n<p>Ceren Y\u0131lmaz konu\u015fmas\u0131n\u0131n devam\u0131nda ise &#8216;G\u00f6r\u00fcnt\u00fcler kurtar\u0131labilir dememize ra\u011fmen hi\u00e7bir \u015fekilde kale al\u0131nmam\u0131\u015f hatta dalga ge\u00e7er gibi avukatlar\u0131yla birlikte kendi taraf\u0131m\u0131za benim olmayan bir hard disk ile birlikte i\u00e7inde olan 3 &#8211; 4 dakikal\u0131k kendi kurgulad\u0131klar\u0131 g\u00f6r\u00fcnt\u00fcleri al bunlar senin g\u00f6r\u00fcnt\u00fcn diye bana f\u00fctursuzca g\u00f6ndermi\u015flerdir. El\u00e7in Sangu ve Yunus \u00d6zdiken ilk \u00f6nce bize b\u00fcnyenizde \u00e7al\u0131\u015ft\u0131rd\u0131\u011f\u0131n\u0131z insanlara hangi \u015fartlarda \u00e7al\u0131\u015ft\u0131rd\u0131\u011f\u0131n\u0131z\u0131 s\u00f6zle\u015fme yap\u0131p yapmad\u0131\u011f\u0131n\u0131z\u0131 bir a\u00e7\u0131klay\u0131n. O insanlar\u0131n sigortas\u0131 var m\u0131? Mesela ofisinizde 4 bu\u00e7uk ay \u00e7al\u0131\u015f\u0131rken benim sigortam yap\u0131ld\u0131 m\u0131? Siz benim g\u00f6r\u00fcnt\u00fclerimi yay\u0131nlarken tam olarak KVKK belgelerini y\u00fck\u00fcml\u00fc olarak hangi haklarla yay\u0131nlad\u0131n\u0131z san\u0131yorsunuz ki sosyal medyadan bir g\u00f6r\u00fcnt\u00fc kald\u0131r\u0131ld\u0131\u011f\u0131nda tamamen yok oluyor. Yanl\u0131\u015f\u0131n\u0131z var. &#8216; dedi.<\/p>\n<p><img loading=\"lazy\" decoding=\"async\" class=\"alignnone size-full wp-image-122292\" src=\"https:\/\/www.tgrthaber.com\/mavikadin\/wp-content\/uploads\/Ekran-goruntusu-2025-01-16-132050.png\" alt=\"\" width=\"598\" height=\"575\" title=\"\" srcset=\"https:\/\/www.tgrthaber.com\/mavikadin\/wp-content\/uploads\/Ekran-goruntusu-2025-01-16-132050.png 598w, https:\/\/www.tgrthaber.com\/mavikadin\/wp-content\/uploads\/Ekran-goruntusu-2025-01-16-132050-300x288.png 300w\" sizes=\"(max-width: 598px) 100vw, 598px\" \/><\/p>\n<p>\u015eimdi herkes sekt\u00f6rdeki tekelle\u015fme iddialar\u0131yla g\u00fcndem olan herkese tepki g\u00f6steren El\u00e7in Sangu&#8217;nun bu olay\u0131n neresinde durdu\u011funu merak ediyor. El\u00e7in Sangu bu projelerde yer ald\u0131 m\u0131 ve paralar\u0131 \u00f6denmeyerek emekler harcand\u0131 m\u0131 sosyal medya kullan\u0131c\u0131lar\u0131 merak ediyor.<\/p>\n","protected":false},"excerpt":{"rendered":"<p>El\u00e7in sangu sekt\u00f6rdeki tekelle\u015fme iddialar\u0131 hakk\u0131nda tart\u0131\u015fmalara girmi\u015f ve payla\u015f\u0131mlar\u0131yla g\u00fcndem olmu\u015ftu. G\u00fcndem \u00e7\u0131kartacak bir videoda sosyal medya fenomeni Ceren Y\u0131ld\u0131r\u0131m&#8217;dan geldi. Videosunda El\u00e7in Sangu ve Yunus \u00d6zdiken&#8217;in proje bahanesiyle emeklerini harcad\u0131\u011f\u0131n\u0131 anlatan Ceren Y\u0131lmaz sosyal medyay\u0131 sallad\u0131. <\/p>\n","protected":false},"author":25,"featured_media":122293,"comment_status":"closed","ping_status":"closed","sticky":false,"template":"","format":"standard","meta":{"rank_math_lock_modified_date":false,"footnotes":""},"categories":[76],"tags":[8285,2333,8286],"class_list":["post-122250","post","type-post","status-publish","format-standard","has-post-thumbnail","hentry","category-magazin","tag-ceren-yilmaz","tag-elcin-sangu","tag-yunus-ozdiken"],"_links":{"self":[{"href":"https:\/\/www.tgrthaber.com\/mavikadin\/wp-json\/wp\/v2\/posts\/122250"}],"collection":[{"href":"https:\/\/www.tgrthaber.com\/mavikadin\/wp-json\/wp\/v2\/posts"}],"about":[{"href":"https:\/\/www.tgrthaber.com\/mavikadin\/wp-json\/wp\/v2\/types\/post"}],"author":[{"embeddable":true,"href":"https:\/\/www.tgrthaber.com\/mavikadin\/wp-json\/wp\/v2\/users\/25"}],"replies":[{"embeddable":true,"href":"https:\/\/www.tgrthaber.com\/mavikadin\/wp-json\/wp\/v2\/comments?post=122250"}],"version-history":[{"count":1,"href":"https:\/\/www.tgrthaber.com\/mavikadin\/wp-json\/wp\/v2\/posts\/122250\/revisions"}],"predecessor-version":[{"id":122294,"href":"https:\/\/www.tgrthaber.com\/mavikadin\/wp-json\/wp\/v2\/posts\/122250\/revisions\/122294"}],"wp:featuredmedia":[{"embeddable":true,"href":"https:\/\/www.tgrthaber.com\/mavikadin\/wp-json\/wp\/v2\/media\/122293"}],"wp:attachment":[{"href":"https:\/\/www.tgrthaber.com\/mavikadin\/wp-json\/wp\/v2\/media?parent=122250"}],"wp:term":[{"taxonomy":"category","embeddable":true,"href":"https:\/\/www.tgrthaber.com\/mavikadin\/wp-json\/wp\/v2\/categories?post=122250"},{"taxonomy":"post_tag","embeddable":true,"href":"https:\/\/www.tgrthaber.com\/mavikadin\/wp-json\/wp\/v2\/tags?post=122250"}],"curies":[{"name":"wp","href":"https:\/\/api.w.org\/{rel}","templated":true}]}}