{"id":122259,"date":"2025-01-16T12:55:07","date_gmt":"2025-01-16T09:55:07","guid":{"rendered":"https:\/\/www.tgrthaber.com\/mavikadin\/?p=122259"},"modified":"2025-01-16T12:55:08","modified_gmt":"2025-01-16T09:55:08","slug":"annem-ankara-dizisinin-sukrani-dilek-celebi-tunc-kimdir-hayati-merak-edildi","status":"publish","type":"post","link":"https:\/\/www.tgrthaber.com\/mavikadin\/annem-ankara-dizisinin-sukrani-dilek-celebi-tunc-kimdir-hayati-merak-edildi\/","title":{"rendered":"Annem Ankara dizisinin \u015e\u00fckran&#8217;\u0131 Dilek \u00c7elebi Tun\u00e7 kimdir? Hayat\u0131 merak edildi"},"content":{"rendered":"<p>Annem Ankara \u015e\u00fckran&#8217;\u0131 Dilek \u00c7elebi Tun\u00e7 kimdir? merak konusu oldu. Dizide \u015e\u00fckran karakterini oynayacak \u00fcnl\u00fc oyuncunun kariyeri d\u0131\u015f\u0131nda \u00f6zel hayat\u0131 da ara\u015ft\u0131r\u0131l\u0131yor.<\/p>\n<h3>ANNEM ANKARA \u015e\u00dcKRAN&#8217;I D\u0130LEK \u00c7ELEB\u0130 TUN\u00c7 K\u0130MD\u0130R?<\/h3>\n<p>Annem Ankara&#8217;n\u0131n oyuncu kadrosuna tiyatro oyuncusu Dilek \u00c7elebi Tun\u00e7&#8217;da dahil oldu.<\/p>\n<p>Ankara\u2019da 1 May\u0131s 1980 tarihinde d\u00fcnyaya gelen Dilek \u00c7elebi, Ankara \u00dcniversitesi Dil ve Tarih-Co\u011frafya Fak\u00fcltesi Tiyatro B\u00f6l\u00fcm\u00fc Oyunculuk Ana Sanat Dal\u0131 mezunudur.<\/p>\n<p>\u00d6zel kolejlerde ve kres\u0327lerde drama \u00f6\u011fretmenli\u011fi yapan \u00c7elebi, 2001 y\u0131l\u0131nda \u00dcniversite arkada\u015flar\u0131ndan; Yig\u0306it Ar\u0131, Ayhan Tas\u0327, Burak Sat\u0131bol, \u00d6zlem T\u00fcray, Ay\u00e7a Is\u0327\u0131ldar Ak ile birlikte T\u00fcrkiyenin ilk do\u011fa\u00e7lama tiyatro grubu Mah\u015fer-i C\u00fcmb\u00fc\u015f\u2019\u00fc kurdu.<\/p>\n<p><img loading=\"lazy\" decoding=\"async\" class=\"alignnone wp-image-122264\" src=\"https:\/\/www.tgrthaber.com\/mavikadin\/wp-content\/uploads\/Dilek-Celebi-Tunc-1.jpg\" alt=\"\" width=\"1208\" height=\"680\" title=\"\" srcset=\"https:\/\/www.tgrthaber.com\/mavikadin\/wp-content\/uploads\/Dilek-Celebi-Tunc-1.jpg 1920w, https:\/\/www.tgrthaber.com\/mavikadin\/wp-content\/uploads\/Dilek-Celebi-Tunc-1-300x169.jpg 300w, https:\/\/www.tgrthaber.com\/mavikadin\/wp-content\/uploads\/Dilek-Celebi-Tunc-1-1024x576.jpg 1024w, https:\/\/www.tgrthaber.com\/mavikadin\/wp-content\/uploads\/Dilek-Celebi-Tunc-1-768x432.jpg 768w, https:\/\/www.tgrthaber.com\/mavikadin\/wp-content\/uploads\/Dilek-Celebi-Tunc-1-1536x864.jpg 1536w\" sizes=\"(max-width: 1208px) 100vw, 1208px\" \/><\/p>\n<hr \/>\n<p>1993-1999 y\u0131llar\u0131 aras\u0131nda ilk dizi deneyimini Ferhunde Han\u0131mlar ile ger\u00e7ekle\u015ftirdi.<\/p>\n<p>Dilek \u00c7elebi daha sonra Oyunbozan, Kadim Dostum, Bug\u00fcn\u00fcn Sarayl\u0131s\u0131, Bebek \u0130\u015fi, 6 Mant\u0131, Ba\u015frolde A\u015fk, Art\u0131 18, 24 Saat, No: 309, Dar\u0131s\u0131 Ba\u015f\u0131m\u0131za, Dengi Dengine ve Tutunamayanlar gibi yap\u0131mlarda rol ald\u0131.<\/p>\n<p>2003-2005 y\u0131llar\u0131 aras\u0131nda Pro Medya Seslendirme St\u00fcdyosu&#8217;nda seslendirme sanat\u00e7\u0131l\u0131\u011f\u0131 yapan Dilek \u00c7elebi, h\u00e2l\u00e2 Mah\u015fer-i C\u00fcmb\u00fc\u015f grubu ile birlikte oyunlar\u0131n\u0131 sergiliyor.<\/p>\n<p><strong>Dilek \u00c7elebi\u2019nin rol ald\u0131\u011f\u0131 diziler ve filmler:<\/strong><\/p>\n<p>2020 &#8211; Tutunamayanlar (Nurdag\u00fcl) (TV Dizisi)<\/p>\n<p>2019 &#8211; Dengi Dengine (Sevcan) (Mini Dizi)<\/p>\n<p>2018 &#8211; Dar\u0131s\u0131 Bas\u0327\u0131m\u0131za (Resmiye) (TV Dizisi)<\/p>\n<p>2018 &#8211; Sana I\u0307nanm\u0131yorum Ama Yer\u00e7ekimi Var (Ayla)(K\u0131sa Film)<\/p>\n<p>2017 &#8211; No: 309 (H\u00fclya) (TV Dizisi)<\/p>\n<p><img loading=\"lazy\" decoding=\"async\" class=\"alignnone wp-image-122265\" src=\"https:\/\/www.tgrthaber.com\/mavikadin\/wp-content\/uploads\/Dilek-Celebi-Tunc-4.jpg\" alt=\"\" width=\"1208\" height=\"680\" title=\"\" srcset=\"https:\/\/www.tgrthaber.com\/mavikadin\/wp-content\/uploads\/Dilek-Celebi-Tunc-4.jpg 1920w, https:\/\/www.tgrthaber.com\/mavikadin\/wp-content\/uploads\/Dilek-Celebi-Tunc-4-300x169.jpg 300w, https:\/\/www.tgrthaber.com\/mavikadin\/wp-content\/uploads\/Dilek-Celebi-Tunc-4-1024x576.jpg 1024w, https:\/\/www.tgrthaber.com\/mavikadin\/wp-content\/uploads\/Dilek-Celebi-Tunc-4-768x432.jpg 768w, https:\/\/www.tgrthaber.com\/mavikadin\/wp-content\/uploads\/Dilek-Celebi-Tunc-4-1536x864.jpg 1536w\" sizes=\"(max-width: 1208px) 100vw, 1208px\" \/><\/p>\n<hr \/>\n<p>2017 &#8211; Vezir Parmag\u0306\u0131 (Zerafet)(Sinema Filmi)<\/p>\n<p>2016 &#8211; Oyunbozan (Zehra) (TV Dizisi)<\/p>\n<p>2014 &#8211; Kadim Dostum (Aysel Dostum) (TV Dizisi)<\/p>\n<p>2013 &#8211; Halam Geldi (Meziyet (Muhtar\u0131n Kar\u0131s\u0131)) (Sinema Filmi)<\/p>\n<p>2013 &#8211; 2014 &#8211; Bug\u00fcn\u00fcn Sarayl\u0131s\u0131 (Elmas) (TV Dizisi)<\/p>\n<p>2013 &#8211; Bebek I\u0307s\u0327i (D\u00f6ne) (TV Dizisi)<\/p>\n<p>2012 &#8211; 6 Mant\u0131 (Fatos\u0327) (TV Dizisi)<\/p>\n<p>2011 &#8211; Bas\u0327rolde As\u0327k (TV Dizisi)<\/p>\n<p><img loading=\"lazy\" decoding=\"async\" class=\"alignnone wp-image-122266\" src=\"https:\/\/www.tgrthaber.com\/mavikadin\/wp-content\/uploads\/Dilek-Celebi-Tunc-5.jpg\" alt=\"\" width=\"1208\" height=\"680\" title=\"\" srcset=\"https:\/\/www.tgrthaber.com\/mavikadin\/wp-content\/uploads\/Dilek-Celebi-Tunc-5.jpg 1920w, https:\/\/www.tgrthaber.com\/mavikadin\/wp-content\/uploads\/Dilek-Celebi-Tunc-5-300x169.jpg 300w, https:\/\/www.tgrthaber.com\/mavikadin\/wp-content\/uploads\/Dilek-Celebi-Tunc-5-1024x576.jpg 1024w, https:\/\/www.tgrthaber.com\/mavikadin\/wp-content\/uploads\/Dilek-Celebi-Tunc-5-768x432.jpg 768w, https:\/\/www.tgrthaber.com\/mavikadin\/wp-content\/uploads\/Dilek-Celebi-Tunc-5-1536x864.jpg 1536w\" sizes=\"(max-width: 1208px) 100vw, 1208px\" \/><\/p>\n<hr \/>\n<p>2011 &#8211; Art\u0131 18 (Numune) (TV Dizisi)<\/p>\n<p>2009 &#8211; Yahs\u0327i Bat\u0131 (Betty Lloyd) (Sinema Filmi)<\/p>\n<p>2008 &#8211; An\u0131nda G\u00f6r\u00fcnt\u00fc Show (Dilek) (TV Dizisi)<\/p>\n<p>2004 &#8211; 24 Saat (Sultan) (TV Dizisi)<\/p>\n<p>1993 &#8211; Ferhunde Han\u0131mlar (TV Dizisi)<\/p>\n<p><img loading=\"lazy\" decoding=\"async\" class=\"alignnone wp-image-122267\" src=\"https:\/\/www.tgrthaber.com\/mavikadin\/wp-content\/uploads\/Dilek-Celebi-Tunc-3.jpg\" alt=\"\" width=\"1208\" height=\"680\" title=\"\" srcset=\"https:\/\/www.tgrthaber.com\/mavikadin\/wp-content\/uploads\/Dilek-Celebi-Tunc-3.jpg 1920w, https:\/\/www.tgrthaber.com\/mavikadin\/wp-content\/uploads\/Dilek-Celebi-Tunc-3-300x169.jpg 300w, https:\/\/www.tgrthaber.com\/mavikadin\/wp-content\/uploads\/Dilek-Celebi-Tunc-3-1024x576.jpg 1024w, https:\/\/www.tgrthaber.com\/mavikadin\/wp-content\/uploads\/Dilek-Celebi-Tunc-3-768x432.jpg 768w, https:\/\/www.tgrthaber.com\/mavikadin\/wp-content\/uploads\/Dilek-Celebi-Tunc-3-1536x864.jpg 1536w\" sizes=\"(max-width: 1208px) 100vw, 1208px\" \/><\/p>\n<hr \/>\n<h3>ANNEM ANKARA KADROSUNA DAH\u0130L OLDU<\/h3>\n<p>Dilek \u00c7elebi uzun bir aradan sonra Annem Ankara kadrosuna dahil oldu. Senarist Ba\u015fak Angig\u00fcn&#8217;\u00fcn annesi Zuhal Angig\u00fcn&#8217;\u00fcn ba\u015f\u0131ndan ge\u00e7en olaylar\u0131n i\u015flendi\u011fi dizide kadroya g\u00fc\u00e7l\u00fc oyunculu\u011fu ile bilinen Dilek \u00c7elebi Tun\u00e7 \u015e\u00fckran karakterini oynamak \u00fczere kat\u0131ld\u0131.<\/p>\n","protected":false},"excerpt":{"rendered":"<p>Annem Ankara \u015e\u00fckran&#8217;\u0131 Dilek \u00c7elebi Tun\u00e7 kimdir? merak ediliyor. Kanal D ekranlar\u0131n\u0131n sevilen dizisi Annem Ankara kadrosunda yer alan \u00fcnl\u00fc oyuncunun hayat\u0131 ara\u015ft\u0131r\u0131lmaya ba\u015fland\u0131.<\/p>\n","protected":false},"author":5,"featured_media":122260,"comment_status":"closed","ping_status":"closed","sticky":false,"template":"","format":"standard","meta":{"rank_math_lock_modified_date":false,"footnotes":""},"categories":[491],"tags":[2459,8283],"class_list":["post-122259","post","type-post","status-publish","format-standard","has-post-thumbnail","hentry","category-biyografi","tag-annem-ankara","tag-dilek-celebi"],"_links":{"self":[{"href":"https:\/\/www.tgrthaber.com\/mavikadin\/wp-json\/wp\/v2\/posts\/122259"}],"collection":[{"href":"https:\/\/www.tgrthaber.com\/mavikadin\/wp-json\/wp\/v2\/posts"}],"about":[{"href":"https:\/\/www.tgrthaber.com\/mavikadin\/wp-json\/wp\/v2\/types\/post"}],"author":[{"embeddable":true,"href":"https:\/\/www.tgrthaber.com\/mavikadin\/wp-json\/wp\/v2\/users\/5"}],"replies":[{"embeddable":true,"href":"https:\/\/www.tgrthaber.com\/mavikadin\/wp-json\/wp\/v2\/comments?post=122259"}],"version-history":[{"count":2,"href":"https:\/\/www.tgrthaber.com\/mavikadin\/wp-json\/wp\/v2\/posts\/122259\/revisions"}],"predecessor-version":[{"id":122269,"href":"https:\/\/www.tgrthaber.com\/mavikadin\/wp-json\/wp\/v2\/posts\/122259\/revisions\/122269"}],"wp:featuredmedia":[{"embeddable":true,"href":"https:\/\/www.tgrthaber.com\/mavikadin\/wp-json\/wp\/v2\/media\/122260"}],"wp:attachment":[{"href":"https:\/\/www.tgrthaber.com\/mavikadin\/wp-json\/wp\/v2\/media?parent=122259"}],"wp:term":[{"taxonomy":"category","embeddable":true,"href":"https:\/\/www.tgrthaber.com\/mavikadin\/wp-json\/wp\/v2\/categories?post=122259"},{"taxonomy":"post_tag","embeddable":true,"href":"https:\/\/www.tgrthaber.com\/mavikadin\/wp-json\/wp\/v2\/tags?post=122259"}],"curies":[{"name":"wp","href":"https:\/\/api.w.org\/{rel}","templated":true}]}}